{"id":10008,"date":"2025-12-28T10:36:42","date_gmt":"2025-12-28T09:36:42","guid":{"rendered":"https:\/\/esportsmunicipalsalzira.com\/episodi-de-pluges-28-de-desembre-2025-10-30-hlajuntament-dalzira-informa-que-segons-el-centre-de-coordinacio-d\/"},"modified":"2025-12-28T10:36:42","modified_gmt":"2025-12-28T09:36:42","slug":"episodi-de-pluges-28-de-desembre-2025-10-30-hlajuntament-dalzira-informa-que-segons-el-centre-de-coordinacio-d","status":"publish","type":"post","link":"https:\/\/esportsmunicipalsalzira.com\/es\/episodi-de-pluges-28-de-desembre-2025-10-30-hlajuntament-dalzira-informa-que-segons-el-centre-de-coordinacio-d\/","title":{"rendered":"EPISODIO DE LLUVIES- 28 DE DICIEMBRE 2025- 10.30 H El Ayuntamiento de Alzira informa que, seg\u00fan el Centro de Coordinaci\u00f3n de\u2019"},"content":{"rendered":"<p><br \/>\n\ud83d\udea8\ud83d\udce2 EPISODIO DE LLUVIES- 28 DE DICIEMBRE 2025- 10.30 H<\/p>\n<p>El Ayuntamiento de Alzira informa que, seg\u00fan el Centro de Coordinaci\u00f3n de Emergencias, durante el d\u00eda de hoy se ha elevado a nivel NARANJA \ud83d\udfe0 la alerta por lluvias y tormentas en el Litoral Sur de Valencia, zona en la que se incluye nuestro municipio.<\/p>\n<p>Ante esta situaci\u00f3n de riesgo elevado y con car\u00e1cter preventivo, el Ayuntamiento ha reunido a su CECOPAL y ha acordado adoptar las siguientes medidas inmediatas:<\/p>\n<p>\ud83d\udd12 Se procede al cierre de: <\/p>\n<p>\ud83c\udf3f Paraje Natural Municipal de la Murta y la Casilla<br \/>\n\ud83c\udfdf\ufe0f Instalaciones deportivas municipales<br \/>\n\ud83c\udf84 Feria de Navidad<br \/>\n\ud83c\udf33 Parque de la Alquenencia<br \/>\n\u26b0\ufe0f Cementerio municipal<\/p>\n<p>\u26d4 Quedan suspendidas todas las actividades programadas, tanto al aire libre como en espacios cubiertos, incluida la actividad \u201cNavidad Deportiva\u201d en el pabell\u00f3n P\u00e9rez Puig y la visita prevista para esta tarde de los emisarios reales, hasta nueva comunicaci\u00f3n.<\/p>\n<p>\ud83d\udcd1 Permanece activado el Plan de Actuaci\u00f3n Municipal ante Inundaciones (PAMRI), con seguimiento permanente de la evoluci\u00f3n del episodio meteorol\u00f3gico.<\/p>\n<p><a href=\"https:\/\/esportsmunicipalsalzira.com\/wp-content\/uploads\/2025\/12\/606548279_18545890525042219_7622414253825176719_n.webp.jpeg\"><img decoding=\"async\" class=\"wp_automatic_fb_img\" title=\"\" src=\"https:\/\/esportsmunicipalsalzira.com\/wp-content\/uploads\/2025\/12\/606548279_18545890525042219_7622414253825176719_n.webp.jpeg\" \/><\/a><br \/>\n<br \/>\n<br \/><a href=\"https:\/\/www.facebook.com\/100063537194811\/posts\/1488126943315198\">source<\/a>  <\/p>","protected":false},"excerpt":{"rendered":"<p>\ud83d\udea8\ud83d\udce2 EPISODI DE PLUGES- 28 DE DESEMBRE 2025- 10.30 H L\u2019Ajuntament d\u2019Alzira informa que, segons el Centre de Coordinaci\u00f3 d\u2019Emerg\u00e8ncies, durant el dia de hui s\u2019ha elevat a nivell TARONJA \ud83d\udfe0 l\u2019alerta per pluges i tempestes al Litoral Sud de Val\u00e8ncia, zona en la qual s\u2019inclou el nostre municipi. Davant aquesta situaci\u00f3 de risc elevat [&hellip;]<\/p>\n","protected":false},"author":2,"featured_media":10009,"comment_status":"closed","ping_status":"closed","sticky":false,"template":"","format":"standard","meta":{"footnotes":""},"categories":[1],"tags":[],"class_list":["post-10008","post","type-post","status-publish","format-standard","has-post-thumbnail","hentry","category-esports-alzira"],"featured_image_src":{"landsacpe":["https:\/\/esportsmunicipalsalzira.com\/wp-content\/uploads\/2025\/12\/606548279_18545890525042219_7622414253825176719_n.webp-1080x445.jpeg",1080,445,true],"list":["https:\/\/esportsmunicipalsalzira.com\/wp-content\/uploads\/2025\/12\/606548279_18545890525042219_7622414253825176719_n.webp-463x348.jpeg",463,348,true],"medium":["https:\/\/esportsmunicipalsalzira.com\/wp-content\/uploads\/2025\/12\/606548279_18545890525042219_7622414253825176719_n.webp-240x300.jpeg",240,300,true],"full":["https:\/\/esportsmunicipalsalzira.com\/wp-content\/uploads\/2025\/12\/606548279_18545890525042219_7622414253825176719_n.webp.jpeg",1080,1350,false]},"_links":{"self":[{"href":"https:\/\/esportsmunicipalsalzira.com\/es\/wp-json\/wp\/v2\/posts\/10008","targetHints":{"allow":["GET"]}}],"collection":[{"href":"https:\/\/esportsmunicipalsalzira.com\/es\/wp-json\/wp\/v2\/posts"}],"about":[{"href":"https:\/\/esportsmunicipalsalzira.com\/es\/wp-json\/wp\/v2\/types\/post"}],"author":[{"embeddable":true,"href":"https:\/\/esportsmunicipalsalzira.com\/es\/wp-json\/wp\/v2\/users\/2"}],"replies":[{"embeddable":true,"href":"https:\/\/esportsmunicipalsalzira.com\/es\/wp-json\/wp\/v2\/comments?post=10008"}],"version-history":[{"count":0,"href":"https:\/\/esportsmunicipalsalzira.com\/es\/wp-json\/wp\/v2\/posts\/10008\/revisions"}],"wp:featuredmedia":[{"embeddable":true,"href":"https:\/\/esportsmunicipalsalzira.com\/es\/wp-json\/wp\/v2\/media\/10009"}],"wp:attachment":[{"href":"https:\/\/esportsmunicipalsalzira.com\/es\/wp-json\/wp\/v2\/media?parent=10008"}],"wp:term":[{"taxonomy":"category","embeddable":true,"href":"https:\/\/esportsmunicipalsalzira.com\/es\/wp-json\/wp\/v2\/categories?post=10008"},{"taxonomy":"post_tag","embeddable":true,"href":"https:\/\/esportsmunicipalsalzira.com\/es\/wp-json\/wp\/v2\/tags?post=10008"}],"curies":[{"name":"wp","href":"https:\/\/api.w.org\/{rel}","templated":true}]}}