{"id":10095,"date":"2026-01-24T12:17:54","date_gmt":"2026-01-24T11:17:54","guid":{"rendered":"https:\/\/esportsmunicipalsalzira.com\/episodi-de-vent-fort-24-de-gener-2026-12-hlajuntament-dalzira-informa-que-segons-el-centre-de-coordinacio-de\/"},"modified":"2026-01-24T12:17:54","modified_gmt":"2026-01-24T11:17:54","slug":"episodi-de-vent-fort-24-de-gener-2026-12-hlajuntament-dalzira-informa-que-segons-el-centre-de-coordinacio-de","status":"publish","type":"post","link":"https:\/\/esportsmunicipalsalzira.com\/es\/episodi-de-vent-fort-24-de-gener-2026-12-hlajuntament-dalzira-informa-que-segons-el-centre-de-coordinacio-de\/","title":{"rendered":"EPISODIO DE VIENTO FUERTE \u2013 24 DE ENERO 2026- 12 H El Ayuntamiento de Alzira informa que, seg\u00fan el Centro de Coordinaci\u00f3n de E"},"content":{"rendered":"<p><br \/>\n\ud83d\udea8\ud83d\udce2 EPISODIO DE VIENTO FUERTE \u2013 24 DE ENERO 2026- 12 H<\/p>\n<p>El Ayuntamiento de Alzira informa que, seg\u00fan el Centro de Coordinaci\u00f3n de Emergencias, durante el d\u00eda de hoy se ha elevado a nivel AMARILLO \ud83d\udfe1 la alerta por rachas de fuerte viento en la zona en la que se incluye nuestro municipio.<\/p>\n<p>Ante esta situaci\u00f3n de riesgo y con car\u00e1cter preventivo, el Ayuntamiento ha reunido a su CECOPAL y ha acordado adoptar las siguientes medidas inmediatas:<\/p>\n<p>\ud83d\udd12 Se procede al cierre de: <\/p>\n<p>\ud83c\udf3f Paraje Natural Municipal de la Murta y la Casilla desde el bar<br \/>\n\ud83c\udf33 Parque de la Alquenencia<\/p>\n<p>\u274c Se suspenden la celebraci\u00f3n de la gincana y exposiciones organizados por la Mesa por la Convivencia en la plaza de Cartonatges.<\/p>\n<p>\ud83c\udf33\ud83c\udf33 Evite el paso por zonas arboladas por el riesgo de la ca\u00edda de ramas <\/p>\n<p>\ud83c\udfe0\ud83c\udfe2 Revise los sumideros de patios y terrazas y recoja toldos, personas, macetas o cualquier objeto que pueda caer en la v\u00eda p\u00fablica a causa del viento.<\/p>\n<p>\ud83d\udcbb Informaci\u00f3n oficial en: Ayuntamiento de Alzira \u00b7 112 Generalitat Valenciana \u00b7 AEMET.<\/p>\n<p>\ud83d\udcde En caso de emergencia, llame al 1\u00b71\u00b72.<\/p>\n<p>\ud83d\ude4f El Ayuntamiento de Alzira solicita la m\u00e1xima prudencia y la colaboraci\u00f3n ciudadana para garantizar la seguridad colectiva.<\/p>\n<p><a href=\"https:\/\/esportsmunicipalsalzira.com\/wp-content\/uploads\/2026\/01\/620316368_18550807783042219_7453733833721847095_n.webp.jpeg\"><img decoding=\"async\" class=\"wp_automatic_fb_img\" title=\"\" src=\"https:\/\/esportsmunicipalsalzira.com\/wp-content\/uploads\/2026\/01\/620316368_18550807783042219_7453733833721847095_n.webp.jpeg\" \/><\/a><br \/>\n<br \/>\n<br \/><a href=\"https:\/\/www.facebook.com\/100063537194811\/posts\/1511619984299227\">source<\/a>  <\/p>","protected":false},"excerpt":{"rendered":"<p>\ud83d\udea8\ud83d\udce2 EPISODI DE VENT FORT &#8211; 24 DE GENER 2026- 12 H L\u2019Ajuntament d\u2019Alzira informa que, segons el Centre de Coordinaci\u00f3 d\u2019Emerg\u00e8ncies, durant el dia de hui s\u2019ha elevat a nivell GROC \ud83d\udfe1 l\u2019alerta per ratxes de fort vent a la zona en la qual s\u2019inclou el nostre municipi. Davant aquesta situaci\u00f3 de risc i [&hellip;]<\/p>\n","protected":false},"author":2,"featured_media":10096,"comment_status":"closed","ping_status":"closed","sticky":false,"template":"","format":"standard","meta":{"footnotes":""},"categories":[1],"tags":[],"class_list":["post-10095","post","type-post","status-publish","format-standard","has-post-thumbnail","hentry","category-esports-alzira"],"featured_image_src":{"landsacpe":["https:\/\/esportsmunicipalsalzira.com\/wp-content\/uploads\/2026\/01\/620316368_18550807783042219_7453733833721847095_n.webp-1080x445.jpeg",1080,445,true],"list":["https:\/\/esportsmunicipalsalzira.com\/wp-content\/uploads\/2026\/01\/620316368_18550807783042219_7453733833721847095_n.webp-463x348.jpeg",463,348,true],"medium":["https:\/\/esportsmunicipalsalzira.com\/wp-content\/uploads\/2026\/01\/620316368_18550807783042219_7453733833721847095_n.webp-240x300.jpeg",240,300,true],"full":["https:\/\/esportsmunicipalsalzira.com\/wp-content\/uploads\/2026\/01\/620316368_18550807783042219_7453733833721847095_n.webp.jpeg",1080,1350,false]},"_links":{"self":[{"href":"https:\/\/esportsmunicipalsalzira.com\/es\/wp-json\/wp\/v2\/posts\/10095","targetHints":{"allow":["GET"]}}],"collection":[{"href":"https:\/\/esportsmunicipalsalzira.com\/es\/wp-json\/wp\/v2\/posts"}],"about":[{"href":"https:\/\/esportsmunicipalsalzira.com\/es\/wp-json\/wp\/v2\/types\/post"}],"author":[{"embeddable":true,"href":"https:\/\/esportsmunicipalsalzira.com\/es\/wp-json\/wp\/v2\/users\/2"}],"replies":[{"embeddable":true,"href":"https:\/\/esportsmunicipalsalzira.com\/es\/wp-json\/wp\/v2\/comments?post=10095"}],"version-history":[{"count":0,"href":"https:\/\/esportsmunicipalsalzira.com\/es\/wp-json\/wp\/v2\/posts\/10095\/revisions"}],"wp:featuredmedia":[{"embeddable":true,"href":"https:\/\/esportsmunicipalsalzira.com\/es\/wp-json\/wp\/v2\/media\/10096"}],"wp:attachment":[{"href":"https:\/\/esportsmunicipalsalzira.com\/es\/wp-json\/wp\/v2\/media?parent=10095"}],"wp:term":[{"taxonomy":"category","embeddable":true,"href":"https:\/\/esportsmunicipalsalzira.com\/es\/wp-json\/wp\/v2\/categories?post=10095"},{"taxonomy":"post_tag","embeddable":true,"href":"https:\/\/esportsmunicipalsalzira.com\/es\/wp-json\/wp\/v2\/tags?post=10095"}],"curies":[{"name":"wp","href":"https:\/\/api.w.org\/{rel}","templated":true}]}}