{"id":10207,"date":"2026-02-13T13:38:08","date_gmt":"2026-02-13T12:38:08","guid":{"rendered":"https:\/\/esportsmunicipalsalzira.com\/el-centre-de-coordinacio-demergencies-de-la-generalitat-emet-alerta-meteorologica-pel-risc-alt-per-vent-en-consequenci\/"},"modified":"2026-02-13T13:38:08","modified_gmt":"2026-02-13T12:38:08","slug":"el-centre-de-coordinacio-demergencies-de-la-generalitat-emet-alerta-meteorologica-pel-risc-alt-per-vent-en-consequenci","status":"publish","type":"post","link":"https:\/\/esportsmunicipalsalzira.com\/es\/el-centre-de-coordinacio-demergencies-de-la-generalitat-emet-alerta-meteorologica-pel-risc-alt-per-vent-en-consequenci\/","title":{"rendered":"El Centro de Coordinaci\u00f3n de Emergencias de la Generalitat emite alerta meteorol\u00f3gica por el riesgo alto por viento, en consecuencia"},"content":{"rendered":"<p><br \/>\nEl Centro de Coordinaci\u00f3n de Emergencias de la Generalitat emite alerta meteorol\u00f3gica por el riesgo alto por viento, en consecuencia, y siguiendo el protocolo establecido, el Ayuntamiento de Alzira activa el Plan de Actuaci\u00f3n Municipal frente a fuertes vientos, para hacer seguimiento de la situaci\u00f3n y adopta las siguientes medidas:<\/p>\n<p>CIERRE DE<br \/>\nParaje Natural Municipal de la Murta y la Casilla (desde el bar)<br \/>\nParque de la Alquenencia<br \/>\nTodas las instalaciones deportivas municipales al aire libre<br \/>\nCementerio municipal (excepto enterrados)<\/p>\n<p>SUSPENSI\u00d3N<br \/>\nCarnaval en la plaza Mayor<\/p>\n<p>Pedimos m\u00e1xima prudencia y la colaboraci\u00f3n de toda la ciudadan\u00eda para garantizar la seguridad colectiva.<\/p>\n<p>\u26a0\ufe0f CONSEJOS A LA POBLACI\u00d3N<br \/>\nHasta que no se rebaje la alerta, se recomienda a la ciudadan\u00eda seguir las siguientes medidas preventivas y de autoprotecci\u00f3n para reducir el n\u00famero de sucesos en este tipo de situaciones meteorol\u00f3gicas<\/p>\n<p>Qu\u00e9 hacer en la calle o en el campo:<br \/>\n\u2714\ufe0f Al\u00e9jate de casas viejas o en mal estado.<br \/>\n\u2714\ufe0f Evita los muros, las vallas publicitarias y cornisas.<br \/>\n\u2714\ufe0f No transitas por parques, avenidas o zonas arboladas.<br \/>\n\u2714\ufe0f No pasas por debajo de andamios o edificios en construcci\u00f3n.<br \/>\n\u2714\ufe0f Evita desplazamientos innecesarios<br \/>\n\u2714\ufe0f Al\u00e9jate de palos y torres de alta tensi\u00f3n y en caso de ca\u00edda avisa al tel\u00e9fono de emergencias 1\u00b71\u00b72.<\/p>\n<p>\ud83d\udcbb Informaci\u00f3n oficial en: Ayuntamiento de Alzira, redes sociales Facebook e Instagram (consulta las historias) \u00b7 112 Generalitat Valenciana \u00b7 AEMET.<\/p>\n<p>\ud83d\udcde En caso de emergencia, llama al 1\u00b71\u00b72.<\/p>\n<p>\ud83d\ude4fEl Ayuntamiento de Alzira pide m\u00e1xima prudencia y colaboraci\u00f3n ciudadana para garantizar la seguridad colectiva.<\/p>\n<p><a href=\"https:\/\/esportsmunicipalsalzira.com\/wp-content\/uploads\/2026\/02\/632059304_18557488699042219_2021679694065382527_n.jpg\"><img decoding=\"async\" class=\"wp_automatic_fb_img\" title=\"\" src=\"https:\/\/esportsmunicipalsalzira.com\/wp-content\/uploads\/2026\/02\/632059304_18557488699042219_2021679694065382527_n.jpg\" \/><\/a><br \/><a href=\"https:\/\/esportsmunicipalsalzira.com\/wp-content\/uploads\/2026\/02\/631882731_18557488708042219_6739689054131886592_n.jpg\"><img decoding=\"async\" class=\"wp_automatic_fb_img\" title=\"\" src=\"https:\/\/esportsmunicipalsalzira.com\/wp-content\/uploads\/2026\/02\/631882731_18557488708042219_6739689054131886592_n.jpg\" \/><\/a><br \/><a href=\"https:\/\/esportsmunicipalsalzira.com\/wp-content\/uploads\/2026\/02\/634885772_18557488717042219_6763327566031901186_n.jpg\"><img decoding=\"async\" class=\"wp_automatic_fb_img\" title=\"\" src=\"https:\/\/esportsmunicipalsalzira.com\/wp-content\/uploads\/2026\/02\/634885772_18557488717042219_6763327566031901186_n.jpg\" \/><\/a><br \/><a href=\"https:\/\/esportsmunicipalsalzira.com\/wp-content\/uploads\/2026\/02\/634818129_18557488726042219_5967285390417342085_n.jpg\"><img decoding=\"async\" class=\"wp_automatic_fb_img\" title=\"\" src=\"https:\/\/esportsmunicipalsalzira.com\/wp-content\/uploads\/2026\/02\/634818129_18557488726042219_5967285390417342085_n.jpg\" \/><\/a><br \/>\n<br \/>\n<br \/><a href=\"https:\/\/www.facebook.com\/100063537194811\/posts\/1530768215717737\">source<\/a>  <\/p>","protected":false},"excerpt":{"rendered":"<p>El Centre de Coordinaci\u00f3 d\u2019Emerg\u00e9ncies de la Generalitat emet alerta meteorol\u00f2gica pel risc alt per vent, en conseq\u00fc\u00e8ncia, i seguint el protocol establert, l\u2019Ajuntament d\u2019Alzira activa el Pla d\u2019Actuaci\u00f3 Municipal davant forts vents, per fer seguiment de la situaci\u00f3 i adopta les seg\u00fcents mesures: TANCAMENT DE Paratge Natural Municipal de la Murta i la Casella [&hellip;]<\/p>\n","protected":false},"author":2,"featured_media":10208,"comment_status":"closed","ping_status":"closed","sticky":false,"template":"","format":"standard","meta":{"footnotes":""},"categories":[1],"tags":[],"class_list":["post-10207","post","type-post","status-publish","format-standard","has-post-thumbnail","hentry","category-esports-alzira"],"featured_image_src":{"landsacpe":["https:\/\/esportsmunicipalsalzira.com\/wp-content\/uploads\/2026\/02\/632059304_18557488699042219_2021679694065382527_n-1080x445.jpg",1080,445,true],"list":["https:\/\/esportsmunicipalsalzira.com\/wp-content\/uploads\/2026\/02\/632059304_18557488699042219_2021679694065382527_n-463x348.jpg",463,348,true],"medium":["https:\/\/esportsmunicipalsalzira.com\/wp-content\/uploads\/2026\/02\/632059304_18557488699042219_2021679694065382527_n-240x300.jpg",240,300,true],"full":["https:\/\/esportsmunicipalsalzira.com\/wp-content\/uploads\/2026\/02\/632059304_18557488699042219_2021679694065382527_n.jpg",1080,1350,false]},"_links":{"self":[{"href":"https:\/\/esportsmunicipalsalzira.com\/es\/wp-json\/wp\/v2\/posts\/10207","targetHints":{"allow":["GET"]}}],"collection":[{"href":"https:\/\/esportsmunicipalsalzira.com\/es\/wp-json\/wp\/v2\/posts"}],"about":[{"href":"https:\/\/esportsmunicipalsalzira.com\/es\/wp-json\/wp\/v2\/types\/post"}],"author":[{"embeddable":true,"href":"https:\/\/esportsmunicipalsalzira.com\/es\/wp-json\/wp\/v2\/users\/2"}],"replies":[{"embeddable":true,"href":"https:\/\/esportsmunicipalsalzira.com\/es\/wp-json\/wp\/v2\/comments?post=10207"}],"version-history":[{"count":0,"href":"https:\/\/esportsmunicipalsalzira.com\/es\/wp-json\/wp\/v2\/posts\/10207\/revisions"}],"wp:featuredmedia":[{"embeddable":true,"href":"https:\/\/esportsmunicipalsalzira.com\/es\/wp-json\/wp\/v2\/media\/10208"}],"wp:attachment":[{"href":"https:\/\/esportsmunicipalsalzira.com\/es\/wp-json\/wp\/v2\/media?parent=10207"}],"wp:term":[{"taxonomy":"category","embeddable":true,"href":"https:\/\/esportsmunicipalsalzira.com\/es\/wp-json\/wp\/v2\/categories?post=10207"},{"taxonomy":"post_tag","embeddable":true,"href":"https:\/\/esportsmunicipalsalzira.com\/es\/wp-json\/wp\/v2\/tags?post=10207"}],"curies":[{"name":"wp","href":"https:\/\/api.w.org\/{rel}","templated":true}]}}