{"id":10221,"date":"2026-02-16T18:38:20","date_gmt":"2026-02-16T17:38:20","guid":{"rendered":"https:\/\/esportsmunicipalsalzira.com\/ya-es-oficialpresentamos-a-los-equipos-confirmados-en-categoria-cadete-que-participaran-en-el-viii-memorial-nacho-ba\/"},"modified":"2026-02-16T18:38:20","modified_gmt":"2026-02-16T17:38:20","slug":"ya-es-oficialpresentamos-a-los-equipos-confirmados-en-categoria-cadete-que-participaran-en-el-viii-memorial-nacho-ba","status":"publish","type":"post","link":"https:\/\/esportsmunicipalsalzira.com\/es\/ya-es-oficialpresentamos-a-los-equipos-confirmados-en-categoria-cadete-que-participaran-en-el-viii-memorial-nacho-ba\/","title":{"rendered":"\u00a1Ya es oficial! Presentamos a los equipos confirmados en Categor\u00eda Cadete en los que participar\u00e1n el VIII Memorial Nacho Ba"},"content":{"rendered":"<p><br \/>\n\u00a1Ya es oficial!\ud83d\ude4c\ud83c\udffd<\/p>\n<p>Presentamos a los equipos confirmados en Categor\u00eda Cadete en los que participar\u00e1n el VIII Memorial Nacho Barber\u00e1.\u2764\ufe0f<\/p>\n<p>Talento y pasi\u00f3n. Nos esperan partidos intensos, donde el f\u00fatbol base ser\u00e1 la clave. \ud83d\udcaa\ud83c\udffd<\/p>\n<p>Gracias a todos los clubes participantes puede formar parte de la causa. \u00a1Nos vemos en el campo!\u26bd\ufe0f<\/p>\n<p><a href=\"https:\/\/esportsmunicipalsalzira.com\/wp-content\/uploads\/2026\/02\/632767480_18312838957250629_2453490590775660741_n.jpg\"><img decoding=\"async\" class=\"wp_automatic_fb_img\" title=\"\" src=\"https:\/\/esportsmunicipalsalzira.com\/wp-content\/uploads\/2026\/02\/632767480_18312838957250629_2453490590775660741_n.jpg\" \/><\/a><br \/>\n<br \/>\n<br \/><a href=\"https:\/\/www.facebook.com\/100063537194811\/posts\/1534509508676941\">source<\/a>  <\/p>","protected":false},"excerpt":{"rendered":"<p>\u00a1Ya es oficial!\ud83d\ude4c\ud83c\udffd Presentamos a los equipos confirmados en Categor\u00eda Cadete que participaran en el VIII Memorial Nacho Barber\u00e1.\u2764\ufe0f Talento y pasi\u00f3n. Nos esperan partidos intensos, donde el f\u00fatbol base ser\u00e1 la clave.\ud83d\udcaa\ud83c\udffd Gracias a todos los clubes participantes por formar parte de la causa. \u00a1Nos vemos en el campo!\u26bd\ufe0f Source<\/p>","protected":false},"author":2,"featured_media":10222,"comment_status":"closed","ping_status":"closed","sticky":false,"template":"","format":"standard","meta":{"footnotes":""},"categories":[1],"tags":[],"class_list":["post-10221","post","type-post","status-publish","format-standard","has-post-thumbnail","hentry","category-esports-alzira"],"featured_image_src":{"landsacpe":["https:\/\/esportsmunicipalsalzira.com\/wp-content\/uploads\/2026\/02\/632767480_18312838957250629_2453490590775660741_n-1080x445.jpg",1080,445,true],"list":["https:\/\/esportsmunicipalsalzira.com\/wp-content\/uploads\/2026\/02\/632767480_18312838957250629_2453490590775660741_n-463x348.jpg",463,348,true],"medium":["https:\/\/esportsmunicipalsalzira.com\/wp-content\/uploads\/2026\/02\/632767480_18312838957250629_2453490590775660741_n-240x300.jpg",240,300,true],"full":["https:\/\/esportsmunicipalsalzira.com\/wp-content\/uploads\/2026\/02\/632767480_18312838957250629_2453490590775660741_n.jpg",1080,1350,false]},"_links":{"self":[{"href":"https:\/\/esportsmunicipalsalzira.com\/es\/wp-json\/wp\/v2\/posts\/10221","targetHints":{"allow":["GET"]}}],"collection":[{"href":"https:\/\/esportsmunicipalsalzira.com\/es\/wp-json\/wp\/v2\/posts"}],"about":[{"href":"https:\/\/esportsmunicipalsalzira.com\/es\/wp-json\/wp\/v2\/types\/post"}],"author":[{"embeddable":true,"href":"https:\/\/esportsmunicipalsalzira.com\/es\/wp-json\/wp\/v2\/users\/2"}],"replies":[{"embeddable":true,"href":"https:\/\/esportsmunicipalsalzira.com\/es\/wp-json\/wp\/v2\/comments?post=10221"}],"version-history":[{"count":0,"href":"https:\/\/esportsmunicipalsalzira.com\/es\/wp-json\/wp\/v2\/posts\/10221\/revisions"}],"wp:featuredmedia":[{"embeddable":true,"href":"https:\/\/esportsmunicipalsalzira.com\/es\/wp-json\/wp\/v2\/media\/10222"}],"wp:attachment":[{"href":"https:\/\/esportsmunicipalsalzira.com\/es\/wp-json\/wp\/v2\/media?parent=10221"}],"wp:term":[{"taxonomy":"category","embeddable":true,"href":"https:\/\/esportsmunicipalsalzira.com\/es\/wp-json\/wp\/v2\/categories?post=10221"},{"taxonomy":"post_tag","embeddable":true,"href":"https:\/\/esportsmunicipalsalzira.com\/es\/wp-json\/wp\/v2\/tags?post=10221"}],"curies":[{"name":"wp","href":"https:\/\/api.w.org\/{rel}","templated":true}]}}