{"id":10272,"date":"2026-02-23T22:10:29","date_gmt":"2026-02-23T21:10:29","guid":{"rendered":"https:\/\/esportsmunicipalsalzira.com\/%f0%9d%90%82%f0%9d%90%80%f0%9d%90%8c%f0%9d%90%8f%f0%9d%90%88%f0%9d%90%8e%f0%9d%90%8d%f0%9d%90%80%f0%9d%90%93-%f0%9d%90%8f%f0%9d%90%91%f0%9d%90%8e%f0%9d%90%95%f0%9d%90%88%f0%9d%90%8d%f0%9d%90%82-10\/"},"modified":"2026-02-23T22:10:29","modified_gmt":"2026-02-23T21:10:29","slug":"%f0%9d%90%82%f0%9d%90%80%f0%9d%90%8c%f0%9d%90%8f%f0%9d%90%88%f0%9d%90%8e%f0%9d%90%8d%f0%9d%90%80%f0%9d%90%93-%f0%9d%90%8f%f0%9d%90%91%f0%9d%90%8e%f0%9d%90%95%f0%9d%90%88%f0%9d%90%8d%f0%9d%90%82-10","status":"publish","type":"post","link":"https:\/\/esportsmunicipalsalzira.com\/es\/%f0%9d%90%82%f0%9d%90%80%f0%9d%90%8c%f0%9d%90%8f%f0%9d%90%88%f0%9d%90%8e%f0%9d%90%8d%f0%9d%90%80%f0%9d%90%93-%f0%9d%90%8f%f0%9d%90%91%f0%9d%90%8e%f0%9d%90%95%f0%9d%90%88%f0%9d%90%8d%f0%9d%90%82-10\/","title":{"rendered":"\ud835\udc02\ud835\udc00\ud835\udc0c\ud835\udc0f\ud835\udc08\ud835\udc0e\ud835\udc0d\ud835\udc00\ud835\udc13 \ud835\udc0f\ud835\udc11\ud835\udc0e\ud835\udc15\ud835\udc08\ud835\udc0d\ud835\udc02\ud835\udc08\ud835\udc00\ud835\udc0b \ud835\udc12\ud835\udc14\ud835\udc01\ud835\udfcf4. El pasado s\u00e1bado se disput\u00f3 en Valencia el Campeonato Provincial individual SUB14. Va"},"content":{"rendered":"<p><br \/>\n\ud835\udc02\ud835\udc00\ud835\udc0c\ud835\udc0f\ud835\udc08\ud835\udc0e\ud835\udc0d\ud835\udc00\ud835\udc13 \ud835\udc0f\ud835\udc11\ud835\udc0e\ud835\udc15\ud835\udc08\ud835\udc0d\ud835\udc02\ud835\udc08\ud835\udc00\ud835\udc0b \ud835\udc12\ud835\udc14\ud835\udc01\ud835\udfcf4.<\/p>\n<p>El pasado s\u00e1bado se disput\u00f3 en Valencia el Campeonato Provincial individual SUB14. <\/p>\n<p>\u26ab\ufe0f Participaron: Valeria Mascarell, Nuria Palacios, Ainhoa Hern\u00e1ndez, Helena Blay, Olivia Beneyto, Joyce Moliner, Diego Hern\u00e1ndez, Jaime Herv\u00e1s y Mart\u00edn Borras<\/p>\n<p>\u26aa\ufe0fDiego fue SEGUNDO PROVINCIAL\ud83e\udd48 en los 2000mll<br \/>\n\ud83d\udfe2Helena fue CUARTA \ud83c\udf6b a lanzamiento de disco<\/p>\n<p>\u00a1Enhorabuena! <\/p>\n<p>#calarabosa \ud83e\udd8a\ud83d\udc9a<\/p>\n<p><a href=\"https:\/\/esportsmunicipalsalzira.com\/wp-content\/uploads\/2026\/02\/641669009_1547089487420863_5100956955591010347_n.jpg\"><img decoding=\"async\" class=\"wp_automatic_fb_img\" title=\"\" src=\"https:\/\/esportsmunicipalsalzira.com\/wp-content\/uploads\/2026\/02\/641669009_1547089487420863_5100956955591010347_n.jpg\" \/><\/a><br \/><a href=\"https:\/\/esportsmunicipalsalzira.com\/wp-content\/uploads\/2026\/02\/641365434_1547089510754194_7657117932245814018_n.jpg\"><img decoding=\"async\" class=\"wp_automatic_fb_img\" title=\"\" src=\"https:\/\/esportsmunicipalsalzira.com\/wp-content\/uploads\/2026\/02\/641365434_1547089510754194_7657117932245814018_n.jpg\" \/><\/a><br \/><a href=\"https:\/\/esportsmunicipalsalzira.com\/wp-content\/uploads\/2026\/02\/641613557_1547089547420857_3922201793559026212_n.jpg\"><img decoding=\"async\" class=\"wp_automatic_fb_img\" title=\"\" src=\"https:\/\/esportsmunicipalsalzira.com\/wp-content\/uploads\/2026\/02\/641613557_1547089547420857_3922201793559026212_n.jpg\" \/><\/a><br \/><a href=\"https:\/\/esportsmunicipalsalzira.com\/wp-content\/uploads\/2026\/02\/641515932_1547089560754189_5383822144196480184_n.jpg\"><img decoding=\"async\" class=\"wp_automatic_fb_img\" title=\"\" src=\"https:\/\/esportsmunicipalsalzira.com\/wp-content\/uploads\/2026\/02\/641515932_1547089560754189_5383822144196480184_n.jpg\" \/><\/a><br \/><a href=\"https:\/\/esportsmunicipalsalzira.com\/wp-content\/uploads\/2026\/02\/641074527_1547088780754267_3806110986409946912_n.jpg\"><img decoding=\"async\" class=\"wp_automatic_fb_img\" title=\"\" src=\"https:\/\/esportsmunicipalsalzira.com\/wp-content\/uploads\/2026\/02\/641074527_1547088780754267_3806110986409946912_n.jpg\" \/><\/a><br \/>\n<br \/>\n<br \/><a href=\"https:\/\/www.facebook.com\/100063537194811\/posts\/1542100614584497\">source<\/a>  <\/p>","protected":false},"excerpt":{"rendered":"<p>\ud835\udc02\ud835\udc00\ud835\udc0c\ud835\udc0f\ud835\udc08\ud835\udc0e\ud835\udc0d\ud835\udc00\ud835\udc13 \ud835\udc0f\ud835\udc11\ud835\udc0e\ud835\udc15\ud835\udc08\ud835\udc0d\ud835\udc02\ud835\udc08\ud835\udc00\ud835\udc0b \ud835\udc12\ud835\udc14\ud835\udc01\ud835\udfcf4. El passat dissabte es va disputar a Val\u00e8ncia el Campionat provincial individual SUB14. \u26ab\ufe0fVan participar: Valeria Mascarell, Nuria Palacios, Ainhoa Hern\u00e1ndez, Helena Blay, Olivia Beneyto, Joyce Moliner, Diego Hern\u00e1ndez, Jaime Herv\u00e1s y Mart\u00edn Borras \u26aa\ufe0fDiego va ser SEGON PROVINCIAL\ud83e\udd48 als 2000mll \ud83d\udfe2Helena va ser QUARTA \ud83c\udf6b a llan\u00e7ament de disc Enhorabona! #calarabosa [&hellip;]<\/p>\n","protected":false},"author":2,"featured_media":10273,"comment_status":"closed","ping_status":"closed","sticky":false,"template":"","format":"standard","meta":{"footnotes":""},"categories":[1],"tags":[],"class_list":["post-10272","post","type-post","status-publish","format-standard","has-post-thumbnail","hentry","category-esports-alzira"],"featured_image_src":{"landsacpe":["https:\/\/esportsmunicipalsalzira.com\/wp-content\/uploads\/2026\/02\/641669009_1547089487420863_5100956955591010347_n-1140x445.jpg",1140,445,true],"list":["https:\/\/esportsmunicipalsalzira.com\/wp-content\/uploads\/2026\/02\/641669009_1547089487420863_5100956955591010347_n-463x348.jpg",463,348,true],"medium":["https:\/\/esportsmunicipalsalzira.com\/wp-content\/uploads\/2026\/02\/641669009_1547089487420863_5100956955591010347_n-300x138.jpg",300,138,true],"full":["https:\/\/esportsmunicipalsalzira.com\/wp-content\/uploads\/2026\/02\/641669009_1547089487420863_5100956955591010347_n.jpg",1600,737,false]},"_links":{"self":[{"href":"https:\/\/esportsmunicipalsalzira.com\/es\/wp-json\/wp\/v2\/posts\/10272","targetHints":{"allow":["GET"]}}],"collection":[{"href":"https:\/\/esportsmunicipalsalzira.com\/es\/wp-json\/wp\/v2\/posts"}],"about":[{"href":"https:\/\/esportsmunicipalsalzira.com\/es\/wp-json\/wp\/v2\/types\/post"}],"author":[{"embeddable":true,"href":"https:\/\/esportsmunicipalsalzira.com\/es\/wp-json\/wp\/v2\/users\/2"}],"replies":[{"embeddable":true,"href":"https:\/\/esportsmunicipalsalzira.com\/es\/wp-json\/wp\/v2\/comments?post=10272"}],"version-history":[{"count":0,"href":"https:\/\/esportsmunicipalsalzira.com\/es\/wp-json\/wp\/v2\/posts\/10272\/revisions"}],"wp:featuredmedia":[{"embeddable":true,"href":"https:\/\/esportsmunicipalsalzira.com\/es\/wp-json\/wp\/v2\/media\/10273"}],"wp:attachment":[{"href":"https:\/\/esportsmunicipalsalzira.com\/es\/wp-json\/wp\/v2\/media?parent=10272"}],"wp:term":[{"taxonomy":"category","embeddable":true,"href":"https:\/\/esportsmunicipalsalzira.com\/es\/wp-json\/wp\/v2\/categories?post=10272"},{"taxonomy":"post_tag","embeddable":true,"href":"https:\/\/esportsmunicipalsalzira.com\/es\/wp-json\/wp\/v2\/tags?post=10272"}],"curies":[{"name":"wp","href":"https:\/\/api.w.org\/{rel}","templated":true}]}}