{"id":10448,"date":"2026-04-16T11:34:34","date_gmt":"2026-04-16T09:34:34","guid":{"rendered":"https:\/\/esportsmunicipalsalzira.com\/hui-es-un-dia-important-per-al-futbol-en-alzira-la-u-d-alzira-i-el-ciutat-dalzira-f-b-van-firmar-ahir-un-acord-de\/"},"modified":"2026-04-16T11:34:34","modified_gmt":"2026-04-16T09:34:34","slug":"hui-es-un-dia-important-per-al-futbol-en-alzira-la-u-d-alzira-i-el-ciutat-dalzira-f-b-van-firmar-ahir-un-acord-de","status":"publish","type":"post","link":"https:\/\/esportsmunicipalsalzira.com\/es\/hui-es-un-dia-important-per-al-futbol-en-alzira-la-u-d-alzira-i-el-ciutat-dalzira-f-b-van-firmar-ahir-un-acord-de\/","title":{"rendered":"Hoy es un d\u00eda importante para el f\u00fatbol en Alzira. La UD Alzira y el Ciudad de Alzira FB firmaron ayer un acuerdo de"},"content":{"rendered":"<p><br \/>\n\u26bd\ufe0f Hoy es un d\u00eda importante para el f\u00fatbol en Alzira.<\/p>\n<p>La UD Alzira\ud83d\udd35\ud83d\udd34 y el Ciudad de Alzira FB\ud83d\udd34\u26ab\ufe0f firmaron ayer un acuerdo de fusi\u00f3n que convierte a Alzira en un referente futbol\u00edstico muy importante en la Comunitat Valenciana. <\/p>\n<p>\ud83d\udc4f\ud83c\udffbGracias al esfuerzo de las dos directivas encabezadas por Juan Antonio Sanju\u00e1n y Santi Gar\u00e9s por materializar este acuerdo que llevamos meses trabajando conjuntamente.<\/p>\n<p>\ud83c\udfaf Era uno de mis objetivos como concejal de Deportes y estoy muy contento de que sea una realidad porque es muy positivo para cientos de ni\u00f1os y ni\u00f1as de nuestra ciudad.<\/p>\n<p>\ud83d\ude4c\ud83c\udffbNos espera un camino de trabajo conjunto y muy ilusionante por el futuro de nuestros deportistas!<\/p>\n<p>Servicio Municipal de Deportes Alzira<\/p>\n<p><a href=\"https:\/\/esportsmunicipalsalzira.com\/wp-content\/uploads\/2026\/04\/673655131_10229222996989980_4710344603518091510_n.jpg\"><img decoding=\"async\" class=\"wp_automatic_fb_img\" title=\"\" src=\"https:\/\/esportsmunicipalsalzira.com\/wp-content\/uploads\/2026\/04\/673655131_10229222996989980_4710344603518091510_n.jpg\" \/><\/a><br \/><a href=\"https:\/\/esportsmunicipalsalzira.com\/wp-content\/uploads\/2026\/04\/673527652_10229222997109983_5751652334255936043_n.jpg\"><img decoding=\"async\" class=\"wp_automatic_fb_img\" title=\"\" src=\"https:\/\/esportsmunicipalsalzira.com\/wp-content\/uploads\/2026\/04\/673527652_10229222997109983_5751652334255936043_n.jpg\" \/><\/a><br \/>\n<br \/>\n<br \/><a href=\"https:\/\/www.facebook.com\/100063537194811\/posts\/1590914016369823\">source<\/a>  <\/p>","protected":false},"excerpt":{"rendered":"<p>\u26bd\ufe0f Hui \u00e9s un dia important per al futbol en Alzira. La U.D. Alzira\ud83d\udd35\ud83d\udd34 i el Ciutat d&#8217;Alzira F.B.\ud83d\udd34\u26ab\ufe0f van firmar ahir un acord de fusi\u00f3 que convertix Alzira en un referent futbol\u00edstic molt important a la Comunitat Valenciana. \ud83d\udc4f\ud83c\udffbGr\u00e0cies a l\u2019esfor\u00e7 de les dos directives encap\u00e7alades per Juan Antonio Sanju\u00e1n i Santi Gar\u00e9s per [&hellip;]<\/p>\n","protected":false},"author":2,"featured_media":10449,"comment_status":"closed","ping_status":"closed","sticky":false,"template":"","format":"standard","meta":{"footnotes":""},"categories":[1],"tags":[],"class_list":["post-10448","post","type-post","status-publish","format-standard","has-post-thumbnail","hentry","category-esports-alzira"],"featured_image_src":{"landsacpe":["https:\/\/esportsmunicipalsalzira.com\/wp-content\/uploads\/2026\/04\/673655131_10229222996989980_4710344603518091510_n-1140x445.jpg",1140,445,true],"list":["https:\/\/esportsmunicipalsalzira.com\/wp-content\/uploads\/2026\/04\/673655131_10229222996989980_4710344603518091510_n-463x348.jpg",463,348,true],"medium":["https:\/\/esportsmunicipalsalzira.com\/wp-content\/uploads\/2026\/04\/673655131_10229222996989980_4710344603518091510_n-300x225.jpg",300,225,true],"full":["https:\/\/esportsmunicipalsalzira.com\/wp-content\/uploads\/2026\/04\/673655131_10229222996989980_4710344603518091510_n.jpg",2048,1536,false]},"_links":{"self":[{"href":"https:\/\/esportsmunicipalsalzira.com\/es\/wp-json\/wp\/v2\/posts\/10448","targetHints":{"allow":["GET"]}}],"collection":[{"href":"https:\/\/esportsmunicipalsalzira.com\/es\/wp-json\/wp\/v2\/posts"}],"about":[{"href":"https:\/\/esportsmunicipalsalzira.com\/es\/wp-json\/wp\/v2\/types\/post"}],"author":[{"embeddable":true,"href":"https:\/\/esportsmunicipalsalzira.com\/es\/wp-json\/wp\/v2\/users\/2"}],"replies":[{"embeddable":true,"href":"https:\/\/esportsmunicipalsalzira.com\/es\/wp-json\/wp\/v2\/comments?post=10448"}],"version-history":[{"count":0,"href":"https:\/\/esportsmunicipalsalzira.com\/es\/wp-json\/wp\/v2\/posts\/10448\/revisions"}],"wp:featuredmedia":[{"embeddable":true,"href":"https:\/\/esportsmunicipalsalzira.com\/es\/wp-json\/wp\/v2\/media\/10449"}],"wp:attachment":[{"href":"https:\/\/esportsmunicipalsalzira.com\/es\/wp-json\/wp\/v2\/media?parent=10448"}],"wp:term":[{"taxonomy":"category","embeddable":true,"href":"https:\/\/esportsmunicipalsalzira.com\/es\/wp-json\/wp\/v2\/categories?post=10448"},{"taxonomy":"post_tag","embeddable":true,"href":"https:\/\/esportsmunicipalsalzira.com\/es\/wp-json\/wp\/v2\/tags?post=10448"}],"curies":[{"name":"wp","href":"https:\/\/api.w.org\/{rel}","templated":true}]}}