{"id":3368,"date":"2021-05-28T14:00:00","date_gmt":"2021-05-28T12:00:00","guid":{"rendered":"https:\/\/esportsmunicipalsalzira.com\/?p=3368"},"modified":"2021-06-04T14:08:57","modified_gmt":"2021-06-04T12:08:57","slug":"el-consell-assessor-desports-aprova-realitzar-la-1a-fira-de-lesport-el-dissabte-18-de-setembre","status":"publish","type":"post","link":"https:\/\/esportsmunicipalsalzira.com\/es\/el-consell-assessor-desports-aprova-realitzar-la-1a-fira-de-lesport-el-dissabte-18-de-setembre\/","title":{"rendered":"El Consejo Asesor de Deportes aprueba realizar la 1\u00aa Feria del Deporte el s\u00e1bado 18 de septiembre"},"content":{"rendered":"<p>El s\u00e1bado 18 de septiembre la plaza Mayor de Alzira acoger\u00e1 la 1\u00aa Feria del Deporte de Alzira, un espacio donde los clubes de la ciudad podr\u00e1n darse a conocer, presentar sus propuestas deportivas y, adem\u00e1s, tener la oportunidad de realizar exhibiciones con las que poder ganar adeptos a las diversas disciplinas deportivas que se practican en nuestra ciudad.&nbsp;&nbsp;<\/p>\n\n\n\n<p>El Consejo Asesor de Deportes ha dado luz verde a esta iniciativa, planteada desde la Concejal\u00eda de Deportes, y que servir\u00e1 para dar un impulso y reactivar el deporte despu\u00e9s de la par\u00e1lisis obligatoria de actividades debido a la pandemia de la Covidien-19.<\/p>\n\n\n\n<p>Desde el Departamento de Deportes ya se lleva semanas trabajando en la reactivaci\u00f3n de la pr\u00e1ctica del ejercicio f\u00edsico con la propuesta \u00abAct\u00edvate con el deporte\u00bb, la cual est\u00e1 dirigida a varios ciclos formativos de los centros educativos.<\/p>\n\n\n\n<p>\u00abEsta iniciativa ya ha tenido lugar en otras localidades dando un resultado positivo, por lo que hemos cre\u00eddo conveniente trasladar la propuesta al Consejo Asesor para iniciar en Alzira esta actividad, lo puede conseguir aglutinar todas las disciplinas deportivas que se practican en la nuestra ciudad en un espacio reducido, lo que dar\u00e1 la posibilidad de enterarse de cualquier duda respecto a la actividad deportiva &quot;, seg\u00fan Fernando Pascual, concejal de Deportes.<\/p>\n\n\n\n<p>Los representantes de los clubes presentes en el Consejo han expresado sus opiniones respecto a la realizaci\u00f3n de la 1\u00aa Feria del Deporte para hacerla realidad el pr\u00f3ximo mes de septiembre.<\/p>","protected":false},"excerpt":{"rendered":"<p>El dissabte 18 de setembre la pla\u00e7a Major d\u2019Alzira acollir\u00e0 la 1a Fira de l\u2019Esport d\u2019Alzira, un espai on els clubs de la ciutat podran donar-se a con\u00e9ixer, presentar les seues propostes esportives i, a m\u00e9s, tindre l\u2019oportunitat de realitzar exhibicions amb les quals poder guanyar adeptes a les diverses disciplines esportives que es practiquen [&hellip;]<\/p>\n","protected":false},"author":1,"featured_media":3369,"comment_status":"open","ping_status":"open","sticky":false,"template":"","format":"standard","meta":{"footnotes":""},"categories":[1],"tags":[],"class_list":["post-3368","post","type-post","status-publish","format-standard","has-post-thumbnail","hentry","category-esports-alzira"],"featured_image_src":{"landsacpe":["https:\/\/esportsmunicipalsalzira.com\/wp-content\/uploads\/2021\/06\/reunion-1090x445.jpg",1090,445,true],"list":["https:\/\/esportsmunicipalsalzira.com\/wp-content\/uploads\/2021\/06\/reunion-463x348.jpg",463,348,true],"medium":["https:\/\/esportsmunicipalsalzira.com\/wp-content\/uploads\/2021\/06\/reunion-300x135.jpg",300,135,true],"full":["https:\/\/esportsmunicipalsalzira.com\/wp-content\/uploads\/2021\/06\/reunion.jpg",1090,491,false]},"_links":{"self":[{"href":"https:\/\/esportsmunicipalsalzira.com\/es\/wp-json\/wp\/v2\/posts\/3368","targetHints":{"allow":["GET"]}}],"collection":[{"href":"https:\/\/esportsmunicipalsalzira.com\/es\/wp-json\/wp\/v2\/posts"}],"about":[{"href":"https:\/\/esportsmunicipalsalzira.com\/es\/wp-json\/wp\/v2\/types\/post"}],"author":[{"embeddable":true,"href":"https:\/\/esportsmunicipalsalzira.com\/es\/wp-json\/wp\/v2\/users\/1"}],"replies":[{"embeddable":true,"href":"https:\/\/esportsmunicipalsalzira.com\/es\/wp-json\/wp\/v2\/comments?post=3368"}],"version-history":[{"count":1,"href":"https:\/\/esportsmunicipalsalzira.com\/es\/wp-json\/wp\/v2\/posts\/3368\/revisions"}],"predecessor-version":[{"id":3370,"href":"https:\/\/esportsmunicipalsalzira.com\/es\/wp-json\/wp\/v2\/posts\/3368\/revisions\/3370"}],"wp:featuredmedia":[{"embeddable":true,"href":"https:\/\/esportsmunicipalsalzira.com\/es\/wp-json\/wp\/v2\/media\/3369"}],"wp:attachment":[{"href":"https:\/\/esportsmunicipalsalzira.com\/es\/wp-json\/wp\/v2\/media?parent=3368"}],"wp:term":[{"taxonomy":"category","embeddable":true,"href":"https:\/\/esportsmunicipalsalzira.com\/es\/wp-json\/wp\/v2\/categories?post=3368"},{"taxonomy":"post_tag","embeddable":true,"href":"https:\/\/esportsmunicipalsalzira.com\/es\/wp-json\/wp\/v2\/tags?post=3368"}],"curies":[{"name":"wp","href":"https:\/\/api.w.org\/{rel}","templated":true}]}}