{"id":3414,"date":"2021-06-25T22:48:04","date_gmt":"2021-06-25T20:48:04","guid":{"rendered":"https:\/\/esportsmunicipalsalzira.com\/?p=3414"},"modified":"2021-07-12T18:49:38","modified_gmt":"2021-07-12T16:49:38","slug":"lequip-femeni-del-valencia-cf-va-estar-ahir-per-la-vesprada-a-lestudi-luis-suner","status":"publish","type":"post","link":"https:\/\/esportsmunicipalsalzira.com\/es\/lequip-femeni-del-valencia-cf-va-estar-ahir-per-la-vesprada-a-lestudi-luis-suner\/","title":{"rendered":"El equipo femenino del Valencia CF estuvo ayer por la tarde en el estudio Luis Su\u00f1er"},"content":{"rendered":"<div class=\"vc_row wpb_row row\"><div class=\"vc_column_container col-md-12\"><div class=\"wpb_wrapper vc_column-inner\">\n\t<div class=\"wpb_text_column wpb_content_element\" >\n\t\t<div class=\"wpb_wrapper\">\n\t\t\t<div class=\"kvgmc6g5 cxmmr5t8 oygrvhab hcukyx3x c1et5uql ii04i59q\">\n<div dir=\"auto\">El equipo femenino del Valencia CF estuvo ayer por la tarde en el estudio Luis Su\u00f1er para realizar una sesi\u00f3n de entrenamiento de cara al partido de este pr\u00f3ximo domingo, a las 18 horas, que las enfrentar\u00e1 a la Real Sociedad .<\/div>\n<div dir=\"auto\"><\/div>\n<\/div>\n<div class=\"o9v6fnle cxmmr5t8 oygrvhab hcukyx3x c1et5uql ii04i59q\">\n<div dir=\"auto\">Si deseas asistir a este partido de Primera Divisi\u00f3n Iberdrola, recuerda recoger la invitaci\u00f3n en la conserjer\u00eda de la Ciudad Deportiva Jorge Mart\u00ednez Aspar, de 9 a 21 horas.<\/div>\n<\/div>\n\n\t\t<\/div>\n\t<\/div>\n<\/div><\/div><\/div>","protected":false},"excerpt":{"rendered":"L\u2019equip femen\u00ed del Val\u00e8ncia CF va estar ahir per la vesprada a l'estudi Luis Su\u00f1er per tal de realitzar una sessi\u00f3 d'entrenament de cara al partit d'este pr\u00f2xim diumenge, a les 18 hores, que les enfrontar\u00e0 a la Reial Societat. Si desitges asistir a este partit de Primera Divisi\u00f3 Iberdrola, recorda arreplegar la invitaci\u00f3 en [...]","protected":false},"author":1,"featured_media":3416,"comment_status":"open","ping_status":"open","sticky":false,"template":"","format":"standard","meta":{"footnotes":""},"categories":[1],"tags":[],"class_list":["post-3414","post","type-post","status-publish","format-standard","has-post-thumbnail","hentry","category-esports-alzira"],"featured_image_src":{"landsacpe":["https:\/\/esportsmunicipalsalzira.com\/wp-content\/uploads\/2021\/07\/203914216_3003987949820510_6125454787289348144_n-1140x445.jpg",1140,445,true],"list":["https:\/\/esportsmunicipalsalzira.com\/wp-content\/uploads\/2021\/07\/203914216_3003987949820510_6125454787289348144_n-463x348.jpg",463,348,true],"medium":["https:\/\/esportsmunicipalsalzira.com\/wp-content\/uploads\/2021\/07\/203914216_3003987949820510_6125454787289348144_n-300x169.jpg",300,169,true],"full":["https:\/\/esportsmunicipalsalzira.com\/wp-content\/uploads\/2021\/07\/203914216_3003987949820510_6125454787289348144_n.jpg",1920,1080,false]},"_links":{"self":[{"href":"https:\/\/esportsmunicipalsalzira.com\/es\/wp-json\/wp\/v2\/posts\/3414","targetHints":{"allow":["GET"]}}],"collection":[{"href":"https:\/\/esportsmunicipalsalzira.com\/es\/wp-json\/wp\/v2\/posts"}],"about":[{"href":"https:\/\/esportsmunicipalsalzira.com\/es\/wp-json\/wp\/v2\/types\/post"}],"author":[{"embeddable":true,"href":"https:\/\/esportsmunicipalsalzira.com\/es\/wp-json\/wp\/v2\/users\/1"}],"replies":[{"embeddable":true,"href":"https:\/\/esportsmunicipalsalzira.com\/es\/wp-json\/wp\/v2\/comments?post=3414"}],"version-history":[{"count":1,"href":"https:\/\/esportsmunicipalsalzira.com\/es\/wp-json\/wp\/v2\/posts\/3414\/revisions"}],"predecessor-version":[{"id":3417,"href":"https:\/\/esportsmunicipalsalzira.com\/es\/wp-json\/wp\/v2\/posts\/3414\/revisions\/3417"}],"wp:featuredmedia":[{"embeddable":true,"href":"https:\/\/esportsmunicipalsalzira.com\/es\/wp-json\/wp\/v2\/media\/3416"}],"wp:attachment":[{"href":"https:\/\/esportsmunicipalsalzira.com\/es\/wp-json\/wp\/v2\/media?parent=3414"}],"wp:term":[{"taxonomy":"category","embeddable":true,"href":"https:\/\/esportsmunicipalsalzira.com\/es\/wp-json\/wp\/v2\/categories?post=3414"},{"taxonomy":"post_tag","embeddable":true,"href":"https:\/\/esportsmunicipalsalzira.com\/es\/wp-json\/wp\/v2\/tags?post=3414"}],"curies":[{"name":"wp","href":"https:\/\/api.w.org\/{rel}","templated":true}]}}