{"id":3475,"date":"2021-08-12T10:08:01","date_gmt":"2021-08-12T08:08:01","guid":{"rendered":"https:\/\/esportsmunicipalsalzira.com\/el-regidor-desports-fernando-pascual-sha-reunit-amb-els-responsables-de-tecm\/"},"modified":"2021-08-12T10:08:01","modified_gmt":"2021-08-12T08:08:01","slug":"el-regidor-desports-fernando-pascual-sha-reunit-amb-els-responsables-de-tecm","status":"publish","type":"post","link":"https:\/\/esportsmunicipalsalzira.com\/es\/el-regidor-desports-fernando-pascual-sha-reunit-amb-els-responsables-de-tecm\/","title":{"rendered":"El concejal de Deportes, Fernando Pascual, se ha reunido con los responsables de Tecma ..."},"content":{"rendered":"<div><span><\/p>\n<p>El concejal de Deportes, Fernando Pascual, se ha reunido con los responsables de TECMA para trabajar conjuntamente en el programa &#039;Cardiosaludable&#039; para la prevenci\u00f3n de la muerte s\u00fabita y enfermedades cardiovasculares en j\u00f3venes deportistas.<\/p>\n<p> Con esta propuesta se pretende realizar estas revisiones cardiovasculares a los deportistas de Alzira.<\/p>\n<p><\/span><\/div>\n<p><a href=\"https:\/\/facebook.com\/story.php?story_fbid=3039488639603774&amp;id=1712208235665161&amp;viewer=1712208235665161&amp;__tn__=%2As%2As-R&amp;paipv=1\" aria-label=\"Abrir historia\" class=\"_5msj\"><\/a><br \/>\n<br \/><a href=\"https:\/\/scontent-mad1-1.xx.fbcdn.net\/v\/t1.6435-9\/231349149_3039488539603784_2831162653734904529_n.jpg?_nc_cat=107&#038;ccb=1-5&#038;_nc_sid=8bfeb9&#038;_nc_ohc=Ikyy0oK_9zgAX8UJFNG&#038;_nc_ht=scontent-mad1-1.xx&#038;oh=5e9525357dc6ff877779564fcaf553e0&#038;oe=613F7B07\"><img decoding=\"async\" class=\"wp_automatic_fb_img\" title=\"\" src=\"https:\/\/scontent-mad1-1.xx.fbcdn.net\/v\/t1.6435-9\/231349149_3039488539603784_2831162653734904529_n.jpg?_nc_cat=107&#038;ccb=1-5&#038;_nc_sid=8bfeb9&#038;_nc_ohc=Ikyy0oK_9zgAX8UJFNG&#038;_nc_ht=scontent-mad1-1.xx&#038;oh=5e9525357dc6ff877779564fcaf553e0&#038;oe=613F7B07\" \/><\/a><br \/><a href=\"https:\/\/scontent-mad1-1.xx.fbcdn.net\/v\/t1.6435-9\/229659252_3039488566270448_5683468392082602325_n.jpg?_nc_cat=100&#038;ccb=1-5&#038;_nc_sid=8bfeb9&#038;_nc_ohc=ZcMd7DQIL40AX_lXx4i&#038;_nc_ht=scontent-mad1-1.xx&#038;oh=322c89a96b0d425eabba56e10ec43c71&#038;oe=613FE2C9\"><img decoding=\"async\" class=\"wp_automatic_fb_img\" title=\"\" src=\"https:\/\/scontent-mad1-1.xx.fbcdn.net\/v\/t1.6435-9\/229659252_3039488566270448_5683468392082602325_n.jpg?_nc_cat=100&#038;ccb=1-5&#038;_nc_sid=8bfeb9&#038;_nc_ohc=ZcMd7DQIL40AX_lXx4i&#038;_nc_ht=scontent-mad1-1.xx&#038;oh=322c89a96b0d425eabba56e10ec43c71&#038;oe=613FE2C9\" \/><\/a><br \/>\n<br \/>\n<br \/><a href=\"https:\/\/www.facebook.com\/1712208235665161\/posts\/3039488639603774\">source<\/a>  <\/p>","protected":false},"excerpt":{"rendered":"<p>El concejal de Deportes, Fernando Pascual, se reuni\u00f3 con los responsables de TECMA para trabajar conjuntamente en el programa &#039;Cardiosaludable&#039; para la prevenci\u00f3n de la muerte s\u00fabita y enfermedades cardiovasculares en j\u00f3venes deportistas. Con esta propuesta se pretende realizar estas revisiones cardiovasculares a los deportistas de Alzira. Source<\/p>","protected":false},"author":1,"featured_media":3476,"comment_status":"open","ping_status":"open","sticky":false,"template":"","format":"standard","meta":{"footnotes":""},"categories":[1],"tags":[],"class_list":["post-3475","post","type-post","status-publish","format-standard","has-post-thumbnail","hentry","category-esports-alzira"],"featured_image_src":{"landsacpe":["https:\/\/esportsmunicipalsalzira.com\/wp-content\/uploads\/2021\/08\/231349149_3039488539603784_2831162653734904529_n-960x445.jpg",960,445,true],"list":["https:\/\/esportsmunicipalsalzira.com\/wp-content\/uploads\/2021\/08\/231349149_3039488539603784_2831162653734904529_n-463x348.jpg",463,348,true],"medium":["https:\/\/esportsmunicipalsalzira.com\/wp-content\/uploads\/2021\/08\/231349149_3039488539603784_2831162653734904529_n-300x225.jpg",300,225,true],"full":["https:\/\/esportsmunicipalsalzira.com\/wp-content\/uploads\/2021\/08\/231349149_3039488539603784_2831162653734904529_n.jpg",960,720,false]},"_links":{"self":[{"href":"https:\/\/esportsmunicipalsalzira.com\/es\/wp-json\/wp\/v2\/posts\/3475","targetHints":{"allow":["GET"]}}],"collection":[{"href":"https:\/\/esportsmunicipalsalzira.com\/es\/wp-json\/wp\/v2\/posts"}],"about":[{"href":"https:\/\/esportsmunicipalsalzira.com\/es\/wp-json\/wp\/v2\/types\/post"}],"author":[{"embeddable":true,"href":"https:\/\/esportsmunicipalsalzira.com\/es\/wp-json\/wp\/v2\/users\/1"}],"replies":[{"embeddable":true,"href":"https:\/\/esportsmunicipalsalzira.com\/es\/wp-json\/wp\/v2\/comments?post=3475"}],"version-history":[{"count":0,"href":"https:\/\/esportsmunicipalsalzira.com\/es\/wp-json\/wp\/v2\/posts\/3475\/revisions"}],"wp:featuredmedia":[{"embeddable":true,"href":"https:\/\/esportsmunicipalsalzira.com\/es\/wp-json\/wp\/v2\/media\/3476"}],"wp:attachment":[{"href":"https:\/\/esportsmunicipalsalzira.com\/es\/wp-json\/wp\/v2\/media?parent=3475"}],"wp:term":[{"taxonomy":"category","embeddable":true,"href":"https:\/\/esportsmunicipalsalzira.com\/es\/wp-json\/wp\/v2\/categories?post=3475"},{"taxonomy":"post_tag","embeddable":true,"href":"https:\/\/esportsmunicipalsalzira.com\/es\/wp-json\/wp\/v2\/tags?post=3475"}],"curies":[{"name":"wp","href":"https:\/\/api.w.org\/{rel}","templated":true}]}}