{"id":3493,"date":"2021-07-30T10:16:24","date_gmt":"2021-07-30T08:16:24","guid":{"rendered":"https:\/\/esportsmunicipalsalzira.com\/el-regidor-desports-fernando-pascual-sha-reunit-amb-el-vicepresident-i-direc\/"},"modified":"2021-07-30T10:16:24","modified_gmt":"2021-07-30T08:16:24","slug":"el-regidor-desports-fernando-pascual-sha-reunit-amb-el-vicepresident-i-direc","status":"publish","type":"post","link":"https:\/\/esportsmunicipalsalzira.com\/es\/el-regidor-desports-fernando-pascual-sha-reunit-amb-el-vicepresident-i-direc\/","title":{"rendered":"El concejal de Deportes, Fernando Pascual, se ha reunido con el vicepresidente y direc ..."},"content":{"rendered":"<p><br \/>\nEl concejal de Deportes, Fernando Pascual, se ha reunido con el vicepresidente y director deportivo de la escuela de f\u00fatbol base y primer equipo de la UD Alzira, Rafa Asensio.<\/p>\n<p>En la reuni\u00f3n se ha hablado de c\u00f3mo se prev\u00e9 la pretemporada as\u00ed como la temporada 2021\/2022. Adem\u00e1s se ha emplazado a una segunda reuni\u00f3n para concretar los horarios de utilizaci\u00f3n de las instalaciones deportivas municipales.<\/p>\n<p>La Concejal\u00eda de Deportes colaborar\u00e1 con el club con el disparo de salida de la nueva temporada con la aportaci\u00f3n de una camiseta, sum\u00e1ndose as\u00ed a la campa\u00f1a &#039;Act\u00edvate con el deporte&#039;.<\/p>\n<p><a href=\"https:\/\/scontent-mad1-1.xx.fbcdn.net\/v\/t1.6435-9\/223023989_3030087893877182_5598242863686691771_n.jpg?_nc_cat=103&#038;ccb=1-5&#038;_nc_sid=8bfeb9&#038;_nc_ohc=TCwtyO38lwwAX_IJ-zg&#038;_nc_ht=scontent-mad1-1.xx&#038;oh=8d8c80519e21dfe41cc827fdfb7fdf3d&#038;oe=613F6B9E\"><img decoding=\"async\" class=\"wp_automatic_fb_img\" title=\"\" src=\"https:\/\/scontent-mad1-1.xx.fbcdn.net\/v\/t1.6435-9\/223023989_3030087893877182_5598242863686691771_n.jpg?_nc_cat=103&#038;ccb=1-5&#038;_nc_sid=8bfeb9&#038;_nc_ohc=TCwtyO38lwwAX_IJ-zg&#038;_nc_ht=scontent-mad1-1.xx&#038;oh=8d8c80519e21dfe41cc827fdfb7fdf3d&#038;oe=613F6B9E\" \/><\/a><br \/><a href=\"https:\/\/scontent-mad1-1.xx.fbcdn.net\/v\/t1.6435-9\/223663166_3030087977210507_6839207977178788826_n.jpg?_nc_cat=109&#038;ccb=1-5&#038;_nc_sid=8bfeb9&#038;_nc_ohc=c2QOvDoy6hUAX_hNBbD&#038;_nc_ht=scontent-mad1-1.xx&#038;oh=4b82f7ab630ece0359ef9dcd6704151a&#038;oe=6140CB51\"><img decoding=\"async\" class=\"wp_automatic_fb_img\" title=\"\" src=\"https:\/\/scontent-mad1-1.xx.fbcdn.net\/v\/t1.6435-9\/223663166_3030087977210507_6839207977178788826_n.jpg?_nc_cat=109&#038;ccb=1-5&#038;_nc_sid=8bfeb9&#038;_nc_ohc=c2QOvDoy6hUAX_hNBbD&#038;_nc_ht=scontent-mad1-1.xx&#038;oh=4b82f7ab630ece0359ef9dcd6704151a&#038;oe=6140CB51\" \/><\/a><br \/><a href=\"https:\/\/scontent-mad1-1.xx.fbcdn.net\/v\/t1.6435-9\/222968010_3030088220543816_253204043185506380_n.jpg?_nc_cat=102&#038;ccb=1-5&#038;_nc_sid=8bfeb9&#038;_nc_ohc=VgOsdgRWJL0AX9P_TcJ&#038;_nc_ht=scontent-mad1-1.xx&#038;oh=7908484a84ea05c1389c515354f33ee8&#038;oe=613EE12A\"><img decoding=\"async\" class=\"wp_automatic_fb_img\" title=\"\" src=\"https:\/\/scontent-mad1-1.xx.fbcdn.net\/v\/t1.6435-9\/222968010_3030088220543816_253204043185506380_n.jpg?_nc_cat=102&#038;ccb=1-5&#038;_nc_sid=8bfeb9&#038;_nc_ohc=VgOsdgRWJL0AX9P_TcJ&#038;_nc_ht=scontent-mad1-1.xx&#038;oh=7908484a84ea05c1389c515354f33ee8&#038;oe=613EE12A\" \/><\/a><br \/>\n<br \/>\n<br \/><a href=\"https:\/\/www.facebook.com\/1712208235665161\/posts\/3030088447210460\">source<\/a>  <\/p>","protected":false},"excerpt":{"rendered":"<p>El regidor d\u2019Esports, Fernando Pascual, s\u2019ha reunit amb el vicepresident i director esportiu de l\u2019escola de futbol base i primer equip de l\u2019UD Alzira, Rafa Asensio. A la reuni\u00f3 s\u2019ha parlat de com es preveu la pretemporada aix\u00ed com la temporada 2021\/2022. A m\u00e9s s\u2019ha empla\u00e7at a una segona reuni\u00f3 per concretar els horaris d\u2019utilitzaci\u00f3 [&hellip;]<\/p>\n","protected":false},"author":1,"featured_media":3494,"comment_status":"open","ping_status":"open","sticky":false,"template":"","format":"standard","meta":{"footnotes":""},"categories":[1],"tags":[],"class_list":["post-3493","post","type-post","status-publish","format-standard","has-post-thumbnail","hentry","category-esports-alzira"],"featured_image_src":{"landsacpe":["https:\/\/esportsmunicipalsalzira.com\/wp-content\/uploads\/2021\/08\/223023989_3030087893877182_5598242863686691771_n-960x445.jpg",960,445,true],"list":["https:\/\/esportsmunicipalsalzira.com\/wp-content\/uploads\/2021\/08\/223023989_3030087893877182_5598242863686691771_n-463x348.jpg",463,348,true],"medium":["https:\/\/esportsmunicipalsalzira.com\/wp-content\/uploads\/2021\/08\/223023989_3030087893877182_5598242863686691771_n-300x225.jpg",300,225,true],"full":["https:\/\/esportsmunicipalsalzira.com\/wp-content\/uploads\/2021\/08\/223023989_3030087893877182_5598242863686691771_n.jpg",960,720,false]},"_links":{"self":[{"href":"https:\/\/esportsmunicipalsalzira.com\/es\/wp-json\/wp\/v2\/posts\/3493","targetHints":{"allow":["GET"]}}],"collection":[{"href":"https:\/\/esportsmunicipalsalzira.com\/es\/wp-json\/wp\/v2\/posts"}],"about":[{"href":"https:\/\/esportsmunicipalsalzira.com\/es\/wp-json\/wp\/v2\/types\/post"}],"author":[{"embeddable":true,"href":"https:\/\/esportsmunicipalsalzira.com\/es\/wp-json\/wp\/v2\/users\/1"}],"replies":[{"embeddable":true,"href":"https:\/\/esportsmunicipalsalzira.com\/es\/wp-json\/wp\/v2\/comments?post=3493"}],"version-history":[{"count":0,"href":"https:\/\/esportsmunicipalsalzira.com\/es\/wp-json\/wp\/v2\/posts\/3493\/revisions"}],"wp:featuredmedia":[{"embeddable":true,"href":"https:\/\/esportsmunicipalsalzira.com\/es\/wp-json\/wp\/v2\/media\/3494"}],"wp:attachment":[{"href":"https:\/\/esportsmunicipalsalzira.com\/es\/wp-json\/wp\/v2\/media?parent=3493"}],"wp:term":[{"taxonomy":"category","embeddable":true,"href":"https:\/\/esportsmunicipalsalzira.com\/es\/wp-json\/wp\/v2\/categories?post=3493"},{"taxonomy":"post_tag","embeddable":true,"href":"https:\/\/esportsmunicipalsalzira.com\/es\/wp-json\/wp\/v2\/tags?post=3493"}],"curies":[{"name":"wp","href":"https:\/\/api.w.org\/{rel}","templated":true}]}}