{"id":3514,"date":"2021-08-24T12:36:51","date_gmt":"2021-08-24T10:36:51","guid":{"rendered":"https:\/\/esportsmunicipalsalzira.com\/la-xiv-edicio-del-torcaf-reunix-als-millors-equips-cadets-del-paistot-apunt-e\/"},"modified":"2021-08-24T12:36:51","modified_gmt":"2021-08-24T10:36:51","slug":"la-xiv-edicio-del-torcaf-reunix-als-millors-equips-cadets-del-paistot-apunt-e","status":"publish","type":"post","link":"https:\/\/esportsmunicipalsalzira.com\/es\/la-xiv-edicio-del-torcaf-reunix-als-millors-equips-cadets-del-paistot-apunt-e\/","title":{"rendered":"La XIV edici\u00f3n del TORCAF re\u00fane a los mejores equipos cadetes del pa\u00eds Todo apunto. E ..."},"content":{"rendered":"<p><br \/>\nLa XIV edici\u00f3n del TORCAF re\u00fane a los mejores equipos cadetes del pa\u00eds<\/p>\n<p>Todo apunte. Los d\u00edas 26, 27 y 28 de agosto se podr\u00e1 llevar adelante la XIV edici\u00f3n del TORCAF, categor\u00eda cadete. Organizado por el Club Ciudad de Alzira FB y con la colaboraci\u00f3n de la Concejal\u00eda de Deportes del Ayuntamiento de Alzira.<\/p>\n<p>Hoy se ha presentado en el Ayuntamiento de Alzira la competici\u00f3n futbol\u00edstica con la presencia del alcalde Diego G\u00f3mez; Fernando Pascual, concejal de Deportes; y Santiago Gar\u00e9s, presidente del Club Ciudad de Alzira FB.<\/p>\n<p>Una de las novedades de este a\u00f1o es que el torneo se disputar\u00e1 en el cuadrangular del estadio Luis Su\u00f1er Pic\u00f3. \u00abEl Su\u00f1er cuenta actualmente con uno de los mejores terrenos de juego de c\u00e9sped natural de la Comunidad Valenciana, por eso es el marco ideal para albergar la edici\u00f3n del TORCAF del 2021 donde tanto equipos como jugadores podr\u00e1n ejecutar sus t\u00e1cticas de juego en un terreno de primera \u00bb, seg\u00fan Fernando Pascual, concejal encargado del \u00e1rea de Deportes.<br \/>\nLa edici\u00f3n del TORCAF contar\u00e1 con los mejores equipos de la Comunidad Valenciana y del \u00e1mbito nacional, tras el impasse del a\u00f1o pasado en que no pudo disputarse el torneo por las restricciones sanitarias derivadas de la pandemia de la Covidien-19. Afortunadamente empezamos a ver la luz al final del tunel y en esta edici\u00f3n del TORCAF repiten los clubes participantes en 2019, donde se impuso el Real Madrid, siendo subcampe\u00f3n el Villarreal CF    <\/p>\n<p>El torneo est\u00e1 dividido en dos grupos. El grupo A formado por Real Madrid CF, Atl\u00e9tico de Madrid, y Valencia CF<\/p>\n<p>Por lo que respecta al grupo B lo conforman los siguientes equipos: Villarreal CF, FC Barcelona, y Levante UD <\/p>\n<p>\u00abLa actividad deportiva, muy din\u00e1mica en nuestra ciudad, va recuper\u00e1ndose despues del par\u00e9ntesis obligado para hacer frente a la pandemia de la Covidien-19, y muestra de ello es el enorme esfuerzo que ha realizado el Club Ciudad de Alzira FB para llevar adelante una nueva edici\u00f3n del TORCAF \u00bb, destac\u00f3 Diego G\u00f3mez, alcalde de Alzira.  <\/p>\n<p>Por su parte Fernando Pascual, concejal de Deportes, ha se\u00f1alado que \u00abEl torneo contar\u00e1 con p\u00fablico, siempre atendiendo a las medidas sanitarias dictaminadas por la Consejer\u00eda de Sanidad de la Generalitat Valenciana, lo que ayudar\u00e1 a dar emoci\u00f3n a los enfrentamientos\u00bb. Tambi\u00e9n manifest\u00f3 que el 30 de agosto se proceder\u00e1 a la resiembra del campo del Su\u00f1er para que est\u00e9 en condiciones de albergar el encuentro de temporada de la UD Alzira \u00bb.<\/p>\n<p>Josep Fatsini, director del TORCAF, ha hecho referencia al inmenso esfuerzo para volver a la realizaci\u00f3n de torneos destacando el gran nivel de los equipos que van a competir en las dos categor\u00edas de la edici\u00f3n de este a\u00f1o, lamentando que la pandemia no haya facilitado que la edici\u00f3n de este a\u00f1o fuera la primera internacional, aunque ha se\u00f1alado que dos equipos, uno de jap\u00f3n y el otro de Estados Unidos, ya han confirmado su presencia en el torneo de 2022 \u00bb.<\/p>\n<p>Por \u00faltimo, Santiago Gar\u00e9s, presidente del Club Ciudad de Alzira FB, agradeci\u00f3 la buena disposici\u00f3n del Ayuntamiento y del Departamento de Deportes para facilitar el campo de f\u00fatbol del Luis Su\u00f1er para el desarrollo del torneo del TORCAF, a Adem\u00e1s de destacar la presencia de observadores de los clubes m\u00e1s importantes y destacados a nivel europeo \u00bb<\/p>\n<p><a href=\"https:\/\/scontent-mad1-1.xx.fbcdn.net\/v\/t1.6435-9\/239400068_3048226512063320_316189130853774407_n.jpg?_nc_cat=100&#038;ccb=1-5&#038;_nc_sid=730e14&#038;_nc_ohc=AHGtSPPWBV0AX-LTTIZ&#038;_nc_ht=scontent-mad1-1.xx&#038;oh=e22a4568b669c14004e5107397de4e7c&#038;oe=614B0C0A\"><img decoding=\"async\" class=\"wp_automatic_fb_img\" title=\"\" src=\"https:\/\/scontent-mad1-1.xx.fbcdn.net\/v\/t1.6435-9\/239400068_3048226512063320_316189130853774407_n.jpg?_nc_cat=100&#038;ccb=1-5&#038;_nc_sid=730e14&#038;_nc_ohc=AHGtSPPWBV0AX-LTTIZ&#038;_nc_ht=scontent-mad1-1.xx&#038;oh=e22a4568b669c14004e5107397de4e7c&#038;oe=614B0C0A\" \/><\/a><br \/><a href=\"https:\/\/scontent-mad1-1.xx.fbcdn.net\/v\/t1.6435-9\/238091969_3048226465396658_4120323643489275017_n.jpg?_nc_cat=111&#038;ccb=1-5&#038;_nc_sid=730e14&#038;_nc_ohc=23nwaEVt7fQAX_5Zwsf&#038;_nc_ht=scontent-mad1-1.xx&#038;oh=20afdf8ecb54db93bdb22f49f001eab5&#038;oe=61498B9F\"><img decoding=\"async\" class=\"wp_automatic_fb_img\" title=\"\" src=\"https:\/\/scontent-mad1-1.xx.fbcdn.net\/v\/t1.6435-9\/238091969_3048226465396658_4120323643489275017_n.jpg?_nc_cat=111&#038;ccb=1-5&#038;_nc_sid=730e14&#038;_nc_ohc=23nwaEVt7fQAX_5Zwsf&#038;_nc_ht=scontent-mad1-1.xx&#038;oh=20afdf8ecb54db93bdb22f49f001eab5&#038;oe=61498B9F\" \/><\/a><br \/><a href=\"https:\/\/scontent-mad1-1.xx.fbcdn.net\/v\/t1.6435-9\/237709731_3048226448729993_3877633110206364233_n.jpg?_nc_cat=100&#038;ccb=1-5&#038;_nc_sid=730e14&#038;_nc_ohc=gz2O_gQFma4AX-oshx7&#038;_nc_ht=scontent-mad1-1.xx&#038;oh=a12645926ac401fb3c52d82c7ffe2d4d&#038;oe=6149065A\"><img decoding=\"async\" class=\"wp_automatic_fb_img\" title=\"\" src=\"https:\/\/scontent-mad1-1.xx.fbcdn.net\/v\/t1.6435-9\/237709731_3048226448729993_3877633110206364233_n.jpg?_nc_cat=100&#038;ccb=1-5&#038;_nc_sid=730e14&#038;_nc_ohc=gz2O_gQFma4AX-oshx7&#038;_nc_ht=scontent-mad1-1.xx&#038;oh=a12645926ac401fb3c52d82c7ffe2d4d&#038;oe=6149065A\" \/><\/a><br \/><a href=\"https:\/\/scontent-mad1-1.xx.fbcdn.net\/v\/t1.6435-9\/239644067_3048226408729997_2164703881611140972_n.jpg?_nc_cat=102&#038;ccb=1-5&#038;_nc_sid=730e14&#038;_nc_ohc=cyUyZvo9OiUAX9Iddjo&#038;_nc_ht=scontent-mad1-1.xx&#038;oh=72e21285e26bd178d1194be33c75aa72&#038;oe=614AF1D1\"><img decoding=\"async\" class=\"wp_automatic_fb_img\" title=\"\" src=\"https:\/\/scontent-mad1-1.xx.fbcdn.net\/v\/t1.6435-9\/239644067_3048226408729997_2164703881611140972_n.jpg?_nc_cat=102&#038;ccb=1-5&#038;_nc_sid=730e14&#038;_nc_ohc=cyUyZvo9OiUAX9Iddjo&#038;_nc_ht=scontent-mad1-1.xx&#038;oh=72e21285e26bd178d1194be33c75aa72&#038;oe=614AF1D1\" \/><\/a><br \/>\n<br \/>\n<br \/><a href=\"https:\/\/www.facebook.com\/1712208235665161\/posts\/3048226632063308\">source<\/a>  <\/p>","protected":false},"excerpt":{"rendered":"<p>La XIV edici\u00f3 del TORCAF reunix als millors equips cadets del pa\u00eds Tot apunt. Els dies 26, 27 i 28 d\u2019agost es podr\u00e0 dur endavant la XIV edici\u00f3 del TORCAF, categoria cadet. Organitzat pel Club Ciutat d\u2019Alzira F.B. i amb la col\u00b7laboraci\u00f3 de la Regidoria d\u2019Esports de l\u2019Ajuntament d\u2019Alzira. Hui s\u2019ha presentat a l\u2019Ajuntament d\u2019Alzira [&hellip;]<\/p>\n","protected":false},"author":1,"featured_media":3515,"comment_status":"open","ping_status":"open","sticky":false,"template":"","format":"standard","meta":{"footnotes":""},"categories":[1],"tags":[],"class_list":["post-3514","post","type-post","status-publish","format-standard","has-post-thumbnail","hentry","category-esports-alzira"],"featured_image_src":{"landsacpe":["https:\/\/esportsmunicipalsalzira.com\/wp-content\/uploads\/2021\/08\/239400068_3048226512063320_316189130853774407_n-1140x445.jpg",1140,445,true],"list":["https:\/\/esportsmunicipalsalzira.com\/wp-content\/uploads\/2021\/08\/239400068_3048226512063320_316189130853774407_n-463x348.jpg",463,348,true],"medium":["https:\/\/esportsmunicipalsalzira.com\/wp-content\/uploads\/2021\/08\/239400068_3048226512063320_316189130853774407_n-300x225.jpg",300,225,true],"full":["https:\/\/esportsmunicipalsalzira.com\/wp-content\/uploads\/2021\/08\/239400068_3048226512063320_316189130853774407_n.jpg",2016,1512,false]},"_links":{"self":[{"href":"https:\/\/esportsmunicipalsalzira.com\/es\/wp-json\/wp\/v2\/posts\/3514","targetHints":{"allow":["GET"]}}],"collection":[{"href":"https:\/\/esportsmunicipalsalzira.com\/es\/wp-json\/wp\/v2\/posts"}],"about":[{"href":"https:\/\/esportsmunicipalsalzira.com\/es\/wp-json\/wp\/v2\/types\/post"}],"author":[{"embeddable":true,"href":"https:\/\/esportsmunicipalsalzira.com\/es\/wp-json\/wp\/v2\/users\/1"}],"replies":[{"embeddable":true,"href":"https:\/\/esportsmunicipalsalzira.com\/es\/wp-json\/wp\/v2\/comments?post=3514"}],"version-history":[{"count":0,"href":"https:\/\/esportsmunicipalsalzira.com\/es\/wp-json\/wp\/v2\/posts\/3514\/revisions"}],"wp:featuredmedia":[{"embeddable":true,"href":"https:\/\/esportsmunicipalsalzira.com\/es\/wp-json\/wp\/v2\/media\/3515"}],"wp:attachment":[{"href":"https:\/\/esportsmunicipalsalzira.com\/es\/wp-json\/wp\/v2\/media?parent=3514"}],"wp:term":[{"taxonomy":"category","embeddable":true,"href":"https:\/\/esportsmunicipalsalzira.com\/es\/wp-json\/wp\/v2\/categories?post=3514"},{"taxonomy":"post_tag","embeddable":true,"href":"https:\/\/esportsmunicipalsalzira.com\/es\/wp-json\/wp\/v2\/tags?post=3514"}],"curies":[{"name":"wp","href":"https:\/\/api.w.org\/{rel}","templated":true}]}}