{"id":3518,"date":"2021-08-27T09:35:32","date_gmt":"2021-08-27T07:35:32","guid":{"rendered":"https:\/\/esportsmunicipalsalzira.com\/continua-celebrant-se-a-la-nostra-ciutat-el-torcaf-ahir-va-donar-inici-el-torne\/"},"modified":"2021-08-27T09:35:32","modified_gmt":"2021-08-27T07:35:32","slug":"continua-celebrant-se-a-la-nostra-ciutat-el-torcaf-ahir-va-donar-inici-el-torne","status":"publish","type":"post","link":"https:\/\/esportsmunicipalsalzira.com\/es\/continua-celebrant-se-a-la-nostra-ciutat-el-torcaf-ahir-va-donar-inici-el-torne\/","title":{"rendered":"Contin\u00faa celebr\u00e1ndose en nuestra ciudad el TORCAF. Ayer dio inicio el vuelva ..."},"content":{"rendered":"<p><div><span><\/p>\n<p>Contin\u00faa celebr\u00e1ndose en nuestra ciudad el TORCAF. Ayer dio inicio el torneo al nuevo escenario: el estadio Luis Su\u00f1er.<\/p>\n<p><\/span><\/div>\n<p><a href=\"https:\/\/facebook.com\/story.php?story_fbid=3050255718527066&amp;id=1712208235665161&amp;viewer=1712208235665161&amp;__tn__=%2As%2As-R&amp;paipv=1\" aria-label=\"Abrir historia\" class=\"_5msj\"><\/a>\n<\/p>\n<p><a href=\"https:\/\/scontent-mad1-1.xx.fbcdn.net\/v\/t1.6435-9\/240787270_3050252968527341_9110341825645632088_n.jpg?_nc_cat=110&#038;ccb=1-5&#038;_nc_sid=8bfeb9&#038;_nc_ohc=yQHVh0lQeUsAX8CCWy3&#038;_nc_ht=scontent-mad1-1.xx&#038;oh=e1ec9e5660c8c552750992c3752f479d&#038;oe=614D99A0\"><img decoding=\"async\" class=\"wp_automatic_fb_img\" title=\"\" src=\"https:\/\/scontent-mad1-1.xx.fbcdn.net\/v\/t1.6435-9\/240787270_3050252968527341_9110341825645632088_n.jpg?_nc_cat=110&#038;ccb=1-5&#038;_nc_sid=8bfeb9&#038;_nc_ohc=yQHVh0lQeUsAX8CCWy3&#038;_nc_ht=scontent-mad1-1.xx&#038;oh=e1ec9e5660c8c552750992c3752f479d&#038;oe=614D99A0\" \/><\/a><br \/><a href=\"https:\/\/scontent-mad1-1.xx.fbcdn.net\/v\/t1.6435-9\/235965221_3050253051860666_3415388561127235291_n.jpg?_nc_cat=107&#038;ccb=1-5&#038;_nc_sid=8bfeb9&#038;_nc_ohc=dBteK9S7Z_8AX_NGQYl&#038;_nc_ht=scontent-mad1-1.xx&#038;oh=4d287a19b37f8fbb73497f7596e6502c&#038;oe=614EC480\"><img decoding=\"async\" class=\"wp_automatic_fb_img\" title=\"\" src=\"https:\/\/scontent-mad1-1.xx.fbcdn.net\/v\/t1.6435-9\/235965221_3050253051860666_3415388561127235291_n.jpg?_nc_cat=107&#038;ccb=1-5&#038;_nc_sid=8bfeb9&#038;_nc_ohc=dBteK9S7Z_8AX_NGQYl&#038;_nc_ht=scontent-mad1-1.xx&#038;oh=4d287a19b37f8fbb73497f7596e6502c&#038;oe=614EC480\" \/><\/a><br \/><a href=\"https:\/\/scontent-mad1-1.xx.fbcdn.net\/v\/t1.6435-9\/240776385_3050252978527340_7692311252776272665_n.jpg?_nc_cat=101&#038;ccb=1-5&#038;_nc_sid=8bfeb9&#038;_nc_ohc=RTbaD9EiN3gAX8fwZ11&#038;_nc_ht=scontent-mad1-1.xx&#038;oh=d471eb7d4fc14e669d736d564555b59c&#038;oe=614F5817\"><img decoding=\"async\" class=\"wp_automatic_fb_img\" title=\"\" src=\"https:\/\/scontent-mad1-1.xx.fbcdn.net\/v\/t1.6435-9\/240776385_3050252978527340_7692311252776272665_n.jpg?_nc_cat=101&#038;ccb=1-5&#038;_nc_sid=8bfeb9&#038;_nc_ohc=RTbaD9EiN3gAX8fwZ11&#038;_nc_ht=scontent-mad1-1.xx&#038;oh=d471eb7d4fc14e669d736d564555b59c&#038;oe=614F5817\" \/><\/a><br \/>\n<br \/>\n<br \/><a href=\"https:\/\/www.facebook.com\/1712208235665161\/posts\/3050255718527066\">source<\/a>  <\/p>","protected":false},"excerpt":{"rendered":"<p>Sigue celebr\u00e1ndose en nuestra ciudad el TORCAF. Ayer dio inicio el torneo en el nuevo escenario: el estadio Llu\u00eds Su\u00f1er. Source<\/p>","protected":false},"author":1,"featured_media":3519,"comment_status":"open","ping_status":"open","sticky":false,"template":"","format":"standard","meta":{"footnotes":""},"categories":[1],"tags":[],"class_list":["post-3518","post","type-post","status-publish","format-standard","has-post-thumbnail","hentry","category-esports-alzira"],"featured_image_src":{"landsacpe":["https:\/\/esportsmunicipalsalzira.com\/wp-content\/uploads\/2021\/08\/240787270_3050252968527341_9110341825645632088_n.jpg",960,444,false],"list":["https:\/\/esportsmunicipalsalzira.com\/wp-content\/uploads\/2021\/08\/240787270_3050252968527341_9110341825645632088_n-463x348.jpg",463,348,true],"medium":["https:\/\/esportsmunicipalsalzira.com\/wp-content\/uploads\/2021\/08\/240787270_3050252968527341_9110341825645632088_n-300x139.jpg",300,139,true],"full":["https:\/\/esportsmunicipalsalzira.com\/wp-content\/uploads\/2021\/08\/240787270_3050252968527341_9110341825645632088_n.jpg",960,444,false]},"_links":{"self":[{"href":"https:\/\/esportsmunicipalsalzira.com\/es\/wp-json\/wp\/v2\/posts\/3518","targetHints":{"allow":["GET"]}}],"collection":[{"href":"https:\/\/esportsmunicipalsalzira.com\/es\/wp-json\/wp\/v2\/posts"}],"about":[{"href":"https:\/\/esportsmunicipalsalzira.com\/es\/wp-json\/wp\/v2\/types\/post"}],"author":[{"embeddable":true,"href":"https:\/\/esportsmunicipalsalzira.com\/es\/wp-json\/wp\/v2\/users\/1"}],"replies":[{"embeddable":true,"href":"https:\/\/esportsmunicipalsalzira.com\/es\/wp-json\/wp\/v2\/comments?post=3518"}],"version-history":[{"count":0,"href":"https:\/\/esportsmunicipalsalzira.com\/es\/wp-json\/wp\/v2\/posts\/3518\/revisions"}],"wp:featuredmedia":[{"embeddable":true,"href":"https:\/\/esportsmunicipalsalzira.com\/es\/wp-json\/wp\/v2\/media\/3519"}],"wp:attachment":[{"href":"https:\/\/esportsmunicipalsalzira.com\/es\/wp-json\/wp\/v2\/media?parent=3518"}],"wp:term":[{"taxonomy":"category","embeddable":true,"href":"https:\/\/esportsmunicipalsalzira.com\/es\/wp-json\/wp\/v2\/categories?post=3518"},{"taxonomy":"post_tag","embeddable":true,"href":"https:\/\/esportsmunicipalsalzira.com\/es\/wp-json\/wp\/v2\/tags?post=3518"}],"curies":[{"name":"wp","href":"https:\/\/api.w.org\/{rel}","templated":true}]}}