{"id":3524,"date":"2021-08-27T22:18:14","date_gmt":"2021-08-27T20:18:14","guid":{"rendered":"https:\/\/esportsmunicipalsalzira.com\/%f0%9d%97%a9-%f0%9d%97%a7%f0%9d%97%a5%f0%9d%97%a2%f0%9d%97%99%f0%9d%97%98%f0%9d%97%a8-%f0%9d%97%9d%f0%9d%97%a8%f0%9d%97%94%f0%9d%97%a1-%f0%9d%97%95%f0%9d%97%98%f0%9d%97%a7%f0%9d%97%98%f0%9d%97%a7\/"},"modified":"2021-08-27T22:18:14","modified_gmt":"2021-08-27T20:18:14","slug":"%f0%9d%97%a9-%f0%9d%97%a7%f0%9d%97%a5%f0%9d%97%a2%f0%9d%97%99%f0%9d%97%98%f0%9d%97%a8-%f0%9d%97%9d%f0%9d%97%a8%f0%9d%97%94%f0%9d%97%a1-%f0%9d%97%95%f0%9d%97%98%f0%9d%97%a7%f0%9d%97%98%f0%9d%97%a7","status":"publish","type":"post","link":"https:\/\/esportsmunicipalsalzira.com\/es\/%f0%9d%97%a9-%f0%9d%97%a7%f0%9d%97%a5%f0%9d%97%a2%f0%9d%97%99%f0%9d%97%98%f0%9d%97%a8-%f0%9d%97%9d%f0%9d%97%a8%f0%9d%97%94%f0%9d%97%a1-%f0%9d%97%95%f0%9d%97%98%f0%9d%97%a7%f0%9d%97%98%f0%9d%97%a7\/","title":{"rendered":"\ud835\udde9 \ud835\udde7\ud835\udde5\ud835\udde2\ud835\uddd9\ud835\uddd8\ud835\udde8 \ud835\udddd\ud835\udde8\ud835\uddd4\ud835\udde1 \ud835\uddd5\ud835\uddd8\ud835\udde7\ud835\uddd8\ud835\udde7\ud835\uddd4 Hemos dado una espectacular imagen ante un Primera Divis ..."},"content":{"rendered":"<p><br \/>\n\ud83c\udfc6\u26bd \ud835\udde9 \ud835\udde7\ud835\udde5\ud835\udde2\ud835\uddd9\ud835\uddd8\ud835\udde8 \ud835\udddd\ud835\udde8\ud835\uddd4\ud835\udde1 \ud835\uddd5\ud835\uddd8\ud835\udde7\ud835\uddd8\ud835\udde7\ud835\uddd4<\/p>\n<p>Hemos dado una espectacular imagen ante un Primera Divisi\u00f3n que nos ha hecho exigirnos al m\u00e1ximo. El marcador, 1-2. \ud83d\udd25 Golazo de Rubi, por cierto. <\/p>\n<p>Enhorabuena al Ja\u00e9n Para\u00edso Interior FS, suerte en liga y much\u00edsimas gracias por la visita. <\/p>\n<p>El concejal de Deportes, Fernando Pascual, y el hijo de Juan Beteta, \u00c1lex Beteta, han entregado los galardones.<\/p>\n<p>#NoFallesAlPalau<\/p>\n<p><a href=\"https:\/\/scontent-mad1-1.xx.fbcdn.net\/v\/t1.6435-9\/240786876_1794098724311491_2392087346724844628_n.jpg?_nc_cat=102&#038;ccb=1-5&#038;_nc_sid=730e14&#038;_nc_ohc=XRW3bSWf3FgAX8D6tEX&#038;_nc_ht=scontent-mad1-1.xx&#038;oh=f6b44b19d464146306141de37a93893e&#038;oe=614F390E\"><img decoding=\"async\" class=\"wp_automatic_fb_img\" title=\"\" src=\"https:\/\/scontent-mad1-1.xx.fbcdn.net\/v\/t1.6435-9\/240786876_1794098724311491_2392087346724844628_n.jpg?_nc_cat=102&#038;ccb=1-5&#038;_nc_sid=730e14&#038;_nc_ohc=XRW3bSWf3FgAX8D6tEX&#038;_nc_ht=scontent-mad1-1.xx&#038;oh=f6b44b19d464146306141de37a93893e&#038;oe=614F390E\" \/><\/a><br \/><a href=\"https:\/\/scontent-mad1-1.xx.fbcdn.net\/v\/t1.6435-9\/240808330_1794098717644825_2501825789910764116_n.jpg?_nc_cat=111&#038;ccb=1-5&#038;_nc_sid=730e14&#038;_nc_ohc=EsOQDp4GFOQAX-5JKKw&#038;_nc_ht=scontent-mad1-1.xx&#038;oh=b86c426519409c24ec8752a1a3e06b16&#038;oe=614E692F\"><img decoding=\"async\" class=\"wp_automatic_fb_img\" title=\"\" src=\"https:\/\/scontent-mad1-1.xx.fbcdn.net\/v\/t1.6435-9\/240808330_1794098717644825_2501825789910764116_n.jpg?_nc_cat=111&#038;ccb=1-5&#038;_nc_sid=730e14&#038;_nc_ohc=EsOQDp4GFOQAX-5JKKw&#038;_nc_ht=scontent-mad1-1.xx&#038;oh=b86c426519409c24ec8752a1a3e06b16&#038;oe=614E692F\" \/><\/a><br \/><a href=\"https:\/\/scontent-mad1-1.xx.fbcdn.net\/v\/t1.6435-9\/240811859_1794098664311497_2754058827605993594_n.jpg?_nc_cat=111&#038;ccb=1-5&#038;_nc_sid=730e14&#038;_nc_ohc=iI6l98i_uRcAX-cicIi&#038;_nc_ht=scontent-mad1-1.xx&#038;oh=80860e55e253131ade96b35c972b1712&#038;oe=614E3BD7\"><img decoding=\"async\" class=\"wp_automatic_fb_img\" title=\"\" src=\"https:\/\/scontent-mad1-1.xx.fbcdn.net\/v\/t1.6435-9\/240811859_1794098664311497_2754058827605993594_n.jpg?_nc_cat=111&#038;ccb=1-5&#038;_nc_sid=730e14&#038;_nc_ohc=iI6l98i_uRcAX-cicIi&#038;_nc_ht=scontent-mad1-1.xx&#038;oh=80860e55e253131ade96b35c972b1712&#038;oe=614E3BD7\" \/><\/a><br \/><a href=\"https:\/\/scontent-mad1-1.xx.fbcdn.net\/v\/t1.6435-9\/239779381_1794098670978163_3199837093473714327_n.jpg?_nc_cat=100&#038;ccb=1-5&#038;_nc_sid=730e14&#038;_nc_ohc=fYLxam4ZNHMAX-mfXpa&#038;_nc_ht=scontent-mad1-1.xx&#038;oh=ec8726f21acfdd4813a51156ff7fd336&#038;oe=6150D916\"><img decoding=\"async\" class=\"wp_automatic_fb_img\" title=\"\" src=\"https:\/\/scontent-mad1-1.xx.fbcdn.net\/v\/t1.6435-9\/239779381_1794098670978163_3199837093473714327_n.jpg?_nc_cat=100&#038;ccb=1-5&#038;_nc_sid=730e14&#038;_nc_ohc=fYLxam4ZNHMAX-mfXpa&#038;_nc_ht=scontent-mad1-1.xx&#038;oh=ec8726f21acfdd4813a51156ff7fd336&#038;oe=6150D916\" \/><\/a><br \/>\n<br \/>\n<br \/><a href=\"https:\/\/www.facebook.com\/1712208235665161\/posts\/3050952085124096\">source<\/a>  <\/p>","protected":false},"excerpt":{"rendered":"<p>\ud83c\udfc6\u26bd \ud835\udde9 \ud835\udde7\ud835\udde5\ud835\udde2\ud835\uddd9\ud835\uddd8\ud835\udde8 \ud835\udddd\ud835\udde8\ud835\uddd4\ud835\udde1 \ud835\uddd5\ud835\uddd8\ud835\udde7\ud835\uddd8\ud835\udde7\ud835\uddd4 Hem donat una espectacular imatge davant un Primera Divisi\u00f3 que ens ha fet exigir-nos al m\u00e0xim. El marcador, 1-2. \ud83d\udd25 Gol\u00e0s de Rubi, per cert. Enhorabona al Ja\u00e9n Para\u00edso Interior FS, sort en lliga i molt\u00edssimes gr\u00e0cies per la visita. El regidor d&#8217;Esports, Fernando Pascual, i el fill de Juan [&hellip;]<\/p>\n","protected":false},"author":1,"featured_media":3525,"comment_status":"open","ping_status":"open","sticky":false,"template":"","format":"standard","meta":{"footnotes":""},"categories":[1],"tags":[],"class_list":["post-3524","post","type-post","status-publish","format-standard","has-post-thumbnail","hentry","category-esports-alzira"],"featured_image_src":{"landsacpe":["https:\/\/esportsmunicipalsalzira.com\/wp-content\/uploads\/2021\/08\/240786876_1794098724311491_2392087346724844628_n-1140x445.jpg",1140,445,true],"list":["https:\/\/esportsmunicipalsalzira.com\/wp-content\/uploads\/2021\/08\/240786876_1794098724311491_2392087346724844628_n-463x348.jpg",463,348,true],"medium":["https:\/\/esportsmunicipalsalzira.com\/wp-content\/uploads\/2021\/08\/240786876_1794098724311491_2392087346724844628_n-300x200.jpg",300,200,true],"full":["https:\/\/esportsmunicipalsalzira.com\/wp-content\/uploads\/2021\/08\/240786876_1794098724311491_2392087346724844628_n.jpg",1944,1296,false]},"_links":{"self":[{"href":"https:\/\/esportsmunicipalsalzira.com\/es\/wp-json\/wp\/v2\/posts\/3524","targetHints":{"allow":["GET"]}}],"collection":[{"href":"https:\/\/esportsmunicipalsalzira.com\/es\/wp-json\/wp\/v2\/posts"}],"about":[{"href":"https:\/\/esportsmunicipalsalzira.com\/es\/wp-json\/wp\/v2\/types\/post"}],"author":[{"embeddable":true,"href":"https:\/\/esportsmunicipalsalzira.com\/es\/wp-json\/wp\/v2\/users\/1"}],"replies":[{"embeddable":true,"href":"https:\/\/esportsmunicipalsalzira.com\/es\/wp-json\/wp\/v2\/comments?post=3524"}],"version-history":[{"count":0,"href":"https:\/\/esportsmunicipalsalzira.com\/es\/wp-json\/wp\/v2\/posts\/3524\/revisions"}],"wp:featuredmedia":[{"embeddable":true,"href":"https:\/\/esportsmunicipalsalzira.com\/es\/wp-json\/wp\/v2\/media\/3525"}],"wp:attachment":[{"href":"https:\/\/esportsmunicipalsalzira.com\/es\/wp-json\/wp\/v2\/media?parent=3524"}],"wp:term":[{"taxonomy":"category","embeddable":true,"href":"https:\/\/esportsmunicipalsalzira.com\/es\/wp-json\/wp\/v2\/categories?post=3524"},{"taxonomy":"post_tag","embeddable":true,"href":"https:\/\/esportsmunicipalsalzira.com\/es\/wp-json\/wp\/v2\/tags?post=3524"}],"curies":[{"name":"wp","href":"https:\/\/api.w.org\/{rel}","templated":true}]}}