{"id":3539,"date":"2021-09-08T09:55:31","date_gmt":"2021-09-08T07:55:31","guid":{"rendered":"https:\/\/esportsmunicipalsalzira.com\/?p=3539"},"modified":"2021-09-14T09:01:51","modified_gmt":"2021-09-14T07:01:51","slug":"els-clubs-esportius-dalzira-ultimen-la-i-fira-de-lesport","status":"publish","type":"post","link":"https:\/\/esportsmunicipalsalzira.com\/es\/els-clubs-esportius-dalzira-ultimen-la-i-fira-de-lesport\/","title":{"rendered":"Los clubes deportivos de Alzira ultiman la I Feria del Deporte"},"content":{"rendered":"<p>El departamento de Deportes se ha reunido con los clubes que participar\u00e1n de la I Feria del Deporte que tendr\u00e1 lugar en la plaza Mayor de 9 a 14 horas y donde se montar\u00e1n stands para que los visitantes puedan conocer la realidad de cada club y su oferta esportiva.La sala municipal de Ajedrez ha acogido esta reuni\u00f3n de trabajo donde los veinte clubes que participar\u00e1n han presentado la oferta que mostrar\u00e1 a los visitantes. Adem\u00e1s se ha presentado el cartel y la imagen corporativa de esta primera Feria del Deporte. Los clubes que participar\u00e1n son Nuevo Voley, Judo, F\u00fatbol Sala, UD Alzira, Taekwondo, Tenis Mesa, La Zorra, Rugby, Deportivo Leo, Nuevo Baloncesto, Billar, Rickysoporteam, Rompeolas Ajedrez, Patinaje Wheeling, Pelota Valenciana, Tiro Ol\u00edmpico, Balonmano, gimnasia r\u00edtmica y Halterof\u00edlia.A este evento deportivo, habr\u00e1 exhibiciones de los clubes de halterofilia, gimnasia r\u00edtmica, judo, taekwondo, pelota valenciana y tenis de mesa, adem\u00e1s de las demostraciones del resto de clubes a sus stands. Habr\u00e1 tambi\u00e9n rifa de material deportivo de las 20 disciplinas deportivas presente en la fira.El concejal de Deportes, Fernando Pascual destac\u00f3 que &quot;Esta primera Feria del Deporte ha tenido una muy buena acogida entre los clubes alzire\u00f1os. Se trata de un escaparate donde mostrar las diferentes disciplinas deportivas que se practican en nuestra ciudad. Con esta iniciativa se pretende que los clubes puedan captar nuevos deportistas y presentar su oferta de actividad f\u00edsica. El edil tambi\u00e9n ha instado a &quot;participar de esta jornada deportiva, una oportunidad \u00fanica para iniciarse en la pr\u00e1ctica del deporte&quot;.<\/p>","protected":false},"excerpt":{"rendered":"<p>El departament d\u2019Esports s\u2019ha reunit amb els clubs que participaran de la I Fira de l\u2019Esport que tindr\u00e0 lloc a la pla\u00e7a Major de 9 a 14 hores i on es muntaran estands perqu\u00e8 els visitants puguen con\u00e9ixer la realitat de cada club i la seua oferta esportiva.La sala municipal d\u2019Escacs ha acollit esta reuni\u00f3 [&hellip;]<\/p>\n","protected":false},"author":1,"featured_media":3559,"comment_status":"open","ping_status":"open","sticky":false,"template":"","format":"standard","meta":{"footnotes":""},"categories":[1],"tags":[],"class_list":["post-3539","post","type-post","status-publish","format-standard","has-post-thumbnail","hentry","category-esports-alzira"],"featured_image_src":{"landsacpe":["https:\/\/esportsmunicipalsalzira.com\/wp-content\/uploads\/2021\/09\/241635603_254628499998388_3795545642548306356_n.jpg",590,296,false],"list":["https:\/\/esportsmunicipalsalzira.com\/wp-content\/uploads\/2021\/09\/241635603_254628499998388_3795545642548306356_n-463x296.jpg",463,296,true],"medium":["https:\/\/esportsmunicipalsalzira.com\/wp-content\/uploads\/2021\/09\/241635603_254628499998388_3795545642548306356_n-300x151.jpg",300,151,true],"full":["https:\/\/esportsmunicipalsalzira.com\/wp-content\/uploads\/2021\/09\/241635603_254628499998388_3795545642548306356_n.jpg",590,296,false]},"_links":{"self":[{"href":"https:\/\/esportsmunicipalsalzira.com\/es\/wp-json\/wp\/v2\/posts\/3539","targetHints":{"allow":["GET"]}}],"collection":[{"href":"https:\/\/esportsmunicipalsalzira.com\/es\/wp-json\/wp\/v2\/posts"}],"about":[{"href":"https:\/\/esportsmunicipalsalzira.com\/es\/wp-json\/wp\/v2\/types\/post"}],"author":[{"embeddable":true,"href":"https:\/\/esportsmunicipalsalzira.com\/es\/wp-json\/wp\/v2\/users\/1"}],"replies":[{"embeddable":true,"href":"https:\/\/esportsmunicipalsalzira.com\/es\/wp-json\/wp\/v2\/comments?post=3539"}],"version-history":[{"count":1,"href":"https:\/\/esportsmunicipalsalzira.com\/es\/wp-json\/wp\/v2\/posts\/3539\/revisions"}],"predecessor-version":[{"id":3540,"href":"https:\/\/esportsmunicipalsalzira.com\/es\/wp-json\/wp\/v2\/posts\/3539\/revisions\/3540"}],"wp:featuredmedia":[{"embeddable":true,"href":"https:\/\/esportsmunicipalsalzira.com\/es\/wp-json\/wp\/v2\/media\/3559"}],"wp:attachment":[{"href":"https:\/\/esportsmunicipalsalzira.com\/es\/wp-json\/wp\/v2\/media?parent=3539"}],"wp:term":[{"taxonomy":"category","embeddable":true,"href":"https:\/\/esportsmunicipalsalzira.com\/es\/wp-json\/wp\/v2\/categories?post=3539"},{"taxonomy":"post_tag","embeddable":true,"href":"https:\/\/esportsmunicipalsalzira.com\/es\/wp-json\/wp\/v2\/tags?post=3539"}],"curies":[{"name":"wp","href":"https:\/\/api.w.org\/{rel}","templated":true}]}}