{"id":3545,"date":"2021-09-01T10:46:18","date_gmt":"2021-09-01T08:46:18","guid":{"rendered":"https:\/\/esportsmunicipalsalzira.com\/?p=3545"},"modified":"2021-09-14T09:02:35","modified_gmt":"2021-09-14T07:02:35","slug":"els-juvenils-de-la-ud-alzira-heu-fet-historia-amb-la-consecucio-del-subcampionat-del-cotif-2021","status":"publish","type":"post","link":"https:\/\/esportsmunicipalsalzira.com\/es\/els-juvenils-de-la-ud-alzira-heu-fet-historia-amb-la-consecucio-del-subcampionat-del-cotif-2021\/","title":{"rendered":"Los juveniles de la UD Alzira ha hecho historia con la consecuci\u00f3n del subcampeonato del COTIF 2021"},"content":{"rendered":"<p>Para hacer historia, tal y como lo define el diccionario, es necesario llevar adelante una actividad que comporta un resultado. Los juveniles de la UD Alzira han hecho historia con la consecuci\u00f3n del subcampeonato del COTIF 2021. La 37 edici\u00f3n del COTIF siempre ser\u00e1 recordada, entre otras cuestiones, por su magnifica trayectoria, consiguiendo vencer al Ruhk de Ucrania en semifinales. Por lo que respecta a la fase de grupos ha conseguido imponerse ante la selecci\u00f3n del Uruguay, adem\u00e1s de igualar el resultado ante dos rivales en liga, el Levante UD y el Villarreal CF, actual campe\u00f3n y subcampe\u00f3n de liga .La final frente al Elche ha sido vibrante, a pesar de no conseguir remontar el gol del equipo ilicitano, pod\u00e9is estar orgullosos de haber llegado donde lo hab\u00e9is hecho. Como concejal de Deportes del Ayuntamiento de Alzira quiero felicitarles y animaros a seguir adelante, porque estoy convencido de que esto es s\u00f3lo el inicio de una etapa llena de buenos resultados y alegr\u00edas. Gracias por hacernos sentir orgullosos de ser alzire\u00f1os. Enhorabuena subcampeones, para nosotros sois los campeones por haber hecho historia en el COTIF, el torneo internacional de Alcudia.<\/p>\n\n\n\n<div class=\"wp-block-image\"><figure class=\"aligncenter size-large\"><img loading=\"lazy\" decoding=\"async\" width=\"600\" height=\"450\" src=\"https:\/\/esportsmunicipalsalzira.com\/wp-content\/uploads\/2021\/09\/241142439_249725450488693_8645186940328995909_n.jpg\" alt=\"\" class=\"wp-image-3548\" srcset=\"https:\/\/esportsmunicipalsalzira.com\/wp-content\/uploads\/2021\/09\/241142439_249725450488693_8645186940328995909_n.jpg 600w, https:\/\/esportsmunicipalsalzira.com\/wp-content\/uploads\/2021\/09\/241142439_249725450488693_8645186940328995909_n-463x348.jpg 463w, https:\/\/esportsmunicipalsalzira.com\/wp-content\/uploads\/2021\/09\/241142439_249725450488693_8645186940328995909_n-400x300.jpg 400w, https:\/\/esportsmunicipalsalzira.com\/wp-content\/uploads\/2021\/09\/241142439_249725450488693_8645186940328995909_n-367x275.jpg 367w\" sizes=\"auto, (max-width: 600px) 100vw, 600px\" \/><\/figure><\/div>","protected":false},"excerpt":{"rendered":"<p>Per a fer hist\u00f2ria, tal com ho definix el diccionari, cal dur endavant una activitat que comporta un resultat. Els juvenils de la UD Alzira heu fet hist\u00f2ria amb la consecuci\u00f3 del subcampionat del COTIF 2021.La 37 edici\u00f3 del COTIF sempre ser\u00e0 recordada, entre altres q\u00fcestions, per la vostra magnifica traject\u00f2ria, aconseguint v\u00e9ncer al Ruhk [&hellip;]<\/p>\n","protected":false},"author":1,"featured_media":3548,"comment_status":"open","ping_status":"open","sticky":false,"template":"","format":"standard","meta":{"footnotes":""},"categories":[1],"tags":[],"class_list":["post-3545","post","type-post","status-publish","format-standard","has-post-thumbnail","hentry","category-esports-alzira"],"featured_image_src":{"landsacpe":["https:\/\/esportsmunicipalsalzira.com\/wp-content\/uploads\/2021\/09\/241142439_249725450488693_8645186940328995909_n-600x445.jpg",600,445,true],"list":["https:\/\/esportsmunicipalsalzira.com\/wp-content\/uploads\/2021\/09\/241142439_249725450488693_8645186940328995909_n-463x348.jpg",463,348,true],"medium":["https:\/\/esportsmunicipalsalzira.com\/wp-content\/uploads\/2021\/09\/241142439_249725450488693_8645186940328995909_n-300x225.jpg",300,225,true],"full":["https:\/\/esportsmunicipalsalzira.com\/wp-content\/uploads\/2021\/09\/241142439_249725450488693_8645186940328995909_n.jpg",600,450,false]},"_links":{"self":[{"href":"https:\/\/esportsmunicipalsalzira.com\/es\/wp-json\/wp\/v2\/posts\/3545","targetHints":{"allow":["GET"]}}],"collection":[{"href":"https:\/\/esportsmunicipalsalzira.com\/es\/wp-json\/wp\/v2\/posts"}],"about":[{"href":"https:\/\/esportsmunicipalsalzira.com\/es\/wp-json\/wp\/v2\/types\/post"}],"author":[{"embeddable":true,"href":"https:\/\/esportsmunicipalsalzira.com\/es\/wp-json\/wp\/v2\/users\/1"}],"replies":[{"embeddable":true,"href":"https:\/\/esportsmunicipalsalzira.com\/es\/wp-json\/wp\/v2\/comments?post=3545"}],"version-history":[{"count":1,"href":"https:\/\/esportsmunicipalsalzira.com\/es\/wp-json\/wp\/v2\/posts\/3545\/revisions"}],"predecessor-version":[{"id":3549,"href":"https:\/\/esportsmunicipalsalzira.com\/es\/wp-json\/wp\/v2\/posts\/3545\/revisions\/3549"}],"wp:featuredmedia":[{"embeddable":true,"href":"https:\/\/esportsmunicipalsalzira.com\/es\/wp-json\/wp\/v2\/media\/3548"}],"wp:attachment":[{"href":"https:\/\/esportsmunicipalsalzira.com\/es\/wp-json\/wp\/v2\/media?parent=3545"}],"wp:term":[{"taxonomy":"category","embeddable":true,"href":"https:\/\/esportsmunicipalsalzira.com\/es\/wp-json\/wp\/v2\/categories?post=3545"},{"taxonomy":"post_tag","embeddable":true,"href":"https:\/\/esportsmunicipalsalzira.com\/es\/wp-json\/wp\/v2\/tags?post=3545"}],"curies":[{"name":"wp","href":"https:\/\/api.w.org\/{rel}","templated":true}]}}