{"id":3676,"date":"2021-10-25T08:20:00","date_gmt":"2021-10-25T06:20:00","guid":{"rendered":"https:\/\/esportsmunicipalsalzira.com\/?p=3676"},"modified":"2021-10-25T08:20:00","modified_gmt":"2021-10-25T06:20:00","slug":"muy-buena-victoria-del-inter-b-en-orihuela-7-24","status":"publish","type":"post","link":"https:\/\/esportsmunicipalsalzira.com\/es\/muy-buena-victoria-del-inter-b-en-orihuela-7-24\/","title":{"rendered":"Muy buena victoria del Inter \u201cB\u201d en Orihuela (7-24)"},"content":{"rendered":"<p>Buen partido el de los chicos de Calabr\u00f3, consiguiendo la primera victoria de la temporada en la segunda jornada del campeonato, despu\u00e9s de que en la primera, perder\u00e1n en su terreno por un ajustado 20 \u2013 22 ante el Castell\u00f3n.<\/p>\n<p>El m\u00edster Calabr\u00f3 que sigue intentando reconstruir el equipo, mezcla de juventud y veteran\u00eda, afrontaba el partido con muchos cambios respecto a la primera jornada, fruto de los \u201cintercambios\u201d propios entre el primer y segundo equipo hasta conseguir el mejor de los ajustes. Sin embargo y con muchos jugadores actuando fuera de lugar, los chicos respondieron muy bien a las expectativas, con buena actitud en defensa y tratando de generar jugadas en ataque aunque, con imprecisiones propias de jugar poco tiempo juntos.<\/p>\n<p>Enfrente, los locales presentaban un equipo con jugadores grandes, que practicaron un juego con mucha sucesi\u00f3n de \u201cruks\u201d y mucho ataque individual que los nuestros defendieron bien.<\/p>\n<p>As\u00ed, los nuestros se adelantaron pronto en el marcador con un ensayo de Jordi Moncho que patear\u00eda a palos Saul Alberola para arrondar el 0 a 7, era el minuto 6\u2032.<\/p>\n<p>En el 32\u2032, golpe de castigo a favor de que, de nuevo pateaba y transformaba Sa\u00fal; 0-10 con lo que se legar\u00eda al descanso.<\/p>\n<p>El segundo tiempo se desarroll\u00f3 de igual modo que el primero, con algunas imprecisiones nuestras y con juego desordenado por parte de los oriolanos que, a\u00fan as\u00ed, lograron acortar distancias en el 44\u2032 por medio de su capit\u00e1n Luis Feliz. Sergio Valero transform\u00f3 el ensayo para apretar el marcador nada m\u00e1s arrancar el segundo tiempo (7-10).<\/p>\n<p>Felices se las promet\u00edan los locales con este tanteador pero, s\u00f3lo fue un espejismo. El Inter que, aunque jugando a r\u00e1fagas, control\u00f3 el partido la mayor parte del tiempo, volvi\u00f3 a adelantarse en el 55\u2032 por medio de Sa\u00fal que, \u00e9l mismo transform\u00f3 (7-17). Poco despu\u00e9s, en el 68\u2032, Francisco Cu\u00f1at lograba el tercer ensayo para los interistas que, otra vez Sa\u00fal que en el puesto de 10 hizo un gran partido, pasar\u00eda entre palos para dejar el marcador definitivo de 7 a 24.<\/p>\n<p>En definitiva, pese a imprecisiones, algunos errores de colocaci\u00f3n en las \u201cruks\u201d y, en el partido de ayer, saber enfriar el partido en los minutos finales, este equipo tiene margen de mejora a poco que se trabaje un poco m\u00e1s y se vaya acoplando y, esta victoria, dar\u00e1 tranquilidad para ello.<\/p>\n<p>Orihuela CR 7: Jos\u00e9 Antonio Lid\u00f3n, Chistian Magallanes, Jos\u00e9 Manuel Anguita, Alvaro Guil, Alejando Box, Luis Feliz (Capit\u00e1n), Jos\u00e9 Garc\u00eda, Alejandro L\u00f3pez, Luis D\u00edaz, Pedro Murcia, Ra\u00fal Rodr\u00edguez, Gustavo Hoffmeister, Sergio Valero, David Manzanares y Alejandro Belmonte.<\/p>\n<p>CR Inter \u201cB\u201d 24: Xisco Mart\u00ednez, Javier Barber\u00e1, Francisco Garrido, Catalino Tanase, Evaristo Uriburu (Capit\u00e1n), Vicente G\u00f3mez, Juan Ignacio Luj\u00e1n, Pablo Garc\u00eda, Alejandro Sancasto, Sa\u00fal Alberola, Francisco Cu\u00f1at, Jordi Moncho, Jos\u00e9 Manuel Bertomeu , Abel Benavent y Bruno Lyard.<\/p>","protected":false},"excerpt":{"rendered":"<p>Buen partido el de los chicos de Calabr\u00f3, consiguiendo la primera victoria de la temporada en la segunda jornada del campeonato, despu\u00e9s de que en la primera, perdieran en su terreno por un ajustado 20 &#8211; 22 ante el Castell\u00f3. El m\u00edster Calabr\u00f3 que sigue intentando reconstruir el equipo, mezcla de juventud y veteran\u00eda, afrontaba [&hellip;]<\/p>\n","protected":false},"author":1,"featured_media":3677,"comment_status":"open","ping_status":"open","sticky":false,"template":"","format":"standard","meta":{"footnotes":""},"categories":[1],"tags":[],"class_list":["post-3676","post","type-post","status-publish","format-standard","has-post-thumbnail","hentry","category-esports-alzira"],"featured_image_src":{"landsacpe":["https:\/\/esportsmunicipalsalzira.com\/wp-content\/uploads\/2021\/10\/Orihuela-7-Inter-B-24-1140x445.jpg",1140,445,true],"list":["https:\/\/esportsmunicipalsalzira.com\/wp-content\/uploads\/2021\/10\/Orihuela-7-Inter-B-24-463x348.jpg",463,348,true],"medium":["https:\/\/esportsmunicipalsalzira.com\/wp-content\/uploads\/2021\/10\/Orihuela-7-Inter-B-24-300x199.jpg",300,199,true],"full":["https:\/\/esportsmunicipalsalzira.com\/wp-content\/uploads\/2021\/10\/Orihuela-7-Inter-B-24-scaled.jpg",2560,1701,false]},"_links":{"self":[{"href":"https:\/\/esportsmunicipalsalzira.com\/es\/wp-json\/wp\/v2\/posts\/3676","targetHints":{"allow":["GET"]}}],"collection":[{"href":"https:\/\/esportsmunicipalsalzira.com\/es\/wp-json\/wp\/v2\/posts"}],"about":[{"href":"https:\/\/esportsmunicipalsalzira.com\/es\/wp-json\/wp\/v2\/types\/post"}],"author":[{"embeddable":true,"href":"https:\/\/esportsmunicipalsalzira.com\/es\/wp-json\/wp\/v2\/users\/1"}],"replies":[{"embeddable":true,"href":"https:\/\/esportsmunicipalsalzira.com\/es\/wp-json\/wp\/v2\/comments?post=3676"}],"version-history":[{"count":1,"href":"https:\/\/esportsmunicipalsalzira.com\/es\/wp-json\/wp\/v2\/posts\/3676\/revisions"}],"predecessor-version":[{"id":3678,"href":"https:\/\/esportsmunicipalsalzira.com\/es\/wp-json\/wp\/v2\/posts\/3676\/revisions\/3678"}],"wp:featuredmedia":[{"embeddable":true,"href":"https:\/\/esportsmunicipalsalzira.com\/es\/wp-json\/wp\/v2\/media\/3677"}],"wp:attachment":[{"href":"https:\/\/esportsmunicipalsalzira.com\/es\/wp-json\/wp\/v2\/media?parent=3676"}],"wp:term":[{"taxonomy":"category","embeddable":true,"href":"https:\/\/esportsmunicipalsalzira.com\/es\/wp-json\/wp\/v2\/categories?post=3676"},{"taxonomy":"post_tag","embeddable":true,"href":"https:\/\/esportsmunicipalsalzira.com\/es\/wp-json\/wp\/v2\/tags?post=3676"}],"curies":[{"name":"wp","href":"https:\/\/api.w.org\/{rel}","templated":true}]}}