{"id":3709,"date":"2021-12-01T08:32:44","date_gmt":"2021-12-01T07:32:44","guid":{"rendered":"https:\/\/esportsmunicipalsalzira.com\/?p=3709"},"modified":"2021-12-01T08:32:44","modified_gmt":"2021-12-01T07:32:44","slug":"carla-vives-medalla-de-bronze-al-campionat-despanya-de-karate","status":"publish","type":"post","link":"https:\/\/esportsmunicipalsalzira.com\/es\/carla-vives-medalla-de-bronze-al-campionat-despanya-de-karate\/","title":{"rendered":"CARLA VIVAS medalla de Bronce en el Campeonato de Espa\u00f1a de Karate"},"content":{"rendered":"<p>Nos alegra comunicaros que CARLA VIVES, del Club Karate Alzira, consigue la medalla de Bronce \ud83e\udd49 en el Campeonato de Espa\u00f1a de Karate celebrado en M\u00e1laga el pasado fin de semana. Tras proclamarse Campeona Auton\u00f3mica el pasado mes, alcanza el Bronce Nacional, en la modalidad de Kumite Sub-21 Femenino, representando a la Comunitat Valenciana.<\/p>\n<p>CARLA, luchadora, trabajadora y constante queremos felicitarla y hacer eco de su merecido \u00e9xito.<\/p>\n<p><img loading=\"lazy\" decoding=\"async\" class=\"alignnone wp-image-3711 size-full\" src=\"https:\/\/esportsmunicipalsalzira.com\/wp-content\/uploads\/2021\/12\/FB_IMG_1638288923887.jpg\" alt=\"\" width=\"768\" height=\"816\" srcset=\"https:\/\/esportsmunicipalsalzira.com\/wp-content\/uploads\/2021\/12\/FB_IMG_1638288923887.jpg 768w, https:\/\/esportsmunicipalsalzira.com\/wp-content\/uploads\/2021\/12\/FB_IMG_1638288923887-640x680.jpg 640w, https:\/\/esportsmunicipalsalzira.com\/wp-content\/uploads\/2021\/12\/FB_IMG_1638288923887-400x425.jpg 400w, https:\/\/esportsmunicipalsalzira.com\/wp-content\/uploads\/2021\/12\/FB_IMG_1638288923887-367x390.jpg 367w\" sizes=\"auto, (max-width: 768px) 100vw, 768px\" \/><img loading=\"lazy\" decoding=\"async\" class=\"alignnone wp-image-3712 size-full\" src=\"https:\/\/esportsmunicipalsalzira.com\/wp-content\/uploads\/2021\/12\/FB_IMG_1638288929983.jpg\" alt=\"\" width=\"764\" height=\"1024\" srcset=\"https:\/\/esportsmunicipalsalzira.com\/wp-content\/uploads\/2021\/12\/FB_IMG_1638288929983.jpg 764w, https:\/\/esportsmunicipalsalzira.com\/wp-content\/uploads\/2021\/12\/FB_IMG_1638288929983-640x858.jpg 640w, https:\/\/esportsmunicipalsalzira.com\/wp-content\/uploads\/2021\/12\/FB_IMG_1638288929983-400x536.jpg 400w, https:\/\/esportsmunicipalsalzira.com\/wp-content\/uploads\/2021\/12\/FB_IMG_1638288929983-367x492.jpg 367w\" sizes=\"auto, (max-width: 764px) 100vw, 764px\" \/><\/p>","protected":false},"excerpt":{"rendered":"<p>Ens alegra comunicar-vos que CARLA VIVES , del Club Karate Alzira, aconsegueix la medalla de Bronze \ud83e\udd49 al Campionat d\u2019Espanya de Karate celebrat en M\u00e0laga el passat cap de setmana. Despr\u00e9s de proclamar-se Campiona Auton\u00f3mica el passat mes, aconsegueix el Bronze Nacional, en la modalidad de Kumite Sub-21 Femen\u00ed, representant a la Comunitat Valenciana. CARLA, [&hellip;]<\/p>\n","protected":false},"author":1,"featured_media":3710,"comment_status":"open","ping_status":"open","sticky":false,"template":"","format":"standard","meta":{"footnotes":""},"categories":[1],"tags":[],"class_list":["post-3709","post","type-post","status-publish","format-standard","has-post-thumbnail","hentry","category-esports-alzira"],"featured_image_src":{"landsacpe":["https:\/\/esportsmunicipalsalzira.com\/wp-content\/uploads\/2021\/12\/FB_IMG_1638288915629-960x445.jpg",960,445,true],"list":["https:\/\/esportsmunicipalsalzira.com\/wp-content\/uploads\/2021\/12\/FB_IMG_1638288915629-463x348.jpg",463,348,true],"medium":["https:\/\/esportsmunicipalsalzira.com\/wp-content\/uploads\/2021\/12\/FB_IMG_1638288915629-300x200.jpg",300,200,true],"full":["https:\/\/esportsmunicipalsalzira.com\/wp-content\/uploads\/2021\/12\/FB_IMG_1638288915629.jpg",960,640,false]},"_links":{"self":[{"href":"https:\/\/esportsmunicipalsalzira.com\/es\/wp-json\/wp\/v2\/posts\/3709","targetHints":{"allow":["GET"]}}],"collection":[{"href":"https:\/\/esportsmunicipalsalzira.com\/es\/wp-json\/wp\/v2\/posts"}],"about":[{"href":"https:\/\/esportsmunicipalsalzira.com\/es\/wp-json\/wp\/v2\/types\/post"}],"author":[{"embeddable":true,"href":"https:\/\/esportsmunicipalsalzira.com\/es\/wp-json\/wp\/v2\/users\/1"}],"replies":[{"embeddable":true,"href":"https:\/\/esportsmunicipalsalzira.com\/es\/wp-json\/wp\/v2\/comments?post=3709"}],"version-history":[{"count":1,"href":"https:\/\/esportsmunicipalsalzira.com\/es\/wp-json\/wp\/v2\/posts\/3709\/revisions"}],"predecessor-version":[{"id":3713,"href":"https:\/\/esportsmunicipalsalzira.com\/es\/wp-json\/wp\/v2\/posts\/3709\/revisions\/3713"}],"wp:featuredmedia":[{"embeddable":true,"href":"https:\/\/esportsmunicipalsalzira.com\/es\/wp-json\/wp\/v2\/media\/3710"}],"wp:attachment":[{"href":"https:\/\/esportsmunicipalsalzira.com\/es\/wp-json\/wp\/v2\/media?parent=3709"}],"wp:term":[{"taxonomy":"category","embeddable":true,"href":"https:\/\/esportsmunicipalsalzira.com\/es\/wp-json\/wp\/v2\/categories?post=3709"},{"taxonomy":"post_tag","embeddable":true,"href":"https:\/\/esportsmunicipalsalzira.com\/es\/wp-json\/wp\/v2\/tags?post=3709"}],"curies":[{"name":"wp","href":"https:\/\/api.w.org\/{rel}","templated":true}]}}