{"id":3825,"date":"2022-03-15T11:09:21","date_gmt":"2022-03-15T10:09:21","guid":{"rendered":"https:\/\/esportsmunicipalsalzira.com\/?p=3825"},"modified":"2022-03-15T11:10:26","modified_gmt":"2022-03-15T10:10:26","slug":"alzira-celebrara-finalment-la-carrera-solidaria-de-la-dona-el-27-de-marc","status":"publish","type":"post","link":"https:\/\/esportsmunicipalsalzira.com\/es\/alzira-celebrara-finalment-la-carrera-solidaria-de-la-dona-el-27-de-marc\/","title":{"rendered":"Alzira celebrar\u00e1 finalmente la Carrera Solidaria de la Mujer el 27 de marzo"},"content":{"rendered":"<p>Despu\u00e9s de tener que suspender por la lluvia la Carrera se la Mujer el pasado 6 de marzo, la carrera finalmente se reanudar\u00e1 el domingo 27 de marzo con el mismo recorrido y la misma estructura.<\/p>\n<p>Los organizadores del evento deportivo, el Club de Atletismo La Rabosa junto con la concejal\u00eda de Deporte han decidido celebrar la carrera solidaria ampliando tambi\u00e9n el per\u00edodo de venta de dorsales.<\/p>\n<p>Cabe recordar que el precio de la inscripci\u00f3n es de 3 euros, destinados a la Asociaci\u00f3n de Familiares de Alzheimer y puede participar cualquier mujer mayor de catorce a\u00f1os.<\/p>\n<p>Se pueden adquirir los dorsales en la piscina cubierta, en la sede del Club La Rabosa (Polideportivo aire libre de Tulell), en AFA, Asociaci\u00f3n Familiares Enfermos de Alzheimer y en la Tourist Info de la plaza Mayor. Tambi\u00e9n en internet en <a href=\"https:\/\/runatica.com\">www.runatica.com<\/a>.<\/p>","protected":false},"excerpt":{"rendered":"<p>Despr\u00e9s d&#8217;haver de suspendre per la pluja la Carrera se la Dona el passat 6 de mar\u00e7, la cursa finalment es reprendr\u00e0 el diumenge 27 de mar\u00e7 amb el mateix recorregut i la mateixa estructura. Els organitzadors de l\u2019esdeveniment esportiu, el Club d\u2019Atletisme La Rabosa junt amb la regidoria d\u2019Esport han decidit celebrar la carrera [&hellip;]<\/p>\n","protected":false},"author":1,"featured_media":3826,"comment_status":"open","ping_status":"open","sticky":false,"template":"","format":"standard","meta":{"footnotes":""},"categories":[1],"tags":[],"class_list":["post-3825","post","type-post","status-publish","format-standard","has-post-thumbnail","hentry","category-esports-alzira"],"featured_image_src":{"landsacpe":["https:\/\/esportsmunicipalsalzira.com\/wp-content\/uploads\/2022\/03\/cartell-carrera-solidaria__page-0001-1140x445.jpg",1140,445,true],"list":["https:\/\/esportsmunicipalsalzira.com\/wp-content\/uploads\/2022\/03\/cartell-carrera-solidaria__page-0001-463x348.jpg",463,348,true],"medium":["https:\/\/esportsmunicipalsalzira.com\/wp-content\/uploads\/2022\/03\/cartell-carrera-solidaria__page-0001-213x300.jpg",213,300,true],"full":["https:\/\/esportsmunicipalsalzira.com\/wp-content\/uploads\/2022\/03\/cartell-carrera-solidaria__page-0001-scaled.jpg",1820,2560,false]},"_links":{"self":[{"href":"https:\/\/esportsmunicipalsalzira.com\/es\/wp-json\/wp\/v2\/posts\/3825","targetHints":{"allow":["GET"]}}],"collection":[{"href":"https:\/\/esportsmunicipalsalzira.com\/es\/wp-json\/wp\/v2\/posts"}],"about":[{"href":"https:\/\/esportsmunicipalsalzira.com\/es\/wp-json\/wp\/v2\/types\/post"}],"author":[{"embeddable":true,"href":"https:\/\/esportsmunicipalsalzira.com\/es\/wp-json\/wp\/v2\/users\/1"}],"replies":[{"embeddable":true,"href":"https:\/\/esportsmunicipalsalzira.com\/es\/wp-json\/wp\/v2\/comments?post=3825"}],"version-history":[{"count":3,"href":"https:\/\/esportsmunicipalsalzira.com\/es\/wp-json\/wp\/v2\/posts\/3825\/revisions"}],"predecessor-version":[{"id":3829,"href":"https:\/\/esportsmunicipalsalzira.com\/es\/wp-json\/wp\/v2\/posts\/3825\/revisions\/3829"}],"wp:featuredmedia":[{"embeddable":true,"href":"https:\/\/esportsmunicipalsalzira.com\/es\/wp-json\/wp\/v2\/media\/3826"}],"wp:attachment":[{"href":"https:\/\/esportsmunicipalsalzira.com\/es\/wp-json\/wp\/v2\/media?parent=3825"}],"wp:term":[{"taxonomy":"category","embeddable":true,"href":"https:\/\/esportsmunicipalsalzira.com\/es\/wp-json\/wp\/v2\/categories?post=3825"},{"taxonomy":"post_tag","embeddable":true,"href":"https:\/\/esportsmunicipalsalzira.com\/es\/wp-json\/wp\/v2\/tags?post=3825"}],"curies":[{"name":"wp","href":"https:\/\/api.w.org\/{rel}","templated":true}]}}