{"id":3899,"date":"2022-07-21T10:38:50","date_gmt":"2022-07-21T08:38:50","guid":{"rendered":"https:\/\/esportsmunicipalsalzira.com\/?p=3899"},"modified":"2022-07-21T10:38:50","modified_gmt":"2022-07-21T08:38:50","slug":"el-club-halterofilia-alzira-continua-imparable","status":"publish","type":"post","link":"https:\/\/esportsmunicipalsalzira.com\/es\/el-club-halterofilia-alzira-continua-imparable\/","title":{"rendered":"EL CLUB HALTEROFILIA ALZIRA CONTINUA IMPARABLE."},"content":{"rendered":"<p>El pasado d\u00eda 2 de julio se celebr\u00f3 en el pabell\u00f3n Julian Perea la III Jornada de liga nacional sub 15, sub17, junior y absoluta, femenina y masculina.<\/p>\n<p>Participaron los levantadores de los clubs El Cabanyal y club halterofilia Alzira.<\/p>\n<p>Los alzire\u00f1os se situaron en la cuarta posici\u00f3n a nivel regional, quedando pendiente la Jornada final que ser\u00e1 la que le dar\u00e1 el pasaporte para la participaci\u00f3n en la Copa del Rey.<\/p>\n<p>Los ganadores de esta competici\u00f3n fueron Pau Malonda del club de Alzira y Gemma Atienza del Cabanyal.<\/p>\n<p>Destacar en esta jornada la participaci\u00f3n de la levantadora Eva Alfaro que con un total ol\u00edmpico de 90 kilogramos logr\u00f3 la marca m\u00ednima para participar en el campeonato de Espa\u00f1a sub15.<\/p>\n<p>Del 3 al 8 de Julio se realiz\u00f3 la concentraci\u00f3n que convoc\u00f3 a la direcci\u00f3n t\u00e9cnica de la Federaci\u00f3n Valenciana. El club Halterofilia Alzira tuvo el mayor n\u00famero de levantadores convocados de todos los clubes siendo los propios Ruben \u00d3rtiz, Hector Soto, Jose F. Maya, Robert Strownoski, Nayden Tanev, Carlos Malonda y Andrea Bernia.<\/p>\n<p>Por otra parte, la Presidenta del club Alzira y Juez Internacional M\u00f3nica Carri\u00f3 arbitr\u00f3 en el Campeonato de la Uni\u00f3n Europea en la ciudad de Le\u00f3n.<\/p>\n<p>La composici\u00f3n del arbitraje lo compusieron jueces de distintos pa\u00edses como Austria, Francia, B\u00e9lgica y Espa\u00f1a.<\/p>\n<p>Finalmente el d\u00eda 23 de Julio, con motivo de las Fiestas de Sant Bernat se realizar\u00e1 la final de los Juegos Deportivos de la Comunitat Valenciana.<\/p>\n<p><img loading=\"lazy\" decoding=\"async\" class=\"alignnone wp-image-3901 size-large\" src=\"https:\/\/esportsmunicipalsalzira.com\/wp-content\/uploads\/2022\/07\/Concentracion-Julio-2022-694x1024.jpg\" alt=\"\" width=\"694\" height=\"1024\" srcset=\"https:\/\/esportsmunicipalsalzira.com\/wp-content\/uploads\/2022\/07\/Concentracion-Julio-2022-694x1024.jpg 694w, https:\/\/esportsmunicipalsalzira.com\/wp-content\/uploads\/2022\/07\/Concentracion-Julio-2022-640x944.jpg 640w, https:\/\/esportsmunicipalsalzira.com\/wp-content\/uploads\/2022\/07\/Concentracion-Julio-2022-400x590.jpg 400w, https:\/\/esportsmunicipalsalzira.com\/wp-content\/uploads\/2022\/07\/Concentracion-Julio-2022-367x542.jpg 367w\" sizes=\"auto, (max-width: 694px) 100vw, 694px\" \/><img loading=\"lazy\" decoding=\"async\" class=\"alignnone wp-image-3902 size-large\" src=\"https:\/\/esportsmunicipalsalzira.com\/wp-content\/uploads\/2022\/07\/Cartel-Jocs-Espotius-Alzira-23-de-Julio--724x1024.jpg\" alt=\"\" width=\"724\" height=\"1024\" srcset=\"https:\/\/esportsmunicipalsalzira.com\/wp-content\/uploads\/2022\/07\/Cartel-Jocs-Espotius-Alzira-23-de-Julio--724x1024.jpg 724w, https:\/\/esportsmunicipalsalzira.com\/wp-content\/uploads\/2022\/07\/Cartel-Jocs-Espotius-Alzira-23-de-Julio--640x905.jpg 640w, https:\/\/esportsmunicipalsalzira.com\/wp-content\/uploads\/2022\/07\/Cartel-Jocs-Espotius-Alzira-23-de-Julio--400x566.jpg 400w, https:\/\/esportsmunicipalsalzira.com\/wp-content\/uploads\/2022\/07\/Cartel-Jocs-Espotius-Alzira-23-de-Julio--367x519.jpg 367w\" sizes=\"auto, (max-width: 724px) 100vw, 724px\" \/><img loading=\"lazy\" decoding=\"async\" class=\"alignnone wp-image-3903 size-large\" src=\"https:\/\/esportsmunicipalsalzira.com\/wp-content\/uploads\/2022\/07\/club-halterofilia-Alzira-Jornada-de-Liga-2-de-julio--1024x683.jpg\" alt=\"\" width=\"1024\" height=\"683\" srcset=\"https:\/\/esportsmunicipalsalzira.com\/wp-content\/uploads\/2022\/07\/club-halterofilia-Alzira-Jornada-de-Liga-2-de-julio--1024x683.jpg 1024w, https:\/\/esportsmunicipalsalzira.com\/wp-content\/uploads\/2022\/07\/club-halterofilia-Alzira-Jornada-de-Liga-2-de-julio--768x512.jpg 768w, https:\/\/esportsmunicipalsalzira.com\/wp-content\/uploads\/2022\/07\/club-halterofilia-Alzira-Jornada-de-Liga-2-de-julio--640x427.jpg 640w, https:\/\/esportsmunicipalsalzira.com\/wp-content\/uploads\/2022\/07\/club-halterofilia-Alzira-Jornada-de-Liga-2-de-julio--400x267.jpg 400w, https:\/\/esportsmunicipalsalzira.com\/wp-content\/uploads\/2022\/07\/club-halterofilia-Alzira-Jornada-de-Liga-2-de-julio--367x245.jpg 367w\" sizes=\"auto, (max-width: 1024px) 100vw, 1024px\" \/><img loading=\"lazy\" decoding=\"async\" class=\"alignnone wp-image-3904 size-large\" src=\"https:\/\/esportsmunicipalsalzira.com\/wp-content\/uploads\/2022\/07\/Foto-Eva-Alfaro--1024x683.jpg\" alt=\"\" width=\"1024\" height=\"683\" srcset=\"https:\/\/esportsmunicipalsalzira.com\/wp-content\/uploads\/2022\/07\/Foto-Eva-Alfaro--1024x683.jpg 1024w, https:\/\/esportsmunicipalsalzira.com\/wp-content\/uploads\/2022\/07\/Foto-Eva-Alfaro--768x512.jpg 768w, https:\/\/esportsmunicipalsalzira.com\/wp-content\/uploads\/2022\/07\/Foto-Eva-Alfaro--640x427.jpg 640w, https:\/\/esportsmunicipalsalzira.com\/wp-content\/uploads\/2022\/07\/Foto-Eva-Alfaro--400x267.jpg 400w, https:\/\/esportsmunicipalsalzira.com\/wp-content\/uploads\/2022\/07\/Foto-Eva-Alfaro--367x245.jpg 367w\" sizes=\"auto, (max-width: 1024px) 100vw, 1024px\" \/><img loading=\"lazy\" decoding=\"async\" class=\"alignnone wp-image-3905 size-large\" src=\"https:\/\/esportsmunicipalsalzira.com\/wp-content\/uploads\/2022\/07\/Monica-Campeonato-UE--682x1024.jpg\" alt=\"\" width=\"682\" height=\"1024\" srcset=\"https:\/\/esportsmunicipalsalzira.com\/wp-content\/uploads\/2022\/07\/Monica-Campeonato-UE--682x1024.jpg 682w, https:\/\/esportsmunicipalsalzira.com\/wp-content\/uploads\/2022\/07\/Monica-Campeonato-UE--640x961.jpg 640w, https:\/\/esportsmunicipalsalzira.com\/wp-content\/uploads\/2022\/07\/Monica-Campeonato-UE--400x600.jpg 400w, https:\/\/esportsmunicipalsalzira.com\/wp-content\/uploads\/2022\/07\/Monica-Campeonato-UE--367x551.jpg 367w\" sizes=\"auto, (max-width: 682px) 100vw, 682px\" \/><img loading=\"lazy\" decoding=\"async\" class=\"alignnone wp-image-3906 size-large\" src=\"https:\/\/esportsmunicipalsalzira.com\/wp-content\/uploads\/2022\/07\/Jueces-en-UE-1024x682.jpg\" alt=\"\" width=\"1024\" height=\"682\" srcset=\"https:\/\/esportsmunicipalsalzira.com\/wp-content\/uploads\/2022\/07\/Jueces-en-UE-1024x682.jpg 1024w, https:\/\/esportsmunicipalsalzira.com\/wp-content\/uploads\/2022\/07\/Jueces-en-UE-768x512.jpg 768w, https:\/\/esportsmunicipalsalzira.com\/wp-content\/uploads\/2022\/07\/Jueces-en-UE-640x426.jpg 640w, https:\/\/esportsmunicipalsalzira.com\/wp-content\/uploads\/2022\/07\/Jueces-en-UE-400x267.jpg 400w, https:\/\/esportsmunicipalsalzira.com\/wp-content\/uploads\/2022\/07\/Jueces-en-UE-367x245.jpg 367w\" sizes=\"auto, (max-width: 1024px) 100vw, 1024px\" \/><\/p>","protected":false},"excerpt":{"rendered":"<p>El passat dia 2 de juliol es va celebrar en el pavell\u00f3 Julian Perea la III Jornada de lliga nacional sub 15, sub17, j\u00fanior i absoluta, femenina i masculina. Van participar els levantadors dels clubs El Cabanyal i club halterof\u00edlia Alzira. Els alzirenys es situaren en la quarta posici\u00f3 a nivell regional, quedant arracada la [&hellip;]<\/p>\n","protected":false},"author":1,"featured_media":3900,"comment_status":"open","ping_status":"open","sticky":false,"template":"","format":"standard","meta":{"footnotes":""},"categories":[1],"tags":[],"class_list":["post-3899","post","type-post","status-publish","format-standard","has-post-thumbnail","hentry","category-esports-alzira"],"featured_image_src":{"landsacpe":["https:\/\/esportsmunicipalsalzira.com\/wp-content\/uploads\/2022\/07\/Campeon-Pau-Malonda-Jornada-de-liga-2-de-Julio--1140x445.jpg",1140,445,true],"list":["https:\/\/esportsmunicipalsalzira.com\/wp-content\/uploads\/2022\/07\/Campeon-Pau-Malonda-Jornada-de-liga-2-de-Julio--463x348.jpg",463,348,true],"medium":["https:\/\/esportsmunicipalsalzira.com\/wp-content\/uploads\/2022\/07\/Campeon-Pau-Malonda-Jornada-de-liga-2-de-Julio--300x200.jpg",300,200,true],"full":["https:\/\/esportsmunicipalsalzira.com\/wp-content\/uploads\/2022\/07\/Campeon-Pau-Malonda-Jornada-de-liga-2-de-Julio-.jpg",1200,800,false]},"_links":{"self":[{"href":"https:\/\/esportsmunicipalsalzira.com\/es\/wp-json\/wp\/v2\/posts\/3899","targetHints":{"allow":["GET"]}}],"collection":[{"href":"https:\/\/esportsmunicipalsalzira.com\/es\/wp-json\/wp\/v2\/posts"}],"about":[{"href":"https:\/\/esportsmunicipalsalzira.com\/es\/wp-json\/wp\/v2\/types\/post"}],"author":[{"embeddable":true,"href":"https:\/\/esportsmunicipalsalzira.com\/es\/wp-json\/wp\/v2\/users\/1"}],"replies":[{"embeddable":true,"href":"https:\/\/esportsmunicipalsalzira.com\/es\/wp-json\/wp\/v2\/comments?post=3899"}],"version-history":[{"count":1,"href":"https:\/\/esportsmunicipalsalzira.com\/es\/wp-json\/wp\/v2\/posts\/3899\/revisions"}],"predecessor-version":[{"id":3907,"href":"https:\/\/esportsmunicipalsalzira.com\/es\/wp-json\/wp\/v2\/posts\/3899\/revisions\/3907"}],"wp:featuredmedia":[{"embeddable":true,"href":"https:\/\/esportsmunicipalsalzira.com\/es\/wp-json\/wp\/v2\/media\/3900"}],"wp:attachment":[{"href":"https:\/\/esportsmunicipalsalzira.com\/es\/wp-json\/wp\/v2\/media?parent=3899"}],"wp:term":[{"taxonomy":"category","embeddable":true,"href":"https:\/\/esportsmunicipalsalzira.com\/es\/wp-json\/wp\/v2\/categories?post=3899"},{"taxonomy":"post_tag","embeddable":true,"href":"https:\/\/esportsmunicipalsalzira.com\/es\/wp-json\/wp\/v2\/tags?post=3899"}],"curies":[{"name":"wp","href":"https:\/\/api.w.org\/{rel}","templated":true}]}}