{"id":4071,"date":"2022-12-11T14:20:50","date_gmt":"2022-12-11T13:20:50","guid":{"rendered":"https:\/\/esportsmunicipalsalzira.com\/des-de-lajuntament-dalzira-i-el-departament-desports-volem-agrair-a-alberto-valera-que-porte-el-nom-de-la-nostra-ci\/"},"modified":"2022-12-11T14:20:50","modified_gmt":"2022-12-11T13:20:50","slug":"des-de-lajuntament-dalzira-i-el-departament-desports-volem-agrair-a-alberto-valera-que-porte-el-nom-de-la-nostra-ci","status":"publish","type":"post","link":"https:\/\/esportsmunicipalsalzira.com\/es\/des-de-lajuntament-dalzira-i-el-departament-desports-volem-agrair-a-alberto-valera-que-porte-el-nom-de-la-nostra-ci\/","title":{"rendered":"Desde el Ayuntamiento de Alzira y el departamento de Deportes, queremos agradecer a Alberto Valera, que lleve el nombre de nuestra ciudad"},"content":{"rendered":"<p><br \/>\nDesde el Ayuntamiento de Alzira y el departamento de Deportes, queremos agradecer a Alberto Valera, que lleve el nombre de nuestra ciudad por todo el territorio espa\u00f1ol.<br \/>\nEl concejal del \u00e1rea de Deportes, Fernando Pascual, quiere expresar su reconocimiento por sus logros deportivos, especialmente por su reciente participaci\u00f3n en el campeonato de Espa\u00f1a absoluto de judo disputado en Madrid.<br \/>\nEnhorabuena Alberto, por tu medalla de bronce!!<\/p>\n<p><a href=\"https:\/\/scontent-ecv1-1.xx.fbcdn.net\/v\/t39.30808-6\/319043037_606293294831905_135754410522231896_n.jpg?_nc_cat=108&#038;ccb=1-7&#038;_nc_sid=730e14&#038;_nc_ohc=rnKiyHjTNfMAX8f8Zl3&#038;_nc_ht=scontent-ecv1-1.xx&#038;oh=00_AfClh0mhTFOHHwYt7O2IEAzvF7h4TqENApeDuvPFAlWPDg&#038;oe=63B2C1D5\"><img decoding=\"async\" class=\"wp_automatic_fb_img\" title=\"\" src=\"https:\/\/scontent-ecv1-1.xx.fbcdn.net\/v\/t39.30808-6\/319043037_606293294831905_135754410522231896_n.jpg?_nc_cat=108&#038;ccb=1-7&#038;_nc_sid=730e14&#038;_nc_ohc=rnKiyHjTNfMAX8f8Zl3&#038;_nc_ht=scontent-ecv1-1.xx&#038;oh=00_AfClh0mhTFOHHwYt7O2IEAzvF7h4TqENApeDuvPFAlWPDg&#038;oe=63B2C1D5\" \/><\/a><br \/><a href=\"https:\/\/scontent-ecv1-1.xx.fbcdn.net\/v\/t39.30808-6\/319658022_606293314831903_6228725586792530119_n.jpg?_nc_cat=101&#038;ccb=1-7&#038;_nc_sid=730e14&#038;_nc_ohc=Sxgor2YDlIAAX9u5Ym6&#038;_nc_ht=scontent-ecv1-1.xx&#038;oh=00_AfCFppVkTleTjcMFjAlGjAgYlYkppktfn-gZpWUKxNfw4Q&#038;oe=63B4180D\"><img decoding=\"async\" class=\"wp_automatic_fb_img\" title=\"\" src=\"https:\/\/scontent-ecv1-1.xx.fbcdn.net\/v\/t39.30808-6\/319658022_606293314831903_6228725586792530119_n.jpg?_nc_cat=101&#038;ccb=1-7&#038;_nc_sid=730e14&#038;_nc_ohc=Sxgor2YDlIAAX9u5Ym6&#038;_nc_ht=scontent-ecv1-1.xx&#038;oh=00_AfCFppVkTleTjcMFjAlGjAgYlYkppktfn-gZpWUKxNfw4Q&#038;oe=63B4180D\" \/><\/a><br \/><a href=\"https:\/\/scontent-ecv1-1.xx.fbcdn.net\/v\/t39.30808-6\/319173015_606293288165239_6549007238093636907_n.jpg?_nc_cat=100&#038;ccb=1-7&#038;_nc_sid=730e14&#038;_nc_ohc=IdhDhOrpHLYAX9ht_8V&#038;_nc_ht=scontent-ecv1-1.xx&#038;oh=00_AfDQ5XmCahz6DtC2umkgtFxAnt7_sQIieFMfao-zCGd8Rw&#038;oe=63B2E186\"><img decoding=\"async\" class=\"wp_automatic_fb_img\" title=\"\" src=\"https:\/\/scontent-ecv1-1.xx.fbcdn.net\/v\/t39.30808-6\/319173015_606293288165239_6549007238093636907_n.jpg?_nc_cat=100&#038;ccb=1-7&#038;_nc_sid=730e14&#038;_nc_ohc=IdhDhOrpHLYAX9ht_8V&#038;_nc_ht=scontent-ecv1-1.xx&#038;oh=00_AfDQ5XmCahz6DtC2umkgtFxAnt7_sQIieFMfao-zCGd8Rw&#038;oe=63B2E186\" \/><\/a><br \/><a href=\"https:\/\/scontent-ecv1-1.xx.fbcdn.net\/v\/t39.30808-6\/319324368_606293271498574_5183602547945731531_n.jpg?_nc_cat=101&#038;ccb=1-7&#038;_nc_sid=730e14&#038;_nc_ohc=DoKRBAHrgCEAX-NggOk&#038;_nc_ht=scontent-ecv1-1.xx&#038;oh=00_AfBpeK7bZNagSZJwGAChwser8btV35qr6UEoDG2y2B6DWw&#038;oe=63B42C6A\"><img decoding=\"async\" class=\"wp_automatic_fb_img\" title=\"\" src=\"https:\/\/scontent-ecv1-1.xx.fbcdn.net\/v\/t39.30808-6\/319324368_606293271498574_5183602547945731531_n.jpg?_nc_cat=101&#038;ccb=1-7&#038;_nc_sid=730e14&#038;_nc_ohc=DoKRBAHrgCEAX-NggOk&#038;_nc_ht=scontent-ecv1-1.xx&#038;oh=00_AfBpeK7bZNagSZJwGAChwser8btV35qr6UEoDG2y2B6DWw&#038;oe=63B42C6A\" \/><\/a><br \/>\n<br \/>\n<br \/><a href=\"https:\/\/www.facebook.com\/100063537194811\/posts\/606293391498562\">source<\/a>  <\/p>","protected":false},"excerpt":{"rendered":"<p>Des de l&#8217;Ajuntament d&#8217;Alzira i el departament d&#8217;Esports, volem agrair a Alberto Valera, que porte el nom de la nostra ciutat per tot el territori espanyol. El regidor de l&#8217;\u00e0rea d&#8217;Esports, Fernando Pascual, vol expressar el seu reconeixement pels seus \u00e8xits esportius, especialment per la seua recent participaci\u00f3 en el campionat d&#8217;Espanya absolut de judo [&hellip;]<\/p>\n","protected":false},"author":2,"featured_media":4072,"comment_status":"open","ping_status":"open","sticky":false,"template":"","format":"standard","meta":{"footnotes":""},"categories":[1],"tags":[],"class_list":["post-4071","post","type-post","status-publish","format-standard","has-post-thumbnail","hentry","category-esports-alzira"],"featured_image_src":{"landsacpe":["https:\/\/esportsmunicipalsalzira.com\/wp-content\/uploads\/2022\/12\/319043037_606293294831905_135754410522231896_n-1080x445.jpg",1080,445,true],"list":["https:\/\/esportsmunicipalsalzira.com\/wp-content\/uploads\/2022\/12\/319043037_606293294831905_135754410522231896_n-463x348.jpg",463,348,true],"medium":["https:\/\/esportsmunicipalsalzira.com\/wp-content\/uploads\/2022\/12\/319043037_606293294831905_135754410522231896_n-240x300.jpg",240,300,true],"full":["https:\/\/esportsmunicipalsalzira.com\/wp-content\/uploads\/2022\/12\/319043037_606293294831905_135754410522231896_n.jpg",1080,1350,false]},"_links":{"self":[{"href":"https:\/\/esportsmunicipalsalzira.com\/es\/wp-json\/wp\/v2\/posts\/4071","targetHints":{"allow":["GET"]}}],"collection":[{"href":"https:\/\/esportsmunicipalsalzira.com\/es\/wp-json\/wp\/v2\/posts"}],"about":[{"href":"https:\/\/esportsmunicipalsalzira.com\/es\/wp-json\/wp\/v2\/types\/post"}],"author":[{"embeddable":true,"href":"https:\/\/esportsmunicipalsalzira.com\/es\/wp-json\/wp\/v2\/users\/2"}],"replies":[{"embeddable":true,"href":"https:\/\/esportsmunicipalsalzira.com\/es\/wp-json\/wp\/v2\/comments?post=4071"}],"version-history":[{"count":0,"href":"https:\/\/esportsmunicipalsalzira.com\/es\/wp-json\/wp\/v2\/posts\/4071\/revisions"}],"wp:featuredmedia":[{"embeddable":true,"href":"https:\/\/esportsmunicipalsalzira.com\/es\/wp-json\/wp\/v2\/media\/4072"}],"wp:attachment":[{"href":"https:\/\/esportsmunicipalsalzira.com\/es\/wp-json\/wp\/v2\/media?parent=4071"}],"wp:term":[{"taxonomy":"category","embeddable":true,"href":"https:\/\/esportsmunicipalsalzira.com\/es\/wp-json\/wp\/v2\/categories?post=4071"},{"taxonomy":"post_tag","embeddable":true,"href":"https:\/\/esportsmunicipalsalzira.com\/es\/wp-json\/wp\/v2\/tags?post=4071"}],"curies":[{"name":"wp","href":"https:\/\/api.w.org\/{rel}","templated":true}]}}