{"id":4079,"date":"2022-12-08T17:39:09","date_gmt":"2022-12-08T16:39:09","guid":{"rendered":"https:\/\/esportsmunicipalsalzira.com\/a-la-finalel-nostre-super-veterano-vicent-miquel-tenorio-tornara-a-disputar-de-manera-consecutiva-la-final-d\/"},"modified":"2022-12-08T17:39:09","modified_gmt":"2022-12-08T16:39:09","slug":"a-la-finalel-nostre-super-veterano-vicent-miquel-tenorio-tornara-a-disputar-de-manera-consecutiva-la-final-d","status":"publish","type":"post","link":"https:\/\/esportsmunicipalsalzira.com\/es\/a-la-finalel-nostre-super-veterano-vicent-miquel-tenorio-tornara-a-disputar-de-manera-consecutiva-la-final-d\/","title":{"rendered":"A LA FINAL!!!!!!!!! Nuestro s\u00faper veterano Vicent Miquel Tenorio volver\u00e1 a disputar, de forma consecutiva, la final de"},"content":{"rendered":"<p><br \/>\nA LA FINAL!!!!!!!!!<br \/>\nNuestro s\u00faper veterano Vicent Miquel Tenorio volver\u00e1 a disputar, de forma consecutiva, la final del Individual de Escala y Corda!!!! Certific\u00f3 ayer, ante Pedro de Onda, su pase a la final como primero de grupo!!!!<br \/>\nGracias a Vicent, el Club puede sumar su 18\u00ba metal del a\u00f1o (a\u00f1adi\u00e9ndose a los 16 que ya tenemos, el de domingo que viene en Primera de Cepillo y, ojal\u00e1 no sea el \u00faltimo y las chicas de Quarta puedan pasar tambi\u00e9n en su final, siendo el 19\u00ba metal), redondeando la temporada m\u00e1s fuct\u00edfera para el Club de Pilota Alzira, superando incluso el a\u00f1o pasado (14 metales).<br \/>\nMUCHOS \u00c1NIMOS EN LA FINAL, MAESTRO!!!!!!<\/p>\n<p><a href=\"https:\/\/scontent-ecv1-1.xx.fbcdn.net\/v\/t39.30808-6\/318775182_587237353411137_5595796899722796188_n.jpg?stp=dst-jpg_s640x640&#038;_nc_cat=111&#038;ccb=1-7&#038;_nc_sid=730e14&#038;_nc_ohc=ABRj7hFaDrcAX8bxloB&#038;_nc_ht=scontent-ecv1-1.xx&#038;oh=00_AfCI4sg4b2JXwAd78-Q976-z3mBAKlvYnjKisiKw8iOaKw&#038;oe=63B460FA\"><img decoding=\"async\" class=\"wp_automatic_fb_img\" title=\"\" src=\"https:\/\/scontent-ecv1-1.xx.fbcdn.net\/v\/t39.30808-6\/318775182_587237353411137_5595796899722796188_n.jpg?stp=dst-jpg_s640x640&#038;_nc_cat=111&#038;ccb=1-7&#038;_nc_sid=730e14&#038;_nc_ohc=ABRj7hFaDrcAX8bxloB&#038;_nc_ht=scontent-ecv1-1.xx&#038;oh=00_AfCI4sg4b2JXwAd78-Q976-z3mBAKlvYnjKisiKw8iOaKw&#038;oe=63B460FA\" \/><\/a><br \/>\n<br \/>\n<br \/><a href=\"https:\/\/www.facebook.com\/100063537194811\/posts\/604124248382143\">source<\/a>  <\/p>","protected":false},"excerpt":{"rendered":"<p>A LA FINAL!!!!!!!!! El nostre s\u00faper veterano Vicent Miquel Tenorio tornar\u00e0 a disputar, de manera consecutiva, la final de l&#8217;Individual d&#8217;Escala i Corda!!!! Certific\u00e0 ahir, davant Pedro d&#8217;Onda, el seu passe a la final com a primer de grup!!!! Gr\u00e0cies a Vicent, el Club pot sumar el seu 18\u00e9 metall de l&#8217;any (afegint-se als 16 [&hellip;]<\/p>\n","protected":false},"author":2,"featured_media":4080,"comment_status":"open","ping_status":"open","sticky":false,"template":"","format":"standard","meta":{"footnotes":""},"categories":[1],"tags":[],"class_list":["post-4079","post","type-post","status-publish","format-standard","has-post-thumbnail","hentry","category-esports-alzira"],"featured_image_src":{"landsacpe":["https:\/\/esportsmunicipalsalzira.com\/wp-content\/uploads\/2022\/12\/318775182_587237353411137_5595796899722796188_n-512x445.jpg",512,445,true],"list":["https:\/\/esportsmunicipalsalzira.com\/wp-content\/uploads\/2022\/12\/318775182_587237353411137_5595796899722796188_n-463x348.jpg",463,348,true],"medium":["https:\/\/esportsmunicipalsalzira.com\/wp-content\/uploads\/2022\/12\/318775182_587237353411137_5595796899722796188_n-240x300.jpg",240,300,true],"full":["https:\/\/esportsmunicipalsalzira.com\/wp-content\/uploads\/2022\/12\/318775182_587237353411137_5595796899722796188_n.jpg",512,640,false]},"_links":{"self":[{"href":"https:\/\/esportsmunicipalsalzira.com\/es\/wp-json\/wp\/v2\/posts\/4079","targetHints":{"allow":["GET"]}}],"collection":[{"href":"https:\/\/esportsmunicipalsalzira.com\/es\/wp-json\/wp\/v2\/posts"}],"about":[{"href":"https:\/\/esportsmunicipalsalzira.com\/es\/wp-json\/wp\/v2\/types\/post"}],"author":[{"embeddable":true,"href":"https:\/\/esportsmunicipalsalzira.com\/es\/wp-json\/wp\/v2\/users\/2"}],"replies":[{"embeddable":true,"href":"https:\/\/esportsmunicipalsalzira.com\/es\/wp-json\/wp\/v2\/comments?post=4079"}],"version-history":[{"count":0,"href":"https:\/\/esportsmunicipalsalzira.com\/es\/wp-json\/wp\/v2\/posts\/4079\/revisions"}],"wp:featuredmedia":[{"embeddable":true,"href":"https:\/\/esportsmunicipalsalzira.com\/es\/wp-json\/wp\/v2\/media\/4080"}],"wp:attachment":[{"href":"https:\/\/esportsmunicipalsalzira.com\/es\/wp-json\/wp\/v2\/media?parent=4079"}],"wp:term":[{"taxonomy":"category","embeddable":true,"href":"https:\/\/esportsmunicipalsalzira.com\/es\/wp-json\/wp\/v2\/categories?post=4079"},{"taxonomy":"post_tag","embeddable":true,"href":"https:\/\/esportsmunicipalsalzira.com\/es\/wp-json\/wp\/v2\/tags?post=4079"}],"curies":[{"name":"wp","href":"https:\/\/api.w.org\/{rel}","templated":true}]}}