{"id":4099,"date":"2022-12-01T11:38:31","date_gmt":"2022-12-01T10:38:31","guid":{"rendered":"https:\/\/esportsmunicipalsalzira.com\/un-any-mes-el-regidor-desports-fernando-pascual-ha-assistit-a-als-premis-anuals-que-concedix-la-penya-blaugrana-de-l\/"},"modified":"2022-12-01T11:38:31","modified_gmt":"2022-12-01T10:38:31","slug":"un-any-mes-el-regidor-desports-fernando-pascual-ha-assistit-a-als-premis-anuals-que-concedix-la-penya-blaugrana-de-l","status":"publish","type":"post","link":"https:\/\/esportsmunicipalsalzira.com\/es\/un-any-mes-el-regidor-desports-fernando-pascual-ha-assistit-a-als-premis-anuals-que-concedix-la-penya-blaugrana-de-l\/","title":{"rendered":"Un a\u00f1o m\u00e1s el concejal de Deportes, Fernando Pascual, ha asistido a los premios anuales que concede la Pe\u00f1a Blaugrana"},"content":{"rendered":"<p><br \/>\nUn a\u00f1o m\u00e1s el concejal de Deportes, Fernando Pascual, ha asistido a los premios anuales que concede la Pe\u00f1a Azulgrana de la UD Alzira, que est\u00e1 formada por unos estupendos aficionados que cada domingo animan a nuestro equipo.<br \/>\nDesde el \u00e1rea de Deportes, queremos agradecer a su Presidente Marcos Pla, sus atenciones y tambi\u00e9n su magn\u00edfica labor en pro de nuestra UD.<br \/>\nMuchas Gracias a todos<\/p>\n<p><a href=\"https:\/\/scontent-ecv1-1.xx.fbcdn.net\/v\/t39.30808-6\/317492781_596982169096351_643274016811053283_n.jpg?_nc_cat=109&#038;ccb=1-7&#038;_nc_sid=730e14&#038;_nc_ohc=sLXyqRIHGXMAX9JvZUg&#038;_nc_ht=scontent-ecv1-1.xx&#038;oh=00_AfDvRaZ-F6RdF0M36OIojq3V2x_Qk2f_qzcP6zH94bV91A&#038;oe=63B4E279\"><img decoding=\"async\" class=\"wp_automatic_fb_img\" title=\"\" src=\"https:\/\/scontent-ecv1-1.xx.fbcdn.net\/v\/t39.30808-6\/317492781_596982169096351_643274016811053283_n.jpg?_nc_cat=109&#038;ccb=1-7&#038;_nc_sid=730e14&#038;_nc_ohc=sLXyqRIHGXMAX9JvZUg&#038;_nc_ht=scontent-ecv1-1.xx&#038;oh=00_AfDvRaZ-F6RdF0M36OIojq3V2x_Qk2f_qzcP6zH94bV91A&#038;oe=63B4E279\" \/><\/a><br \/><a href=\"https:\/\/scontent-ecv1-1.xx.fbcdn.net\/v\/t39.30808-6\/317498162_596982222429679_6822986952333616886_n.jpg?_nc_cat=101&#038;ccb=1-7&#038;_nc_sid=730e14&#038;_nc_ohc=ChALXo2tTnUAX-b6bEu&#038;_nc_ht=scontent-ecv1-1.xx&#038;oh=00_AfBWND1CVNh1kvZoyK8nX4_aVdH9BGvY9uHo-Sm_5k2BNQ&#038;oe=63B3D2D2\"><img decoding=\"async\" class=\"wp_automatic_fb_img\" title=\"\" src=\"https:\/\/scontent-ecv1-1.xx.fbcdn.net\/v\/t39.30808-6\/317498162_596982222429679_6822986952333616886_n.jpg?_nc_cat=101&#038;ccb=1-7&#038;_nc_sid=730e14&#038;_nc_ohc=ChALXo2tTnUAX-b6bEu&#038;_nc_ht=scontent-ecv1-1.xx&#038;oh=00_AfBWND1CVNh1kvZoyK8nX4_aVdH9BGvY9uHo-Sm_5k2BNQ&#038;oe=63B3D2D2\" \/><\/a><br \/><a href=\"https:\/\/scontent-ecv1-1.xx.fbcdn.net\/v\/t39.30808-6\/317549532_596982199096348_1668319282577622784_n.jpg?_nc_cat=106&#038;ccb=1-7&#038;_nc_sid=730e14&#038;_nc_ohc=6e8hWWJWXwcAX_TOERT&#038;_nc_ht=scontent-ecv1-1.xx&#038;oh=00_AfC7XMaR8LQ2JoxLYcusQd3v9YZhDFdhU2uVOZfnxGW0zQ&#038;oe=63B529FD\"><img decoding=\"async\" class=\"wp_automatic_fb_img\" title=\"\" src=\"https:\/\/scontent-ecv1-1.xx.fbcdn.net\/v\/t39.30808-6\/317549532_596982199096348_1668319282577622784_n.jpg?_nc_cat=106&#038;ccb=1-7&#038;_nc_sid=730e14&#038;_nc_ohc=6e8hWWJWXwcAX_TOERT&#038;_nc_ht=scontent-ecv1-1.xx&#038;oh=00_AfC7XMaR8LQ2JoxLYcusQd3v9YZhDFdhU2uVOZfnxGW0zQ&#038;oe=63B529FD\" \/><\/a><br \/>\n<br \/>\n<br \/><a href=\"https:\/\/www.facebook.com\/100063537194811\/posts\/596982289096339\">source<\/a>  <\/p>","protected":false},"excerpt":{"rendered":"<p>Un any m\u00e9s el regidor d&#8217;Esports, Fernando Pascual, ha assistit a als premis anuals que concedix la Penya Blaugrana de la UD Alzira, que esta formada per uns estupends aficionats que cada diumenge animen al nostre equip. Desde el area d&#8217;Esports, volem agrair al seu President Marcos Pla, les seues atencions i tamb\u00e9 la seua [&hellip;]<\/p>\n","protected":false},"author":2,"featured_media":4100,"comment_status":"open","ping_status":"open","sticky":false,"template":"","format":"standard","meta":{"footnotes":""},"categories":[1],"tags":[],"class_list":["post-4099","post","type-post","status-publish","format-standard","has-post-thumbnail","hentry","category-esports-alzira"],"featured_image_src":{"landsacpe":["https:\/\/esportsmunicipalsalzira.com\/wp-content\/uploads\/2022\/12\/317492781_596982169096351_643274016811053283_n-1140x445.jpg",1140,445,true],"list":["https:\/\/esportsmunicipalsalzira.com\/wp-content\/uploads\/2022\/12\/317492781_596982169096351_643274016811053283_n-463x348.jpg",463,348,true],"medium":["https:\/\/esportsmunicipalsalzira.com\/wp-content\/uploads\/2022\/12\/317492781_596982169096351_643274016811053283_n-300x169.jpg",300,169,true],"full":["https:\/\/esportsmunicipalsalzira.com\/wp-content\/uploads\/2022\/12\/317492781_596982169096351_643274016811053283_n.jpg",1600,900,false]},"_links":{"self":[{"href":"https:\/\/esportsmunicipalsalzira.com\/es\/wp-json\/wp\/v2\/posts\/4099","targetHints":{"allow":["GET"]}}],"collection":[{"href":"https:\/\/esportsmunicipalsalzira.com\/es\/wp-json\/wp\/v2\/posts"}],"about":[{"href":"https:\/\/esportsmunicipalsalzira.com\/es\/wp-json\/wp\/v2\/types\/post"}],"author":[{"embeddable":true,"href":"https:\/\/esportsmunicipalsalzira.com\/es\/wp-json\/wp\/v2\/users\/2"}],"replies":[{"embeddable":true,"href":"https:\/\/esportsmunicipalsalzira.com\/es\/wp-json\/wp\/v2\/comments?post=4099"}],"version-history":[{"count":0,"href":"https:\/\/esportsmunicipalsalzira.com\/es\/wp-json\/wp\/v2\/posts\/4099\/revisions"}],"wp:featuredmedia":[{"embeddable":true,"href":"https:\/\/esportsmunicipalsalzira.com\/es\/wp-json\/wp\/v2\/media\/4100"}],"wp:attachment":[{"href":"https:\/\/esportsmunicipalsalzira.com\/es\/wp-json\/wp\/v2\/media?parent=4099"}],"wp:term":[{"taxonomy":"category","embeddable":true,"href":"https:\/\/esportsmunicipalsalzira.com\/es\/wp-json\/wp\/v2\/categories?post=4099"},{"taxonomy":"post_tag","embeddable":true,"href":"https:\/\/esportsmunicipalsalzira.com\/es\/wp-json\/wp\/v2\/tags?post=4099"}],"curies":[{"name":"wp","href":"https:\/\/api.w.org\/{rel}","templated":true}]}}