{"id":4155,"date":"2022-11-22T22:07:24","date_gmt":"2022-11-22T21:07:24","guid":{"rendered":"https:\/\/esportsmunicipalsalzira.com\/el-regidor-desports-fernando-pascual-junt-a-la-regidora-de-sanitat-gemma-alos-ha-estat-en-la-inauguracio-de-la-lex\/"},"modified":"2022-11-22T22:07:24","modified_gmt":"2022-11-22T21:07:24","slug":"el-regidor-desports-fernando-pascual-junt-a-la-regidora-de-sanitat-gemma-alos-ha-estat-en-la-inauguracio-de-la-lex","status":"publish","type":"post","link":"https:\/\/esportsmunicipalsalzira.com\/es\/el-regidor-desports-fernando-pascual-junt-a-la-regidora-de-sanitat-gemma-alos-ha-estat-en-la-inauguracio-de-la-lex\/","title":{"rendered":"El concejal de Deportes Fernando Pascual, junto a la concejala de sanidad, Gemma Alos, ha estado en la inauguraci\u00f3n del ex"},"content":{"rendered":"<p><br \/>\nEl concejal de Deportes Fernando Pascual, junto a la concejala de sanidad, Gemma Alos, ha estado en la inauguraci\u00f3n de la en la exposici\u00f3n del Centenario de la UD Alzira, que estar\u00e1 expuesta en el Circule Alzireny para poderla visitar .<br \/>\nDesde la concejal\u00eda de Deportes, queremos Felicitar a todos los que con su aportaci\u00f3n han hecho posible que los recuerdos de estos 100 a\u00f1os, se pueden disfrutar por quienes lo han vivido y para muchos que los conservan en su recuerdo .<\/p>\n<p>Enhorabuena a todos !!<\/p>\n<p><a href=\"https:\/\/scontent-ecv1-1.xx.fbcdn.net\/v\/t39.30808-6\/316663745_589485879845980_5081438645869923829_n.jpg?_nc_cat=103&#038;ccb=1-7&#038;_nc_sid=730e14&#038;_nc_ohc=gT-ngGE7bFoAX-rlw4x&#038;_nc_ht=scontent-ecv1-1.xx&#038;oh=00_AfCi4RmXBPXUFXAMMnofinOLzJatTaAOasJWHJsHhFAd6g&#038;oe=63B60D4F\"><img decoding=\"async\" class=\"wp_automatic_fb_img\" title=\"\" src=\"https:\/\/scontent-ecv1-1.xx.fbcdn.net\/v\/t39.30808-6\/316663745_589485879845980_5081438645869923829_n.jpg?_nc_cat=103&#038;ccb=1-7&#038;_nc_sid=730e14&#038;_nc_ohc=gT-ngGE7bFoAX-rlw4x&#038;_nc_ht=scontent-ecv1-1.xx&#038;oh=00_AfCi4RmXBPXUFXAMMnofinOLzJatTaAOasJWHJsHhFAd6g&#038;oe=63B60D4F\" \/><\/a><br \/><a href=\"https:\/\/scontent-ecv1-1.xx.fbcdn.net\/v\/t39.30808-6\/316810806_589485769845991_2217938763387460532_n.jpg?_nc_cat=105&#038;ccb=1-7&#038;_nc_sid=730e14&#038;_nc_ohc=vraoGwDNuu0AX9A0zVC&#038;_nc_ht=scontent-ecv1-1.xx&#038;oh=00_AfAYxu-fU1ThfMF_iKQG5DYquiJiMtK-foTGpE3VnclxSg&#038;oe=63B5782F\"><img decoding=\"async\" class=\"wp_automatic_fb_img\" title=\"\" src=\"https:\/\/scontent-ecv1-1.xx.fbcdn.net\/v\/t39.30808-6\/316810806_589485769845991_2217938763387460532_n.jpg?_nc_cat=105&#038;ccb=1-7&#038;_nc_sid=730e14&#038;_nc_ohc=vraoGwDNuu0AX9A0zVC&#038;_nc_ht=scontent-ecv1-1.xx&#038;oh=00_AfAYxu-fU1ThfMF_iKQG5DYquiJiMtK-foTGpE3VnclxSg&#038;oe=63B5782F\" \/><\/a><br \/><a href=\"https:\/\/scontent-ecv1-1.xx.fbcdn.net\/v\/t39.30808-6\/316669899_589485959845972_6640204320118354959_n.jpg?_nc_cat=106&#038;ccb=1-7&#038;_nc_sid=730e14&#038;_nc_ohc=q4J2hTEkaIQAX8YQJqe&#038;_nc_ht=scontent-ecv1-1.xx&#038;oh=00_AfCuOH0fks4rEnlm4YpAolIZgQpc1zfLVjwXc2iwOHqzgw&#038;oe=63B7186D\"><img decoding=\"async\" class=\"wp_automatic_fb_img\" title=\"\" src=\"https:\/\/scontent-ecv1-1.xx.fbcdn.net\/v\/t39.30808-6\/316669899_589485959845972_6640204320118354959_n.jpg?_nc_cat=106&#038;ccb=1-7&#038;_nc_sid=730e14&#038;_nc_ohc=q4J2hTEkaIQAX8YQJqe&#038;_nc_ht=scontent-ecv1-1.xx&#038;oh=00_AfCuOH0fks4rEnlm4YpAolIZgQpc1zfLVjwXc2iwOHqzgw&#038;oe=63B7186D\" \/><\/a><br \/><a href=\"https:\/\/scontent-ecv1-1.xx.fbcdn.net\/v\/t39.30808-6\/316810172_589485643179337_7852687874749576658_n.jpg?_nc_cat=101&#038;ccb=1-7&#038;_nc_sid=730e14&#038;_nc_ohc=WrJg96foN4cAX9XqAS4&#038;_nc_ht=scontent-ecv1-1.xx&#038;oh=00_AfCgguKRFDnXqbBbJUzl30IJhJUtAGZxRcSbHIrVcZrbdw&#038;oe=63B6C0C6\"><img decoding=\"async\" class=\"wp_automatic_fb_img\" title=\"\" src=\"https:\/\/scontent-ecv1-1.xx.fbcdn.net\/v\/t39.30808-6\/316810172_589485643179337_7852687874749576658_n.jpg?_nc_cat=101&#038;ccb=1-7&#038;_nc_sid=730e14&#038;_nc_ohc=WrJg96foN4cAX9XqAS4&#038;_nc_ht=scontent-ecv1-1.xx&#038;oh=00_AfCgguKRFDnXqbBbJUzl30IJhJUtAGZxRcSbHIrVcZrbdw&#038;oe=63B6C0C6\" \/><\/a><br \/><a href=\"https:\/\/scontent-ecv1-1.xx.fbcdn.net\/v\/t39.30808-6\/316689427_589485629846005_1772169014214362954_n.jpg?_nc_cat=110&#038;ccb=1-7&#038;_nc_sid=730e14&#038;_nc_ohc=61kwvbWnHPMAX9RtCkE&#038;_nc_ht=scontent-ecv1-1.xx&#038;oh=00_AfCxSNDStoHHCgY8gdfTEGN2dl2EFMNJdvN2l3CpXRgRjg&#038;oe=63B5D5D4\"><img decoding=\"async\" class=\"wp_automatic_fb_img\" title=\"\" src=\"https:\/\/scontent-ecv1-1.xx.fbcdn.net\/v\/t39.30808-6\/316689427_589485629846005_1772169014214362954_n.jpg?_nc_cat=110&#038;ccb=1-7&#038;_nc_sid=730e14&#038;_nc_ohc=61kwvbWnHPMAX9RtCkE&#038;_nc_ht=scontent-ecv1-1.xx&#038;oh=00_AfCxSNDStoHHCgY8gdfTEGN2dl2EFMNJdvN2l3CpXRgRjg&#038;oe=63B5D5D4\" \/><\/a><br \/>\n<br \/>\n<br \/><a href=\"https:\/\/www.facebook.com\/100063537194811\/posts\/589486349845933\">source<\/a>  <\/p>","protected":false},"excerpt":{"rendered":"<p>El regidor d&#8217;Esports Fernando Pascual, junt a la regidora de sanitat, Gemma Alos, ha estat en la inauguraci\u00f3 de l&#8217;a l&#8217;exposici\u00f3 del Centenari de la UD Alzira, que estar\u00e0 exposada en el Circule Alzireny per a poder-la visitar. Des de la regidoria d&#8217;Esports, volem Felicitar a tots els que amb la seua aportaci\u00f3 han fet [&hellip;]<\/p>\n","protected":false},"author":2,"featured_media":4156,"comment_status":"open","ping_status":"open","sticky":false,"template":"","format":"standard","meta":{"footnotes":""},"categories":[1],"tags":[],"class_list":["post-4155","post","type-post","status-publish","format-standard","has-post-thumbnail","hentry","category-esports-alzira"],"featured_image_src":{"landsacpe":["https:\/\/esportsmunicipalsalzira.com\/wp-content\/uploads\/2023\/01\/316663745_589485879845980_5081438645869923829_n-1140x445.jpg",1140,445,true],"list":["https:\/\/esportsmunicipalsalzira.com\/wp-content\/uploads\/2023\/01\/316663745_589485879845980_5081438645869923829_n-463x348.jpg",463,348,true],"medium":["https:\/\/esportsmunicipalsalzira.com\/wp-content\/uploads\/2023\/01\/316663745_589485879845980_5081438645869923829_n-300x200.jpg",300,200,true],"full":["https:\/\/esportsmunicipalsalzira.com\/wp-content\/uploads\/2023\/01\/316663745_589485879845980_5081438645869923829_n.jpg",2048,1365,false]},"_links":{"self":[{"href":"https:\/\/esportsmunicipalsalzira.com\/es\/wp-json\/wp\/v2\/posts\/4155","targetHints":{"allow":["GET"]}}],"collection":[{"href":"https:\/\/esportsmunicipalsalzira.com\/es\/wp-json\/wp\/v2\/posts"}],"about":[{"href":"https:\/\/esportsmunicipalsalzira.com\/es\/wp-json\/wp\/v2\/types\/post"}],"author":[{"embeddable":true,"href":"https:\/\/esportsmunicipalsalzira.com\/es\/wp-json\/wp\/v2\/users\/2"}],"replies":[{"embeddable":true,"href":"https:\/\/esportsmunicipalsalzira.com\/es\/wp-json\/wp\/v2\/comments?post=4155"}],"version-history":[{"count":0,"href":"https:\/\/esportsmunicipalsalzira.com\/es\/wp-json\/wp\/v2\/posts\/4155\/revisions"}],"wp:featuredmedia":[{"embeddable":true,"href":"https:\/\/esportsmunicipalsalzira.com\/es\/wp-json\/wp\/v2\/media\/4156"}],"wp:attachment":[{"href":"https:\/\/esportsmunicipalsalzira.com\/es\/wp-json\/wp\/v2\/media?parent=4155"}],"wp:term":[{"taxonomy":"category","embeddable":true,"href":"https:\/\/esportsmunicipalsalzira.com\/es\/wp-json\/wp\/v2\/categories?post=4155"},{"taxonomy":"post_tag","embeddable":true,"href":"https:\/\/esportsmunicipalsalzira.com\/es\/wp-json\/wp\/v2\/tags?post=4155"}],"curies":[{"name":"wp","href":"https:\/\/api.w.org\/{rel}","templated":true}]}}