{"id":4159,"date":"2022-11-22T12:48:04","date_gmt":"2022-11-22T11:48:04","guid":{"rendered":"https:\/\/esportsmunicipalsalzira.com\/noticiesnbalziralnbalzira-en-la-vii-gala-de-lesport-el-passat-divendres-18-de-novembre-es-va-celebrar-al-palau-la\/"},"modified":"2022-11-22T12:48:04","modified_gmt":"2022-11-22T11:48:04","slug":"noticiesnbalziralnbalzira-en-la-vii-gala-de-lesport-el-passat-divendres-18-de-novembre-es-va-celebrar-al-palau-la","status":"publish","type":"post","link":"https:\/\/esportsmunicipalsalzira.com\/es\/noticiesnbalziralnbalzira-en-la-vii-gala-de-lesport-el-passat-divendres-18-de-novembre-es-va-celebrar-al-palau-la\/","title":{"rendered":"#NOTICIESNBALZIRA La NBAlzira en la VII Gala del Deporte. El pasado viernes 18 de noviembre se celebr\u00f3 en el Palau la"},"content":{"rendered":"<p><br \/>\n\ud83d\udd35\ud83d\udd34#NOTICIESNBALZIRA<\/p>\n<p>La NBAlzira en la VII Gala del Deporte.<\/p>\n<p>El pasado viernes 18 de noviembre se celebr\u00f3 en el Palau la VII Gala del Deporte Alzireny.<\/p>\n<p>En este acto recibi\u00f3 reconocimiento nuestro equipo Senior Grana Talleres Autos Leal que la pasada temporada, entrenados por el alzire\u00f1o Pep Camps, logr\u00f3 el ascenso a categor\u00eda Preferente. El galard\u00f3n fue replegado por los jugadores del equipo Luis Tarrag\u00f3, Salva Bernia, Luis Borja, Andr\u00e9s Marin, Jos\u00e9 Sanjuan, Yeraith Recio, Carlos Hungr\u00eda y Ruben Aparisi.<\/p>\n<p>Tambi\u00e9n obtuvo su distinci\u00f3n Jos\u00e9 Enrique Sanjuan, por su labor como miembro de la directiva del club desde 2008 y presidente en los per\u00edodos 2010-2014 y 2016-2018 donde el club logr\u00f3 grandes \u00e9xitos deportivos como el ascenso a Auton\u00f3mica del primer equipo masculino y la consecuci\u00f3n de campeonatos como Ligas Valencianas y Trofeos Federaci\u00f3n por parte de los canteranos. En sus dos etapas como presidente el club aument\u00f3 su masa social y el n\u00famero de jugadores y jugadoras en gran cuant\u00eda.<\/p>\n<p>Como cada a\u00f1o se otorgaron los premios a los mejores deportistas alzire\u00f1os 2022. Este a\u00f1o recayeron en el tirador Alberto Castrillo y la jugadora de pelota Lucia Aguado.<\/p>\n<p>Se anunci\u00f3 igualmente la m\u00e1xima distinci\u00f3n a la carrera deportiva y galard\u00f3n Isla del J\u00facar para el especialista en Psicolog\u00eda Esportiva Isabel Balaguer.<\/p>\n<p>\u00a1\u00a1\u00a1Enhorabuena a todos los premiados y especialmente a los chicos de nuestro equipo senior!!!<\/p>\n<p><a href=\"https:\/\/scontent-ecv1-1.xx.fbcdn.net\/v\/t39.30808-6\/316411218_10160117184872655_2620001078350295353_n.jpg?_nc_cat=106&#038;ccb=1-7&#038;_nc_sid=730e14&#038;_nc_ohc=4UsoEIcnERAAX-gsMNx&#038;_nc_ht=scontent-ecv1-1.xx&#038;oh=00_AfCUUnQCsUvuQ0n76gsBuCS67VeRyjyBTj36SzkfimjFoA&#038;oe=63B5BCF6\"><img decoding=\"async\" class=\"wp_automatic_fb_img\" title=\"\" src=\"https:\/\/scontent-ecv1-1.xx.fbcdn.net\/v\/t39.30808-6\/316411218_10160117184872655_2620001078350295353_n.jpg?_nc_cat=106&#038;ccb=1-7&#038;_nc_sid=730e14&#038;_nc_ohc=4UsoEIcnERAAX-gsMNx&#038;_nc_ht=scontent-ecv1-1.xx&#038;oh=00_AfCUUnQCsUvuQ0n76gsBuCS67VeRyjyBTj36SzkfimjFoA&#038;oe=63B5BCF6\" \/><\/a><br \/><a href=\"https:\/\/scontent-ecv1-1.xx.fbcdn.net\/v\/t39.30808-6\/316417990_10160117184887655_65078760502059643_n.jpg?_nc_cat=100&#038;ccb=1-7&#038;_nc_sid=730e14&#038;_nc_ohc=K4KqN4_crisAX-SlYoK&#038;_nc_oc=AQklC4uNtPTJodPah2z5_OxgEGSUFOTa9m-SqNAfmXk9kTZ-UkoYHzDj-zFMyT9A5ek&#038;_nc_ht=scontent-ecv1-1.xx&#038;oh=00_AfDD2m7Orifc3qVhQdBrQV9rFvqcZurz0lqrorNt_vUOTg&#038;oe=63B6E00B\"><img decoding=\"async\" class=\"wp_automatic_fb_img\" title=\"\" src=\"https:\/\/scontent-ecv1-1.xx.fbcdn.net\/v\/t39.30808-6\/316417990_10160117184887655_65078760502059643_n.jpg?_nc_cat=100&#038;ccb=1-7&#038;_nc_sid=730e14&#038;_nc_ohc=K4KqN4_crisAX-SlYoK&#038;_nc_oc=AQklC4uNtPTJodPah2z5_OxgEGSUFOTa9m-SqNAfmXk9kTZ-UkoYHzDj-zFMyT9A5ek&#038;_nc_ht=scontent-ecv1-1.xx&#038;oh=00_AfDD2m7Orifc3qVhQdBrQV9rFvqcZurz0lqrorNt_vUOTg&#038;oe=63B6E00B\" \/><\/a><br \/>\n<br \/>\n<br \/><a href=\"https:\/\/www.facebook.com\/100063537194811\/posts\/589117643216137\">source<\/a>  <\/p>","protected":false},"excerpt":{"rendered":"<p>\ud83d\udd35\ud83d\udd34#NOTICIESNBALZIRA L&#8217;NBAlzira en la VII Gala de l&#8217;Esport. El passat divendres 18 de novembre es va celebrar al Palau la VII Gala de l\u2019Esport Alzireny. En este acte va rebre reconeixement el nostre equip S\u00e8nior Grana Talleres Autos Leal que la temporada passada, entrenats per l&#8217;alzireny Pep Camps, va aconseguir l\u2019ascens a categoria Preferent. El [&hellip;]<\/p>\n","protected":false},"author":2,"featured_media":4160,"comment_status":"open","ping_status":"open","sticky":false,"template":"","format":"standard","meta":{"footnotes":""},"categories":[1],"tags":[],"class_list":["post-4159","post","type-post","status-publish","format-standard","has-post-thumbnail","hentry","category-esports-alzira"],"featured_image_src":{"landsacpe":["https:\/\/esportsmunicipalsalzira.com\/wp-content\/uploads\/2023\/01\/316411218_10160117184872655_2620001078350295353_n-720x445.jpg",720,445,true],"list":["https:\/\/esportsmunicipalsalzira.com\/wp-content\/uploads\/2023\/01\/316411218_10160117184872655_2620001078350295353_n-463x348.jpg",463,348,true],"medium":["https:\/\/esportsmunicipalsalzira.com\/wp-content\/uploads\/2023\/01\/316411218_10160117184872655_2620001078350295353_n-300x200.jpg",300,200,true],"full":["https:\/\/esportsmunicipalsalzira.com\/wp-content\/uploads\/2023\/01\/316411218_10160117184872655_2620001078350295353_n.jpg",720,480,false]},"_links":{"self":[{"href":"https:\/\/esportsmunicipalsalzira.com\/es\/wp-json\/wp\/v2\/posts\/4159","targetHints":{"allow":["GET"]}}],"collection":[{"href":"https:\/\/esportsmunicipalsalzira.com\/es\/wp-json\/wp\/v2\/posts"}],"about":[{"href":"https:\/\/esportsmunicipalsalzira.com\/es\/wp-json\/wp\/v2\/types\/post"}],"author":[{"embeddable":true,"href":"https:\/\/esportsmunicipalsalzira.com\/es\/wp-json\/wp\/v2\/users\/2"}],"replies":[{"embeddable":true,"href":"https:\/\/esportsmunicipalsalzira.com\/es\/wp-json\/wp\/v2\/comments?post=4159"}],"version-history":[{"count":0,"href":"https:\/\/esportsmunicipalsalzira.com\/es\/wp-json\/wp\/v2\/posts\/4159\/revisions"}],"wp:featuredmedia":[{"embeddable":true,"href":"https:\/\/esportsmunicipalsalzira.com\/es\/wp-json\/wp\/v2\/media\/4160"}],"wp:attachment":[{"href":"https:\/\/esportsmunicipalsalzira.com\/es\/wp-json\/wp\/v2\/media?parent=4159"}],"wp:term":[{"taxonomy":"category","embeddable":true,"href":"https:\/\/esportsmunicipalsalzira.com\/es\/wp-json\/wp\/v2\/categories?post=4159"},{"taxonomy":"post_tag","embeddable":true,"href":"https:\/\/esportsmunicipalsalzira.com\/es\/wp-json\/wp\/v2\/tags?post=4159"}],"curies":[{"name":"wp","href":"https:\/\/api.w.org\/{rel}","templated":true}]}}