{"id":4187,"date":"2022-11-17T19:32:13","date_gmt":"2022-11-17T18:32:13","guid":{"rendered":"https:\/\/esportsmunicipalsalzira.com\/alzira-pot-acollir-la-supercopa-despanya-de-futbol-sala-el-regidor-desports-fernando-pascual-sha-reunit-amb-el-javi\/"},"modified":"2022-11-17T19:32:13","modified_gmt":"2022-11-17T18:32:13","slug":"alzira-pot-acollir-la-supercopa-despanya-de-futbol-sala-el-regidor-desports-fernando-pascual-sha-reunit-amb-el-javi","status":"publish","type":"post","link":"https:\/\/esportsmunicipalsalzira.com\/es\/alzira-pot-acollir-la-supercopa-despanya-de-futbol-sala-el-regidor-desports-fernando-pascual-sha-reunit-amb-el-javi\/","title":{"rendered":"Alzira puede acoger la Supercopa de Espa\u00f1a de F\u00fatbol Sala El concejal de Deportes Fernando Pascual, se ha reunido con Javi"},"content":{"rendered":"<p><br \/>\nAlzira puede albergar la Supercopa de Espa\u00f1a de F\u00fatbol Sala<br \/>\nEl concejal de Deportes Fernando Pascual, se ha reunido con Javier Lorente, Director de Primera y Segunda RFEF Futsal, junto a Vicente Fontana, Presidente del Club Alzira F\u00fatbol Sala, el Palacio de Deportes, para visitar las instalaciones del Palacio de Deportes.<br \/>\nEn este encuentro coincidiendo con el partido de Copa del Rey se nos traslad\u00f3 como ayuntamiento el inter\u00e9s por parte de la RFEF en llevar la Supercopa de Espa\u00f1a de F\u00fatbol Sala a Alzira.<br \/>\nDesde el departamento de Deportes, se est\u00e1n valorando las condiciones conjuntamente con el Club Alzira F\u00fatbol Sala, usuario habitual del Palau d\u00b4Esports. En breve daremos una respuesta a la RFEF Futsal.<\/p>\n<p><a href=\"https:\/\/scontent-ecv1-1.xx.fbcdn.net\/v\/t39.30808-6\/315992661_584633636997871_4395053770278601729_n.jpg?_nc_cat=101&#038;ccb=1-7&#038;_nc_sid=730e14&#038;_nc_ohc=Sww0qlYntIAAX9CCChv&#038;_nc_ht=scontent-ecv1-1.xx&#038;oh=00_AfDiQMEz6pNd6lamXh15oncLfT9JiRjqbZKGt9GXLgz7Uw&#038;oe=63B75D25\"><img decoding=\"async\" class=\"wp_automatic_fb_img\" title=\"\" src=\"https:\/\/scontent-ecv1-1.xx.fbcdn.net\/v\/t39.30808-6\/315992661_584633636997871_4395053770278601729_n.jpg?_nc_cat=101&#038;ccb=1-7&#038;_nc_sid=730e14&#038;_nc_ohc=Sww0qlYntIAAX9CCChv&#038;_nc_ht=scontent-ecv1-1.xx&#038;oh=00_AfDiQMEz6pNd6lamXh15oncLfT9JiRjqbZKGt9GXLgz7Uw&#038;oe=63B75D25\" \/><\/a><br \/><a href=\"https:\/\/scontent-ecv1-1.xx.fbcdn.net\/v\/t39.30808-6\/315884567_584633646997870_1146181513930637458_n.jpg?_nc_cat=111&#038;ccb=1-7&#038;_nc_sid=730e14&#038;_nc_ohc=5XUEykYZ0cQAX8wnHYY&#038;_nc_ht=scontent-ecv1-1.xx&#038;oh=00_AfD0ofLHHSUY00iL-S9rPloxJocZ-wKEhj4Cb4GNVYslyg&#038;oe=63B7917E\"><img decoding=\"async\" class=\"wp_automatic_fb_img\" title=\"\" src=\"https:\/\/scontent-ecv1-1.xx.fbcdn.net\/v\/t39.30808-6\/315884567_584633646997870_1146181513930637458_n.jpg?_nc_cat=111&#038;ccb=1-7&#038;_nc_sid=730e14&#038;_nc_ohc=5XUEykYZ0cQAX8wnHYY&#038;_nc_ht=scontent-ecv1-1.xx&#038;oh=00_AfD0ofLHHSUY00iL-S9rPloxJocZ-wKEhj4Cb4GNVYslyg&#038;oe=63B7917E\" \/><\/a><br \/><a href=\"https:\/\/scontent-ecv1-1.xx.fbcdn.net\/v\/t39.30808-6\/316268387_584633650331203_7886207357323817548_n.jpg?_nc_cat=108&#038;ccb=1-7&#038;_nc_sid=730e14&#038;_nc_ohc=Qv8WW3k9zGwAX9cAyNh&#038;_nc_oc=AQkd_E-uHHEh597rrlUerwNGnh8D7hKht0-hogFa6DQfjFp71OODYFrCX0eKrOkTo5w&#038;_nc_ht=scontent-ecv1-1.xx&#038;oh=00_AfBxtvdp0GlrpU4rQfJqw_FhAqOYzYBF4xdOTJCeYuPKIQ&#038;oe=63B6DB52\"><img decoding=\"async\" class=\"wp_automatic_fb_img\" title=\"\" src=\"https:\/\/scontent-ecv1-1.xx.fbcdn.net\/v\/t39.30808-6\/316268387_584633650331203_7886207357323817548_n.jpg?_nc_cat=108&#038;ccb=1-7&#038;_nc_sid=730e14&#038;_nc_ohc=Qv8WW3k9zGwAX9cAyNh&#038;_nc_oc=AQkd_E-uHHEh597rrlUerwNGnh8D7hKht0-hogFa6DQfjFp71OODYFrCX0eKrOkTo5w&#038;_nc_ht=scontent-ecv1-1.xx&#038;oh=00_AfBxtvdp0GlrpU4rQfJqw_FhAqOYzYBF4xdOTJCeYuPKIQ&#038;oe=63B6DB52\" \/><\/a><br \/>\n<br \/>\n<br \/><a href=\"https:\/\/www.facebook.com\/100063537194811\/posts\/584633716997863\">source<\/a>  <\/p>","protected":false},"excerpt":{"rendered":"<p>Alzira pot acollir la Supercopa d&#8217;Espanya de Futbol Sala El regidor d&#8217;Esports Fernando Pascual, s&#8217;ha reunit amb el Javier Lorente, Director de Primera i Segona RFEF Futsal, junt amb Vicente Fontana, President del Club Alzira Futbol Sala, el Palau d&#8217;Esports, per a visitar les instal\u2022lacions del Palau d\u00b4Esports. En esta reuni\u00f3 coincidint amb el partit [&hellip;]<\/p>\n","protected":false},"author":2,"featured_media":4188,"comment_status":"open","ping_status":"open","sticky":false,"template":"","format":"standard","meta":{"footnotes":""},"categories":[1],"tags":[],"class_list":["post-4187","post","type-post","status-publish","format-standard","has-post-thumbnail","hentry","category-esports-alzira"],"featured_image_src":{"landsacpe":["https:\/\/esportsmunicipalsalzira.com\/wp-content\/uploads\/2023\/01\/315992661_584633636997871_4395053770278601729_n-1140x445.jpg",1140,445,true],"list":["https:\/\/esportsmunicipalsalzira.com\/wp-content\/uploads\/2023\/01\/315992661_584633636997871_4395053770278601729_n-463x348.jpg",463,348,true],"medium":["https:\/\/esportsmunicipalsalzira.com\/wp-content\/uploads\/2023\/01\/315992661_584633636997871_4395053770278601729_n-300x225.jpg",300,225,true],"full":["https:\/\/esportsmunicipalsalzira.com\/wp-content\/uploads\/2023\/01\/315992661_584633636997871_4395053770278601729_n.jpg",2048,1536,false]},"_links":{"self":[{"href":"https:\/\/esportsmunicipalsalzira.com\/es\/wp-json\/wp\/v2\/posts\/4187","targetHints":{"allow":["GET"]}}],"collection":[{"href":"https:\/\/esportsmunicipalsalzira.com\/es\/wp-json\/wp\/v2\/posts"}],"about":[{"href":"https:\/\/esportsmunicipalsalzira.com\/es\/wp-json\/wp\/v2\/types\/post"}],"author":[{"embeddable":true,"href":"https:\/\/esportsmunicipalsalzira.com\/es\/wp-json\/wp\/v2\/users\/2"}],"replies":[{"embeddable":true,"href":"https:\/\/esportsmunicipalsalzira.com\/es\/wp-json\/wp\/v2\/comments?post=4187"}],"version-history":[{"count":0,"href":"https:\/\/esportsmunicipalsalzira.com\/es\/wp-json\/wp\/v2\/posts\/4187\/revisions"}],"wp:featuredmedia":[{"embeddable":true,"href":"https:\/\/esportsmunicipalsalzira.com\/es\/wp-json\/wp\/v2\/media\/4188"}],"wp:attachment":[{"href":"https:\/\/esportsmunicipalsalzira.com\/es\/wp-json\/wp\/v2\/media?parent=4187"}],"wp:term":[{"taxonomy":"category","embeddable":true,"href":"https:\/\/esportsmunicipalsalzira.com\/es\/wp-json\/wp\/v2\/categories?post=4187"},{"taxonomy":"post_tag","embeddable":true,"href":"https:\/\/esportsmunicipalsalzira.com\/es\/wp-json\/wp\/v2\/tags?post=4187"}],"curies":[{"name":"wp","href":"https:\/\/api.w.org\/{rel}","templated":true}]}}