{"id":4321,"date":"2022-10-23T16:12:22","date_gmt":"2022-10-23T14:12:22","guid":{"rendered":"https:\/\/esportsmunicipalsalzira.com\/el-regidor-desports-fernando-pascual-junt-al-tecnic-del-departament-enrinc-taronjer-han-visitat-lestadi-municipal-l\/"},"modified":"2022-10-23T16:12:22","modified_gmt":"2022-10-23T14:12:22","slug":"el-regidor-desports-fernando-pascual-junt-al-tecnic-del-departament-enrinc-taronjer-han-visitat-lestadi-municipal-l","status":"publish","type":"post","link":"https:\/\/esportsmunicipalsalzira.com\/es\/el-regidor-desports-fernando-pascual-junt-al-tecnic-del-departament-enrinc-taronjer-han-visitat-lestadi-municipal-l\/","title":{"rendered":"El concejal de Deportes, Fernando Pascual, junto al t\u00e9cnico del departamento Enrinc Taronjer, han visitado el Estadio Municipal L"},"content":{"rendered":"<p><br \/>\nEl concejal de Deportes, Fernando Pascual, junto al t\u00e9cnico del departamento Enrinc Taronjer, han visitado el Estadio Municipal Lu\u00eds Su\u00f1er para comprobar se primera mano el terreno de juego de cara a la competici\u00f3n de la Copa de Rey donde jugar\u00e1 la UD Alzira contra un equipo de primera divisi\u00f3n.<br \/>\nSe est\u00e1n llevando a cabo trabajos habituales de mantenimiento de esta instalaci\u00f3n deportiva as\u00ed como otros que marca la propia federaci\u00f3n para esta competici\u00f3n nacional.<\/p>\n<p><a href=\"https:\/\/scontent-ecv1-1.xx.fbcdn.net\/v\/t39.30808-6\/305758800_561369595990942_7364567920359593079_n.jpg?_nc_cat=102&#038;ccb=1-7&#038;_nc_sid=730e14&#038;_nc_ohc=dwxO9yTskakAX8VW8Eb&#038;_nc_ht=scontent-ecv1-1.xx&#038;oh=00_AfB3ibS5s_13KQdewHxx8l-GqwUbbVtHFu3E7eVKgK6kjA&#038;oe=63BC47B6\"><img decoding=\"async\" class=\"wp_automatic_fb_img\" title=\"\" src=\"https:\/\/scontent-ecv1-1.xx.fbcdn.net\/v\/t39.30808-6\/305758800_561369595990942_7364567920359593079_n.jpg?_nc_cat=102&#038;ccb=1-7&#038;_nc_sid=730e14&#038;_nc_ohc=dwxO9yTskakAX8VW8Eb&#038;_nc_ht=scontent-ecv1-1.xx&#038;oh=00_AfB3ibS5s_13KQdewHxx8l-GqwUbbVtHFu3E7eVKgK6kjA&#038;oe=63BC47B6\" \/><\/a><br \/><a href=\"https:\/\/scontent-ecv1-1.xx.fbcdn.net\/v\/t39.30808-6\/311146550_561369662657602_9197607038374348764_n.jpg?_nc_cat=109&#038;ccb=1-7&#038;_nc_sid=730e14&#038;_nc_ohc=yj8eVNTWnqEAX-t5T7b&#038;_nc_ht=scontent-ecv1-1.xx&#038;oh=00_AfBa5DG0dnIXmodiznwMUrZKGXESWMQnzNqwZhD0OL68-A&#038;oe=63BA9ADE\"><img decoding=\"async\" class=\"wp_automatic_fb_img\" title=\"\" src=\"https:\/\/scontent-ecv1-1.xx.fbcdn.net\/v\/t39.30808-6\/311146550_561369662657602_9197607038374348764_n.jpg?_nc_cat=109&#038;ccb=1-7&#038;_nc_sid=730e14&#038;_nc_ohc=yj8eVNTWnqEAX-t5T7b&#038;_nc_ht=scontent-ecv1-1.xx&#038;oh=00_AfBa5DG0dnIXmodiznwMUrZKGXESWMQnzNqwZhD0OL68-A&#038;oe=63BA9ADE\" \/><\/a><br \/><a href=\"https:\/\/scontent-ecv1-1.xx.fbcdn.net\/v\/t39.30808-6\/311168995_561369599324275_6197873356611577691_n.jpg?_nc_cat=107&#038;ccb=1-7&#038;_nc_sid=730e14&#038;_nc_ohc=MW-MtcyrcUAAX_JC6bg&#038;_nc_ht=scontent-ecv1-1.xx&#038;oh=00_AfBsIM0R9TmH2M82Xob7g4xlA2Nlk9jeS4iIUsiCVGvhRg&#038;oe=63BB5866\"><img decoding=\"async\" class=\"wp_automatic_fb_img\" title=\"\" src=\"https:\/\/scontent-ecv1-1.xx.fbcdn.net\/v\/t39.30808-6\/311168995_561369599324275_6197873356611577691_n.jpg?_nc_cat=107&#038;ccb=1-7&#038;_nc_sid=730e14&#038;_nc_ohc=MW-MtcyrcUAAX_JC6bg&#038;_nc_ht=scontent-ecv1-1.xx&#038;oh=00_AfBsIM0R9TmH2M82Xob7g4xlA2Nlk9jeS4iIUsiCVGvhRg&#038;oe=63BB5866\" \/><\/a><br \/>\n<br \/>\n<br \/><a href=\"https:\/\/www.facebook.com\/100063537194811\/posts\/561369955990906\">source<\/a>  <\/p>","protected":false},"excerpt":{"rendered":"<p>El regidor d\u2019Esports, Fernando Pascual, junt al tecnic del departament Enrinc Taronjer, han visitat l\u2019Estadi Municipal Lu\u00eds Su\u00f1er per a comprovar se primera m\u00e0 el terreny de joc de cara a la competici\u00f3 de la Copa de Rei on jugar\u00e0 la UD Alzira contra un equip de primera divisi\u00f3. S\u2019estan duent a terme treballs habituals [&hellip;]<\/p>\n","protected":false},"author":2,"featured_media":4322,"comment_status":"open","ping_status":"open","sticky":false,"template":"","format":"standard","meta":{"footnotes":""},"categories":[1],"tags":[],"class_list":["post-4321","post","type-post","status-publish","format-standard","has-post-thumbnail","hentry","category-esports-alzira"],"featured_image_src":{"landsacpe":["https:\/\/esportsmunicipalsalzira.com\/wp-content\/uploads\/2023\/01\/305758800_561369595990942_7364567920359593079_n-1140x445.jpg",1140,445,true],"list":["https:\/\/esportsmunicipalsalzira.com\/wp-content\/uploads\/2023\/01\/305758800_561369595990942_7364567920359593079_n-463x348.jpg",463,348,true],"medium":["https:\/\/esportsmunicipalsalzira.com\/wp-content\/uploads\/2023\/01\/305758800_561369595990942_7364567920359593079_n-300x225.jpg",300,225,true],"full":["https:\/\/esportsmunicipalsalzira.com\/wp-content\/uploads\/2023\/01\/305758800_561369595990942_7364567920359593079_n.jpg",2048,1536,false]},"_links":{"self":[{"href":"https:\/\/esportsmunicipalsalzira.com\/es\/wp-json\/wp\/v2\/posts\/4321","targetHints":{"allow":["GET"]}}],"collection":[{"href":"https:\/\/esportsmunicipalsalzira.com\/es\/wp-json\/wp\/v2\/posts"}],"about":[{"href":"https:\/\/esportsmunicipalsalzira.com\/es\/wp-json\/wp\/v2\/types\/post"}],"author":[{"embeddable":true,"href":"https:\/\/esportsmunicipalsalzira.com\/es\/wp-json\/wp\/v2\/users\/2"}],"replies":[{"embeddable":true,"href":"https:\/\/esportsmunicipalsalzira.com\/es\/wp-json\/wp\/v2\/comments?post=4321"}],"version-history":[{"count":0,"href":"https:\/\/esportsmunicipalsalzira.com\/es\/wp-json\/wp\/v2\/posts\/4321\/revisions"}],"wp:featuredmedia":[{"embeddable":true,"href":"https:\/\/esportsmunicipalsalzira.com\/es\/wp-json\/wp\/v2\/media\/4322"}],"wp:attachment":[{"href":"https:\/\/esportsmunicipalsalzira.com\/es\/wp-json\/wp\/v2\/media?parent=4321"}],"wp:term":[{"taxonomy":"category","embeddable":true,"href":"https:\/\/esportsmunicipalsalzira.com\/es\/wp-json\/wp\/v2\/categories?post=4321"},{"taxonomy":"post_tag","embeddable":true,"href":"https:\/\/esportsmunicipalsalzira.com\/es\/wp-json\/wp\/v2\/tags?post=4321"}],"curies":[{"name":"wp","href":"https:\/\/api.w.org\/{rel}","templated":true}]}}