{"id":4381,"date":"2022-10-09T09:02:13","date_gmt":"2022-10-09T07:02:13","guid":{"rendered":"https:\/\/esportsmunicipalsalzira.com\/exit-al-campionat-sub-15-de-la-comunitat-valenciana-dhalterofilia-i-sha-celebrat-en-tavernes-els-esportistes-alzireny\/"},"modified":"2022-10-09T09:02:13","modified_gmt":"2022-10-09T07:02:13","slug":"exit-al-campionat-sub-15-de-la-comunitat-valenciana-dhalterofilia-i-sha-celebrat-en-tavernes-els-esportistes-alzireny","status":"publish","type":"post","link":"https:\/\/esportsmunicipalsalzira.com\/es\/exit-al-campionat-sub-15-de-la-comunitat-valenciana-dhalterofilia-i-sha-celebrat-en-tavernes-els-esportistes-alzireny\/","title":{"rendered":"\u00c9xito en el Campeonato sub 15 de la Comunidad Valenciana de Halterofilia y se ha celebrado en Tavernes. Los deportistas alzire\u00f1o"},"content":{"rendered":"<p><br \/>\n\u00c9xito en el Campeonato sub 15 de la Comunidad Valenciana de Halterofilia y se ha celebrado en Tavernes. Los deportistas alzire\u00f1os y alzire\u00f1as se han llevado un gran palmar\u00e9s:<\/p>\n<p>\u2013 Nuria Torres subcampeona.<\/p>\n<p>\u2013 Juan Moreno medalla de bronce.<\/p>\n<p>\u2013 Eva Alfaro campeona.<\/p>\n<p>\u2013 Tihara Giselle Saldivar campeona.<\/p>\n<p>\u2013 Izan P\u00e9rez campe\u00f3n.<\/p>\n<p>El concejal de Deportes, Fernando Pascual, ha dado la enhorabuena tanto al club alzire\u00f1o como a los medallistas.<\/p>\n<p><a href=\"https:\/\/scontent-ecv1-1.xx.fbcdn.net\/v\/t39.30808-6\/311306475_547180900743145_8865254983832022322_n.jpg?_nc_cat=110&#038;ccb=1-7&#038;_nc_sid=8bfeb9&#038;_nc_ohc=q6nnfNEO-9AAX9YfZlu&#038;_nc_ht=scontent-ecv1-1.xx&#038;oh=00_AfAqaLvQVJEkuzpDb0k3792uzp0fYP-tfq94A0IEcjyjLg&#038;oe=63BD8FB9\"><img decoding=\"async\" class=\"wp_automatic_fb_img\" title=\"\" src=\"https:\/\/scontent-ecv1-1.xx.fbcdn.net\/v\/t39.30808-6\/311306475_547180900743145_8865254983832022322_n.jpg?_nc_cat=110&#038;ccb=1-7&#038;_nc_sid=8bfeb9&#038;_nc_ohc=q6nnfNEO-9AAX9YfZlu&#038;_nc_ht=scontent-ecv1-1.xx&#038;oh=00_AfAqaLvQVJEkuzpDb0k3792uzp0fYP-tfq94A0IEcjyjLg&#038;oe=63BD8FB9\" \/><\/a><br \/><a href=\"https:\/\/scontent-ecv1-1.xx.fbcdn.net\/v\/t39.30808-6\/311007436_547180907409811_5034156549333308707_n.jpg?_nc_cat=106&#038;ccb=1-7&#038;_nc_sid=8bfeb9&#038;_nc_ohc=V_a1TLo8VLMAX-fEFle&#038;_nc_ht=scontent-ecv1-1.xx&#038;oh=00_AfCzhTi5JUk7aGWswXdiTyd48hPPsCJQVx5J3iB2hfS7gg&#038;oe=63BD51D9\"><img decoding=\"async\" class=\"wp_automatic_fb_img\" title=\"\" src=\"https:\/\/scontent-ecv1-1.xx.fbcdn.net\/v\/t39.30808-6\/311007436_547180907409811_5034156549333308707_n.jpg?_nc_cat=106&#038;ccb=1-7&#038;_nc_sid=8bfeb9&#038;_nc_ohc=V_a1TLo8VLMAX-fEFle&#038;_nc_ht=scontent-ecv1-1.xx&#038;oh=00_AfCzhTi5JUk7aGWswXdiTyd48hPPsCJQVx5J3iB2hfS7gg&#038;oe=63BD51D9\" \/><\/a><br \/>\n<br \/>\n<br \/><a href=\"https:\/\/www.facebook.com\/100063537194811\/posts\/547180810743154\">source<\/a>  <\/p>","protected":false},"excerpt":{"rendered":"<p>\u00c9xit al Campionat sub 15 de la Comunitat Valenciana d\u2019Halterof\u00edlia i s\u2019ha celebrat en Tavernes. Els esportistes alzirenys i alzirenyes s\u2019han endut un gran palmar\u00e9s: &#8211; Nuria Torres subcampiona. &#8211; Juan Moreno medalla de bronze. &#8211; Eva Alfaro campiona. &#8211; Tihara Giselle Saldivar campiona. &#8211; Izan P\u00e9rez campi\u00f3. El regidor d\u2019Esports, Fernando Pascual, ha donat [&hellip;]<\/p>\n","protected":false},"author":2,"featured_media":4382,"comment_status":"open","ping_status":"open","sticky":false,"template":"","format":"standard","meta":{"footnotes":""},"categories":[1],"tags":[],"class_list":["post-4381","post","type-post","status-publish","format-standard","has-post-thumbnail","hentry","category-esports-alzira"],"featured_image_src":{"landsacpe":["https:\/\/esportsmunicipalsalzira.com\/wp-content\/uploads\/2023\/01\/311306475_547180900743145_8865254983832022322_n-1140x445.jpg",1140,445,true],"list":["https:\/\/esportsmunicipalsalzira.com\/wp-content\/uploads\/2023\/01\/311306475_547180900743145_8865254983832022322_n-463x348.jpg",463,348,true],"medium":["https:\/\/esportsmunicipalsalzira.com\/wp-content\/uploads\/2023\/01\/311306475_547180900743145_8865254983832022322_n-300x138.jpg",300,138,true],"full":["https:\/\/esportsmunicipalsalzira.com\/wp-content\/uploads\/2023\/01\/311306475_547180900743145_8865254983832022322_n.jpg",1600,738,false]},"_links":{"self":[{"href":"https:\/\/esportsmunicipalsalzira.com\/es\/wp-json\/wp\/v2\/posts\/4381","targetHints":{"allow":["GET"]}}],"collection":[{"href":"https:\/\/esportsmunicipalsalzira.com\/es\/wp-json\/wp\/v2\/posts"}],"about":[{"href":"https:\/\/esportsmunicipalsalzira.com\/es\/wp-json\/wp\/v2\/types\/post"}],"author":[{"embeddable":true,"href":"https:\/\/esportsmunicipalsalzira.com\/es\/wp-json\/wp\/v2\/users\/2"}],"replies":[{"embeddable":true,"href":"https:\/\/esportsmunicipalsalzira.com\/es\/wp-json\/wp\/v2\/comments?post=4381"}],"version-history":[{"count":0,"href":"https:\/\/esportsmunicipalsalzira.com\/es\/wp-json\/wp\/v2\/posts\/4381\/revisions"}],"wp:featuredmedia":[{"embeddable":true,"href":"https:\/\/esportsmunicipalsalzira.com\/es\/wp-json\/wp\/v2\/media\/4382"}],"wp:attachment":[{"href":"https:\/\/esportsmunicipalsalzira.com\/es\/wp-json\/wp\/v2\/media?parent=4381"}],"wp:term":[{"taxonomy":"category","embeddable":true,"href":"https:\/\/esportsmunicipalsalzira.com\/es\/wp-json\/wp\/v2\/categories?post=4381"},{"taxonomy":"post_tag","embeddable":true,"href":"https:\/\/esportsmunicipalsalzira.com\/es\/wp-json\/wp\/v2\/tags?post=4381"}],"curies":[{"name":"wp","href":"https:\/\/api.w.org\/{rel}","templated":true}]}}