{"id":4408,"date":"2022-10-01T21:59:13","date_gmt":"2022-10-01T19:59:13","guid":{"rendered":"https:\/\/esportsmunicipalsalzira.com\/esta-vesprada-el-regidor-desports-fernando-pascual-juntament-amb-lalcalde-diego-gomez-i-el-vicepresident-u-d-alzira\/"},"modified":"2022-10-01T21:59:13","modified_gmt":"2022-10-01T19:59:13","slug":"esta-vesprada-el-regidor-desports-fernando-pascual-juntament-amb-lalcalde-diego-gomez-i-el-vicepresident-u-d-alzira","status":"publish","type":"post","link":"https:\/\/esportsmunicipalsalzira.com\/es\/esta-vesprada-el-regidor-desports-fernando-pascual-juntament-amb-lalcalde-diego-gomez-i-el-vicepresident-u-d-alzira\/","title":{"rendered":"Est\u00e1 tarde el Concejal de Deportes, Fernando Pascual, junto con El Alcalde, Diego G\u00f3mez y el Vicepresidente UD Alzira"},"content":{"rendered":"<p><br \/>\nEst\u00e1 tarde el Concejal de Deportes, Fernando Pascual, junto con El Alcalde, Diego G\u00f3mez y el Vicepresidente UD Alzira, Rafa Asensio, han presenciado el partido de Juvenil Divisi\u00f3n de Honor, contra el Atl\u00e9tico de Madrid, un encuentro muy disputado que ha terminado con empate 1-1.<br \/>\nPascual, como responsable del \u00e1rea de Deportes, ha destacado la oportunidad que tienen los aficionados a la pelota pie, para ver el mejor f\u00fatbol Juvenil de Espa\u00f1a, en nuestra localidad.<\/p>\n<p><a href=\"https:\/\/scontent-ecv1-1.xx.fbcdn.net\/v\/t39.30808-6\/309704410_539256278202274_263500217026220227_n.jpg?_nc_cat=103&#038;ccb=1-7&#038;_nc_sid=730e14&#038;_nc_ohc=Ny0o-zFHvsAAX-eplz_&#038;_nc_ht=scontent-ecv1-1.xx&#038;oh=00_AfAozFQ_GBX4lgIXDbOToA7W9KA7l78SH1iYQT6Lm1i1-Q&#038;oe=63BDA1F8\"><img decoding=\"async\" class=\"wp_automatic_fb_img\" title=\"\" src=\"https:\/\/scontent-ecv1-1.xx.fbcdn.net\/v\/t39.30808-6\/309704410_539256278202274_263500217026220227_n.jpg?_nc_cat=103&#038;ccb=1-7&#038;_nc_sid=730e14&#038;_nc_ohc=Ny0o-zFHvsAAX-eplz_&#038;_nc_ht=scontent-ecv1-1.xx&#038;oh=00_AfAozFQ_GBX4lgIXDbOToA7W9KA7l78SH1iYQT6Lm1i1-Q&#038;oe=63BDA1F8\" \/><\/a><br \/><a href=\"https:\/\/scontent-ecv1-1.xx.fbcdn.net\/v\/t39.30808-6\/309943408_539256268202275_2135613480412309267_n.jpg?_nc_cat=108&#038;ccb=1-7&#038;_nc_sid=730e14&#038;_nc_ohc=KuhO05yc1c4AX8tnJXY&#038;_nc_ht=scontent-ecv1-1.xx&#038;oh=00_AfDWR5yx7_sp8pETZ9Mqekl0GtgYeFL8fH9Ef4IFht7HSg&#038;oe=63BE45EC\"><img decoding=\"async\" class=\"wp_automatic_fb_img\" title=\"\" src=\"https:\/\/scontent-ecv1-1.xx.fbcdn.net\/v\/t39.30808-6\/309943408_539256268202275_2135613480412309267_n.jpg?_nc_cat=108&#038;ccb=1-7&#038;_nc_sid=730e14&#038;_nc_ohc=KuhO05yc1c4AX8tnJXY&#038;_nc_ht=scontent-ecv1-1.xx&#038;oh=00_AfDWR5yx7_sp8pETZ9Mqekl0GtgYeFL8fH9Ef4IFht7HSg&#038;oe=63BE45EC\" \/><\/a><br \/><a href=\"https:\/\/scontent-ecv1-1.xx.fbcdn.net\/v\/t39.30808-6\/310599035_539256304868938_5100386672777259550_n.jpg?_nc_cat=110&#038;ccb=1-7&#038;_nc_sid=730e14&#038;_nc_ohc=Tc1VODYmdUgAX_AWKuU&#038;_nc_ht=scontent-ecv1-1.xx&#038;oh=00_AfDvum1gHcUxANV1oLpaa6emvm6ynALyo-1-UH76k3jMyg&#038;oe=63BE034E\"><img decoding=\"async\" class=\"wp_automatic_fb_img\" title=\"\" src=\"https:\/\/scontent-ecv1-1.xx.fbcdn.net\/v\/t39.30808-6\/310599035_539256304868938_5100386672777259550_n.jpg?_nc_cat=110&#038;ccb=1-7&#038;_nc_sid=730e14&#038;_nc_ohc=Tc1VODYmdUgAX_AWKuU&#038;_nc_ht=scontent-ecv1-1.xx&#038;oh=00_AfDvum1gHcUxANV1oLpaa6emvm6ynALyo-1-UH76k3jMyg&#038;oe=63BE034E\" \/><\/a><br \/><a href=\"https:\/\/scontent-ecv1-1.xx.fbcdn.net\/v\/t39.30808-6\/309470208_539256308202271_7872193650296201204_n.jpg?_nc_cat=100&#038;ccb=1-7&#038;_nc_sid=730e14&#038;_nc_ohc=cYhRm9jKEawAX_BBpPr&#038;_nc_ht=scontent-ecv1-1.xx&#038;oh=00_AfAnUC0PmyEfEjycJppkk0NeW02tOBhcd8OMvdT3Jas_tQ&#038;oe=63BD6BB9\"><img decoding=\"async\" class=\"wp_automatic_fb_img\" title=\"\" src=\"https:\/\/scontent-ecv1-1.xx.fbcdn.net\/v\/t39.30808-6\/309470208_539256308202271_7872193650296201204_n.jpg?_nc_cat=100&#038;ccb=1-7&#038;_nc_sid=730e14&#038;_nc_ohc=cYhRm9jKEawAX_BBpPr&#038;_nc_ht=scontent-ecv1-1.xx&#038;oh=00_AfAnUC0PmyEfEjycJppkk0NeW02tOBhcd8OMvdT3Jas_tQ&#038;oe=63BD6BB9\" \/><\/a><br \/><a href=\"https:\/\/scontent-ecv1-1.xx.fbcdn.net\/v\/t39.30808-6\/309610618_539256301535605_1048789551990582026_n.jpg?_nc_cat=108&#038;ccb=1-7&#038;_nc_sid=730e14&#038;_nc_ohc=Urke0WoBLy4AX_V2x5b&#038;_nc_ht=scontent-ecv1-1.xx&#038;oh=00_AfCisjw3SlBNTQ0ZqVNDrlw2__FRd0YxsyiusZKIjejl4A&#038;oe=63BF3268\"><img decoding=\"async\" class=\"wp_automatic_fb_img\" title=\"\" src=\"https:\/\/scontent-ecv1-1.xx.fbcdn.net\/v\/t39.30808-6\/309610618_539256301535605_1048789551990582026_n.jpg?_nc_cat=108&#038;ccb=1-7&#038;_nc_sid=730e14&#038;_nc_ohc=Urke0WoBLy4AX_V2x5b&#038;_nc_ht=scontent-ecv1-1.xx&#038;oh=00_AfCisjw3SlBNTQ0ZqVNDrlw2__FRd0YxsyiusZKIjejl4A&#038;oe=63BF3268\" \/><\/a><br \/>\n<br \/>\n<br \/><a href=\"https:\/\/www.facebook.com\/100063537194811\/posts\/539256448202257\">source<\/a>  <\/p>","protected":false},"excerpt":{"rendered":"<p>Est\u00e0 vesprada el Regidor d&#8217;Esports, Fernando Pascual, juntament amb L&#8217;Alcalde, Diego G\u00f3mez i el Vicepresident U.D Alzira, Rafa Asensio, han presenciat el partit de Juvenil Divisi\u00f3 d&#8217;Honor, contra l&#8217;Atl\u00e8tic de Madrid, una trobada molt disputada que ha acabat amb empat 1-1. Pascual, com a responsable de l&#8217;\u00e0rea d&#8217;Esports, ha destacat l&#8217;oportunitat que tenen els aficionats [&hellip;]<\/p>\n","protected":false},"author":2,"featured_media":4409,"comment_status":"open","ping_status":"open","sticky":false,"template":"","format":"standard","meta":{"footnotes":""},"categories":[1],"tags":[],"class_list":["post-4408","post","type-post","status-publish","format-standard","has-post-thumbnail","hentry","category-esports-alzira"],"featured_image_src":{"landsacpe":["https:\/\/esportsmunicipalsalzira.com\/wp-content\/uploads\/2023\/01\/309704410_539256278202274_263500217026220227_n-1140x445.jpg",1140,445,true],"list":["https:\/\/esportsmunicipalsalzira.com\/wp-content\/uploads\/2023\/01\/309704410_539256278202274_263500217026220227_n-463x348.jpg",463,348,true],"medium":["https:\/\/esportsmunicipalsalzira.com\/wp-content\/uploads\/2023\/01\/309704410_539256278202274_263500217026220227_n-300x225.jpg",300,225,true],"full":["https:\/\/esportsmunicipalsalzira.com\/wp-content\/uploads\/2023\/01\/309704410_539256278202274_263500217026220227_n.jpg",2048,1536,false]},"_links":{"self":[{"href":"https:\/\/esportsmunicipalsalzira.com\/es\/wp-json\/wp\/v2\/posts\/4408","targetHints":{"allow":["GET"]}}],"collection":[{"href":"https:\/\/esportsmunicipalsalzira.com\/es\/wp-json\/wp\/v2\/posts"}],"about":[{"href":"https:\/\/esportsmunicipalsalzira.com\/es\/wp-json\/wp\/v2\/types\/post"}],"author":[{"embeddable":true,"href":"https:\/\/esportsmunicipalsalzira.com\/es\/wp-json\/wp\/v2\/users\/2"}],"replies":[{"embeddable":true,"href":"https:\/\/esportsmunicipalsalzira.com\/es\/wp-json\/wp\/v2\/comments?post=4408"}],"version-history":[{"count":0,"href":"https:\/\/esportsmunicipalsalzira.com\/es\/wp-json\/wp\/v2\/posts\/4408\/revisions"}],"wp:featuredmedia":[{"embeddable":true,"href":"https:\/\/esportsmunicipalsalzira.com\/es\/wp-json\/wp\/v2\/media\/4409"}],"wp:attachment":[{"href":"https:\/\/esportsmunicipalsalzira.com\/es\/wp-json\/wp\/v2\/media?parent=4408"}],"wp:term":[{"taxonomy":"category","embeddable":true,"href":"https:\/\/esportsmunicipalsalzira.com\/es\/wp-json\/wp\/v2\/categories?post=4408"},{"taxonomy":"post_tag","embeddable":true,"href":"https:\/\/esportsmunicipalsalzira.com\/es\/wp-json\/wp\/v2\/tags?post=4408"}],"curies":[{"name":"wp","href":"https:\/\/api.w.org\/{rel}","templated":true}]}}