{"id":4437,"date":"2022-09-26T20:23:34","date_gmt":"2022-09-26T18:23:34","guid":{"rendered":"https:\/\/esportsmunicipalsalzira.com\/la-regidoria-desports-se-suma-a-la-celebracio-de-la-setmana-europea-de-lesport-i-lha-iniciada-amb-una-jornada-informa\/"},"modified":"2022-09-26T20:23:34","modified_gmt":"2022-09-26T18:23:34","slug":"la-regidoria-desports-se-suma-a-la-celebracio-de-la-setmana-europea-de-lesport-i-lha-iniciada-amb-una-jornada-informa","status":"publish","type":"post","link":"https:\/\/esportsmunicipalsalzira.com\/es\/la-regidoria-desports-se-suma-a-la-celebracio-de-la-setmana-europea-de-lesport-i-lha-iniciada-amb-una-jornada-informa\/","title":{"rendered":"La concejal\u00eda de Deportes se suma a la celebraci\u00f3n de la Semana Europea del deporte y la ha iniciado con una jornada informa"},"content":{"rendered":"<p><br \/>\nLa concejal\u00eda de Deportes se suma a la celebraci\u00f3n de la Semana Europea del deporte y la ha iniciado con una jornada informativa en torno a c\u00f3mo reanudar la actividad f\u00edsica tras un accidente cardiovascular. Estas charlas se han celebrado en el auditorio de la Casa de la Cultura donde tres m\u00e9dicos de Vithas Alzira ha realizado tres ponencias para informar de c\u00f3mo reanudar la actividad f\u00edsica tras sufrir la enfermedad.<\/p>\n<p>Las charlas han corrido a cargo de los doctores V\u00edctor Girb\u00e9s, Coordinador de Cardiolog\u00eda del Centro M\u00e9dico Vithas Alzira; Josep Esteve, m\u00e9dico internista del Hospital Vithas Aig\u00fces Vives y del Centro M\u00e9dico Vithas Alzira; y Rafael Moreno, internista del Centro M\u00e9dico Vithas Alzira, quienes se han dirigido especialmente a las personas que han sufrido un accidente cardiovascular, para ense\u00f1arles a adaptar sus h\u00e1bitos de vida y rutinas para mejorar su salud cardiovascular. Adem\u00e1s tambi\u00e9n se ha presentado un caso real de persona con enfermedad que ha vuelto a realizar deporte.<\/p>\n<p>El Centro M\u00e9dico de Vithas en Alzira comienza as\u00ed su colaboraci\u00f3n con la concejal\u00eda de deportes donde se pretenden promover h\u00e1bitos de vida saludable. Cabe recordar que el jueves d\u00eda 29 se celebra el D\u00eda Mundial del Coraz\u00f3n, jornada que estar\u00e1 dedicada a la prevenci\u00f3n de las enfermedades cardiovasculares. Para detectar cualquier anomal\u00eda, llevaremos a cabo acciones sencillas pero esenciales como la toma de tensi\u00f3n. Desde las 10 de la ma\u00f1ana hasta las 13 horas, un equipo de profesionales del Centro Vithas Alzira, llevar\u00e1 a cabo una acci\u00f3n de toma de tensi\u00f3n arterial a todas las personas que se acerquen al stand. El objetivo es concienciar a la ciudadan\u00eda sobre las enfermedades, su prevenci\u00f3n, control y tratamiento.<\/p>\n<p>El concejal de Deportes, Fernando Pascual, ha manifestado que \u201cAlzira es una ciudad de deportistas y por eso desde el Ayuntamiento nos sumamos a esta celebraci\u00f3n europea del deporte para hacer valer el trabajo y la dedicaci\u00f3n de los deportistas alzire\u00f1os en cada una de sus disciplinas\u201d.<\/p>\n<p>Al acto asistieron el propio concejal de Deportes, Fernando Pascual y la concejala Marisa Escrib\u00e1.<\/p>\n<p><a href=\"https:\/\/scontent-ecv1-1.xx.fbcdn.net\/v\/t39.30808-6\/308858590_534499108677991_3918174855914926843_n.jpg?stp=cp6_dst-jpg&#038;_nc_cat=111&#038;ccb=1-7&#038;_nc_sid=8bfeb9&#038;_nc_ohc=xPB5eHgcq-0AX9shxjV&#038;_nc_ht=scontent-ecv1-1.xx&#038;oh=00_AfCtdmoj8C2g8cGJfK1oJ2k40SgpT_LiNvoyouNfQQAv7A&#038;oe=63C0202E\"><img decoding=\"async\" class=\"wp_automatic_fb_img\" title=\"\" src=\"https:\/\/scontent-ecv1-1.xx.fbcdn.net\/v\/t39.30808-6\/308858590_534499108677991_3918174855914926843_n.jpg?stp=cp6_dst-jpg&#038;_nc_cat=111&#038;ccb=1-7&#038;_nc_sid=8bfeb9&#038;_nc_ohc=xPB5eHgcq-0AX9shxjV&#038;_nc_ht=scontent-ecv1-1.xx&#038;oh=00_AfCtdmoj8C2g8cGJfK1oJ2k40SgpT_LiNvoyouNfQQAv7A&#038;oe=63C0202E\" \/><\/a><br \/><a href=\"https:\/\/scontent-ecv1-1.xx.fbcdn.net\/v\/t39.30808-6\/309214349_534499502011285_103833132088909698_n.jpg?stp=cp6_dst-jpg&#038;_nc_cat=110&#038;ccb=1-7&#038;_nc_sid=8bfeb9&#038;_nc_ohc=cBUs8WspV7MAX_q0lKR&#038;_nc_ht=scontent-ecv1-1.xx&#038;oh=00_AfCHW77CpOilWCEpofyI8pM-UVaXV5H8ZCH_aMqTRKj7yQ&#038;oe=63BE9747\"><img decoding=\"async\" class=\"wp_automatic_fb_img\" title=\"\" src=\"https:\/\/scontent-ecv1-1.xx.fbcdn.net\/v\/t39.30808-6\/309214349_534499502011285_103833132088909698_n.jpg?stp=cp6_dst-jpg&#038;_nc_cat=110&#038;ccb=1-7&#038;_nc_sid=8bfeb9&#038;_nc_ohc=cBUs8WspV7MAX_q0lKR&#038;_nc_ht=scontent-ecv1-1.xx&#038;oh=00_AfCHW77CpOilWCEpofyI8pM-UVaXV5H8ZCH_aMqTRKj7yQ&#038;oe=63BE9747\" \/><\/a><br \/><a href=\"https:\/\/scontent-ecv1-1.xx.fbcdn.net\/v\/t39.30808-6\/309156601_534499122011323_2722945786950259326_n.jpg?stp=cp6_dst-jpg&#038;_nc_cat=102&#038;ccb=1-7&#038;_nc_sid=8bfeb9&#038;_nc_ohc=rV0s57wPLdwAX957K0x&#038;_nc_ht=scontent-ecv1-1.xx&#038;oh=00_AfBO0EGBbFBOF-0GpswKs44aMV-RAkRKrw6mIg8rZS1jSg&#038;oe=63C056F4\"><img decoding=\"async\" class=\"wp_automatic_fb_img\" title=\"\" src=\"https:\/\/scontent-ecv1-1.xx.fbcdn.net\/v\/t39.30808-6\/309156601_534499122011323_2722945786950259326_n.jpg?stp=cp6_dst-jpg&#038;_nc_cat=102&#038;ccb=1-7&#038;_nc_sid=8bfeb9&#038;_nc_ohc=rV0s57wPLdwAX957K0x&#038;_nc_ht=scontent-ecv1-1.xx&#038;oh=00_AfBO0EGBbFBOF-0GpswKs44aMV-RAkRKrw6mIg8rZS1jSg&#038;oe=63C056F4\" \/><\/a><br \/><a href=\"https:\/\/scontent-ecv1-1.xx.fbcdn.net\/v\/t39.30808-6\/309261123_534499262011309_7779618107468247169_n.jpg?stp=cp6_dst-jpg&#038;_nc_cat=103&#038;ccb=1-7&#038;_nc_sid=8bfeb9&#038;_nc_ohc=PFYfdd1Qob4AX9BdBAr&#038;_nc_oc=AQlPLxmfANjX2_mrFciHJNR1TKs6oY5dnGA44NYKV6zYL7eTY4gexChP0Wh8c_3nbk0&#038;_nc_ht=scontent-ecv1-1.xx&#038;oh=00_AfAFRQRoe80NdwflnM3r9-SNoOMCYy9Zi0E0W_v-Lk3Ivw&#038;oe=63BECA0E\"><img decoding=\"async\" class=\"wp_automatic_fb_img\" title=\"\" src=\"https:\/\/scontent-ecv1-1.xx.fbcdn.net\/v\/t39.30808-6\/309261123_534499262011309_7779618107468247169_n.jpg?stp=cp6_dst-jpg&#038;_nc_cat=103&#038;ccb=1-7&#038;_nc_sid=8bfeb9&#038;_nc_ohc=PFYfdd1Qob4AX9BdBAr&#038;_nc_oc=AQlPLxmfANjX2_mrFciHJNR1TKs6oY5dnGA44NYKV6zYL7eTY4gexChP0Wh8c_3nbk0&#038;_nc_ht=scontent-ecv1-1.xx&#038;oh=00_AfAFRQRoe80NdwflnM3r9-SNoOMCYy9Zi0E0W_v-Lk3Ivw&#038;oe=63BECA0E\" \/><\/a><br \/><a href=\"https:\/\/scontent-ecv1-1.xx.fbcdn.net\/v\/t39.30808-6\/309187811_534499215344647_289306340323741158_n.jpg?stp=cp6_dst-jpg&#038;_nc_cat=102&#038;ccb=1-7&#038;_nc_sid=8bfeb9&#038;_nc_ohc=AFCGrNr5srMAX9FYqn-&#038;_nc_ht=scontent-ecv1-1.xx&#038;oh=00_AfCETTu1wXQfZSbgTnbjZY7-_jbaqwE_HoePsHx2gTWzzg&#038;oe=63BF7753\"><img decoding=\"async\" class=\"wp_automatic_fb_img\" title=\"\" src=\"https:\/\/scontent-ecv1-1.xx.fbcdn.net\/v\/t39.30808-6\/309187811_534499215344647_289306340323741158_n.jpg?stp=cp6_dst-jpg&#038;_nc_cat=102&#038;ccb=1-7&#038;_nc_sid=8bfeb9&#038;_nc_ohc=AFCGrNr5srMAX9FYqn-&#038;_nc_ht=scontent-ecv1-1.xx&#038;oh=00_AfCETTu1wXQfZSbgTnbjZY7-_jbaqwE_HoePsHx2gTWzzg&#038;oe=63BF7753\" \/><\/a><br \/>\n<br \/>\n<br \/><a href=\"https:\/\/www.facebook.com\/100063537194811\/posts\/534498962011339\">source<\/a>  <\/p>","protected":false},"excerpt":{"rendered":"<p>La regidoria d\u2019Esports se suma a la celebraci\u00f3 de la Setmana Europea de l\u2019esport i l\u2019ha iniciada amb una jornada informativa al voltat de com reprendre l\u2019activitat f\u00edsica despr\u00e9s d\u2019un accident cardiovascular . Estes xerrades s\u2019han celebrat a l\u2019auditori de la Casa de la Cultura on tres m\u00e8dics de Vithas Alzira ha realitzat tres pon\u00e8ncies [&hellip;]<\/p>\n","protected":false},"author":2,"featured_media":4438,"comment_status":"open","ping_status":"open","sticky":false,"template":"","format":"standard","meta":{"footnotes":""},"categories":[1],"tags":[],"class_list":["post-4437","post","type-post","status-publish","format-standard","has-post-thumbnail","hentry","category-esports-alzira"],"featured_image_src":{"landsacpe":["https:\/\/esportsmunicipalsalzira.com\/wp-content\/uploads\/2023\/01\/308858590_534499108677991_3918174855914926843_n-1140x445.jpg",1140,445,true],"list":["https:\/\/esportsmunicipalsalzira.com\/wp-content\/uploads\/2023\/01\/308858590_534499108677991_3918174855914926843_n-463x348.jpg",463,348,true],"medium":["https:\/\/esportsmunicipalsalzira.com\/wp-content\/uploads\/2023\/01\/308858590_534499108677991_3918174855914926843_n-300x225.jpg",300,225,true],"full":["https:\/\/esportsmunicipalsalzira.com\/wp-content\/uploads\/2023\/01\/308858590_534499108677991_3918174855914926843_n.jpg",2048,1536,false]},"_links":{"self":[{"href":"https:\/\/esportsmunicipalsalzira.com\/es\/wp-json\/wp\/v2\/posts\/4437","targetHints":{"allow":["GET"]}}],"collection":[{"href":"https:\/\/esportsmunicipalsalzira.com\/es\/wp-json\/wp\/v2\/posts"}],"about":[{"href":"https:\/\/esportsmunicipalsalzira.com\/es\/wp-json\/wp\/v2\/types\/post"}],"author":[{"embeddable":true,"href":"https:\/\/esportsmunicipalsalzira.com\/es\/wp-json\/wp\/v2\/users\/2"}],"replies":[{"embeddable":true,"href":"https:\/\/esportsmunicipalsalzira.com\/es\/wp-json\/wp\/v2\/comments?post=4437"}],"version-history":[{"count":0,"href":"https:\/\/esportsmunicipalsalzira.com\/es\/wp-json\/wp\/v2\/posts\/4437\/revisions"}],"wp:featuredmedia":[{"embeddable":true,"href":"https:\/\/esportsmunicipalsalzira.com\/es\/wp-json\/wp\/v2\/media\/4438"}],"wp:attachment":[{"href":"https:\/\/esportsmunicipalsalzira.com\/es\/wp-json\/wp\/v2\/media?parent=4437"}],"wp:term":[{"taxonomy":"category","embeddable":true,"href":"https:\/\/esportsmunicipalsalzira.com\/es\/wp-json\/wp\/v2\/categories?post=4437"},{"taxonomy":"post_tag","embeddable":true,"href":"https:\/\/esportsmunicipalsalzira.com\/es\/wp-json\/wp\/v2\/tags?post=4437"}],"curies":[{"name":"wp","href":"https:\/\/api.w.org\/{rel}","templated":true}]}}