{"id":4481,"date":"2023-01-07T13:40:31","date_gmt":"2023-01-07T12:40:31","guid":{"rendered":"https:\/\/esportsmunicipalsalzira.com\/tennis-de-taula-a-alzira-el-pavello-municipal-perez-puig-dalzira-acull-la-celebracio-del-campionat-absolut-autonomic-de\/"},"modified":"2023-01-07T13:40:31","modified_gmt":"2023-01-07T12:40:31","slug":"tennis-de-taula-a-alzira-el-pavello-municipal-perez-puig-dalzira-acull-la-celebracio-del-campionat-absolut-autonomic-de","status":"publish","type":"post","link":"https:\/\/esportsmunicipalsalzira.com\/es\/tennis-de-taula-a-alzira-el-pavello-municipal-perez-puig-dalzira-acull-la-celebracio-del-campionat-absolut-autonomic-de\/","title":{"rendered":"Tenis de Mesa en Alzira El Pabell\u00f3n Municipal P\u00e9rez Puig de Alzira acoge la celebraci\u00f3n del Campeonato Absoluto Auton\u00f3mico de"},"content":{"rendered":"<p>\ud83c\udfd3Tenis de Mesa en Alzira\ud83c\udfd3 El Pabell\u00f3n Municipal P\u00e9rez Puig de Alzira acoge la celebraci\u00f3n del Campeonato Absoluto Auton\u00f3mico de Tenis de Mesa de la Comunidad Valenciana. \ud83c\udfc6\ud83c\udfc6\ud83c\udfc6 El alcalde de Alzira, Diego G\u00f3mez y el concejal de Servicios y Obras P\u00fablicas, y Actividad Deportiva, Fernando Pascual, han visitado el recinto donde 16 equipos masculinos y 3 equipos femeninos de Tenis Mesa de la Comunitat Valenciana est\u00e1n entregando \u00e9ste campeonato. \ud83d\udc4f\ud83d\udc4f\ud83d\udc4f Club Alzira Tennis Mesa, presenta tres equipos en la competici\u00f3n: \u25aa\ufe0f Hortitec Alzira \u201cA\u201d<br \/> \u25aa\ufe0f Hortitec Alzira \u201cB\u201d<br \/> \u25aa\ufe0f Alzira Camarena \u201cC\u201d<br \/>\n El Pabell\u00f3n Municipal P\u00e9rez Puig de Alzira da la bienvenida a la celebraci\u00f3n del Campeonato Aut\u00f3nomo de Tenis de Mesa Absoluto de la Comunidad Valenciana. Pascual, han visitado la zona donde juegan en este campo 16 equipos masculinos y 3 equipos femeninos de tenis de mesa de la Comunidad Valenciana. \ud83d\udc4f\ud83d\udc4f\ud83d\udc4f Club Alzira Table Tennis presenta tres equipos en la competici\u00f3n: \u25aa\ufe0f Hortitec Alzira \u201cA\u201d<br \/> \u25aa\ufe0f Hortitec Alzira \u201cB\u201d<br \/> \u25aa\ufe0f Rise Camarena \u201cC\u201d<a href=\"#\"><\/a> \u00b7<br \/>\n<a href=\"https:\/\/facebook.com\/100063537194811\/posts\/pfbid0gQjoCZqe1uGhMS6m3z1ZjzhBpLZ1fowv2YQ6BjsB6rJtW7tk1WWcB3kErAUkz9BPl\/?m_entstream_source=timeline&amp;_ft_=encrypted_tracking_data.0AY-AbaBEem6UxED8BmCrdyzcilHJhuq9puwnHqmp7Y2SN3Z2wu2OAZVfdx0l4UjXpTK3wyf05wd2CDDPM98-_qISwYDgcZahZAnNDIhkym8kUFX_NvsmTEURrpDWBeWe3l1bgDCWtgDTlMAyLCIPlIELFEbXNj9FX_B2F1VqNlhty9dwQ0VYYB4UnmvTEOgtPhDMC0hckY3u0-2TTkCwhGjA1zBlyVRpkUTYtLP4-yIKzoPU6MkXEeyq42XwMNxEvTvHC936L4MWKUK2uY-dM50Bk-pAlV7qoc8LB8H8yqQvDzKPnpPe5sOc17VDaMnSnyyovR55sKa3P-eAyLYHPTV4oSJdBUHh3blthzj6H_84REDLnhKaD2AizsSxaif8kbRkzsKiMUmjbRyqh0YnuWbrCP2BWvV5iQ0lCFmZRnd1K-d7aC5EdxuKidRsOZzHymPDnnz1FXXq_ST5fdjzmU2w7PmqrQMu19VDFXP-aTDDZivWqyRYTlcfgmMSL_iL8h5BTkd6e_XBbGORBdbyj_PWnBMo3Ao78olxH1BISEtrhwetTeed0-ja7LIEdOr3TR1OhZAvR3KhWK3E7Uq_0Fh9ThNTwz1QUx7PcjI2nmeTgzjMuVmB0zKdou2ihmfs9n9GaLebXACm1ol8chcWRL6LxLBUI_ewZB6TJEl9Cds4LIyGdgWxvWaA2KWbVwZlvPFxX_V6vLPFIq-mNQl72f-CRCQQCCPjTWYKT5OGYHjixTAEfDklAFiKJzlhRN4g3WM0cqXQzvd21ZwQPhCeHFi3U0tsYn4l2AyM9eVZR0VlOLS_C7fqUEKUIIlYg73XiJfrEpTb0HLG2951RLLIbhx1LfHHuneefZE13Ly6_wJA9jZ0EshNCPNByEPgjOJpuZKG7iXaoWWItz8jkpw3GXzx-2GAvfAorvR5FkkbMBh_NyaXS2rPlZ1ZWK1GM03KQw8wote_CtSHc00rKKWfVDlBNckOTkFNUfPmCykyx6eNuiHA4KVn78MwK9wLMzBZHBupVMdToS5YLEtmVJ8PkhgJQch_Km1NWqHBZLPbvmw4jTjgL0gseEfdwHKyrGsM_ShZdGNuZUjB8gsSgKeF3rpaChR-gaxl4IU7sInJkEl_8X6G4anwHxJkzwC80j2RLbITlsPfPR4RH8mQYlZN2AOGRPawl9GjD8ZXUFp6psD5RNAxu3A1nEd8EXm7aMs0teVqSz-kS5gNqqWNvTJOTMzJqDO1lgJpOXudcPEnMLyQ8gxzyVz_bHmP8pWG9go2oUnbvqfT-Sg7YQfV-lPCmJoNOXnXAvWh2RCSY3oQriuaPLg5RtAgi0P3ifuTXgvK5wvILYMeKNUF3FuuFlk1KqXMQv8S9DpxIyDHVsnZsbUXiUVw2O7WJYHZEIYau93bsMezn9495wc7p18JsODQQ-L2KJA9Ls9fMRCCOC204xHyCITj8rRsiwZm9c6mofN03bCMfaLEJF0gr-OUHHIMhlDV6E2rYYg9vFNtY92RiYOsomq4bc6T4QdLAFRRSoR59_hFCjJ7hXkgYstTWnBkXtLk-0qNb24aUVRvP_u_TjOZKPIRVWZOGzDd&amp;__tn__=%2As%2As-R&amp;paipv=0&amp;eav=AfYBqEBqcgK84-4sv6_fGQcl9KjiR0E1QiS4uNzCZf9yefQQAAoP_D0668-ZHpIpkMI\" aria-label=\"Abrir historia\" class=\"_5msj\"><\/a>\n<\/p>\n<p><a href=\"https:\/\/scontent-ecv1-1.xx.fbcdn.net\/v\/t39.30808-6\/321668940_798153045065717_7745314328908694889_n.jpg?_nc_cat=103&#038;ccb=1-7&#038;_nc_sid=8bfeb9&#038;_nc_ohc=PpB7D6xe3vwAX-y8poW&#038;_nc_ht=scontent-ecv1-1.xx&#038;oh=00_AfAObou8fv3uyDc6O6ZC-4ebd627Ee3suDvtq268f8CPug&#038;oe=63BF5BC5\"><img decoding=\"async\" class=\"wp_automatic_fb_img\" title=\"\" src=\"https:\/\/scontent-ecv1-1.xx.fbcdn.net\/v\/t39.30808-6\/321668940_798153045065717_7745314328908694889_n.jpg?_nc_cat=103&#038;ccb=1-7&#038;_nc_sid=8bfeb9&#038;_nc_ohc=PpB7D6xe3vwAX-y8poW&#038;_nc_ht=scontent-ecv1-1.xx&#038;oh=00_AfAObou8fv3uyDc6O6ZC-4ebd627Ee3suDvtq268f8CPug&#038;oe=63BF5BC5\" \/><\/a><br \/><a href=\"https:\/\/scontent-ecv1-1.xx.fbcdn.net\/v\/t39.30808-6\/323709065_5728829530485867_7063102257150563173_n.jpg?_nc_cat=107&#038;ccb=1-7&#038;_nc_sid=8bfeb9&#038;_nc_ohc=XJ_08qSZnQwAX8lsY8O&#038;_nc_ht=scontent-ecv1-1.xx&#038;oh=00_AfADV2a1VBgRMInyLJgc8DAcJ-hsjHCqmWrKwlNQT7tKBw&#038;oe=63C02E97\"><img decoding=\"async\" class=\"wp_automatic_fb_img\" title=\"\" src=\"https:\/\/scontent-ecv1-1.xx.fbcdn.net\/v\/t39.30808-6\/323709065_5728829530485867_7063102257150563173_n.jpg?_nc_cat=107&#038;ccb=1-7&#038;_nc_sid=8bfeb9&#038;_nc_ohc=XJ_08qSZnQwAX8lsY8O&#038;_nc_ht=scontent-ecv1-1.xx&#038;oh=00_AfADV2a1VBgRMInyLJgc8DAcJ-hsjHCqmWrKwlNQT7tKBw&#038;oe=63C02E97\" \/><\/a><br \/><a href=\"https:\/\/scontent-ecv1-1.xx.fbcdn.net\/v\/t39.30808-6\/323641249_1121542958557673_4185893962218636011_n.jpg?_nc_cat=108&#038;ccb=1-7&#038;_nc_sid=8bfeb9&#038;_nc_ohc=BDKp3QRZtEYAX-_ELVm&#038;_nc_ht=scontent-ecv1-1.xx&#038;oh=00_AfC5BJgNhSD9-4cjYKcFAsNriSVbIWYsJwJp5ZvixOY7sQ&#038;oe=63BF6DC1\"><img decoding=\"async\" class=\"wp_automatic_fb_img\" title=\"\" src=\"https:\/\/scontent-ecv1-1.xx.fbcdn.net\/v\/t39.30808-6\/323641249_1121542958557673_4185893962218636011_n.jpg?_nc_cat=108&#038;ccb=1-7&#038;_nc_sid=8bfeb9&#038;_nc_ohc=BDKp3QRZtEYAX-_ELVm&#038;_nc_ht=scontent-ecv1-1.xx&#038;oh=00_AfC5BJgNhSD9-4cjYKcFAsNriSVbIWYsJwJp5ZvixOY7sQ&#038;oe=63BF6DC1\" \/><\/a><br \/><a href=\"https:\/\/scontent-ecv1-1.xx.fbcdn.net\/v\/t39.30808-6\/323415515_1826321924412584_8390300707660442887_n.jpg?_nc_cat=104&#038;ccb=1-7&#038;_nc_sid=8bfeb9&#038;_nc_ohc=UCzsNZ4aHRwAX9h9Lmp&#038;_nc_ht=scontent-ecv1-1.xx&#038;oh=00_AfDVAKKMj1GSpnViPRJIayeWkP0xUbNI9jyKW5b7OT3lAA&#038;oe=63C073AB\"><img decoding=\"async\" class=\"wp_automatic_fb_img\" title=\"\" src=\"https:\/\/scontent-ecv1-1.xx.fbcdn.net\/v\/t39.30808-6\/323415515_1826321924412584_8390300707660442887_n.jpg?_nc_cat=104&#038;ccb=1-7&#038;_nc_sid=8bfeb9&#038;_nc_ohc=UCzsNZ4aHRwAX9h9Lmp&#038;_nc_ht=scontent-ecv1-1.xx&#038;oh=00_AfDVAKKMj1GSpnViPRJIayeWkP0xUbNI9jyKW5b7OT3lAA&#038;oe=63C073AB\" \/><\/a><br \/><a href=\"https:\/\/scontent-ecv1-1.xx.fbcdn.net\/v\/t39.30808-6\/323414104_1203926763876063_2282339424697679885_n.jpg?_nc_cat=101&#038;ccb=1-7&#038;_nc_sid=8bfeb9&#038;_nc_ohc=pIO8EausZqgAX-Xf0Mu&#038;_nc_ht=scontent-ecv1-1.xx&#038;oh=00_AfCCaXA0TwM4qVPtQRrbnJxW3ddHsnXZURmOJlprzypLqA&#038;oe=63C0D5B8\"><img decoding=\"async\" class=\"wp_automatic_fb_img\" title=\"\" src=\"https:\/\/scontent-ecv1-1.xx.fbcdn.net\/v\/t39.30808-6\/323414104_1203926763876063_2282339424697679885_n.jpg?_nc_cat=101&#038;ccb=1-7&#038;_nc_sid=8bfeb9&#038;_nc_ohc=pIO8EausZqgAX-Xf0Mu&#038;_nc_ht=scontent-ecv1-1.xx&#038;oh=00_AfCCaXA0TwM4qVPtQRrbnJxW3ddHsnXZURmOJlprzypLqA&#038;oe=63C0D5B8\" \/><\/a><br \/>\n<br \/>\n<br \/><a href=\"https:\/\/www.facebook.com\/100063537194811\/posts\/630781589049742\">source<\/a>  <\/p>","protected":false},"excerpt":{"rendered":"<p>\ud83c\udfd3Tennis de Taula a Alzira\ud83c\udfd3 El Pavell\u00f3 Municipal P\u00e9rez Puig d&#8217;Alzira acull la celebraci\u00f3 del Campionat Absolut Auton\u00f2mic de Tennis de Taula de la Comunitat Valenciana. \ud83c\udfc6\ud83c\udfc6\ud83c\udfc6 L\u2019alcalde d\u2019Alzira, Diego G\u00f3mez i el regidor de Serveis i Obres P\u00fabliques, i Activitat Esportiva, Fernando Pascual, han visitat el recinte on 16 equips masculins i 3 equips [&hellip;]<\/p>\n","protected":false},"author":2,"featured_media":4482,"comment_status":"open","ping_status":"open","sticky":false,"template":"","format":"standard","meta":{"footnotes":""},"categories":[1],"tags":[],"class_list":["post-4481","post","type-post","status-publish","format-standard","has-post-thumbnail","hentry","category-esports-alzira"],"featured_image_src":{"landsacpe":["https:\/\/esportsmunicipalsalzira.com\/wp-content\/uploads\/2023\/01\/321668940_798153045065717_7745314328908694889_n-1140x445.jpg",1140,445,true],"list":["https:\/\/esportsmunicipalsalzira.com\/wp-content\/uploads\/2023\/01\/321668940_798153045065717_7745314328908694889_n-463x348.jpg",463,348,true],"medium":["https:\/\/esportsmunicipalsalzira.com\/wp-content\/uploads\/2023\/01\/321668940_798153045065717_7745314328908694889_n-300x225.jpg",300,225,true],"full":["https:\/\/esportsmunicipalsalzira.com\/wp-content\/uploads\/2023\/01\/321668940_798153045065717_7745314328908694889_n.jpg",2048,1536,false]},"_links":{"self":[{"href":"https:\/\/esportsmunicipalsalzira.com\/es\/wp-json\/wp\/v2\/posts\/4481","targetHints":{"allow":["GET"]}}],"collection":[{"href":"https:\/\/esportsmunicipalsalzira.com\/es\/wp-json\/wp\/v2\/posts"}],"about":[{"href":"https:\/\/esportsmunicipalsalzira.com\/es\/wp-json\/wp\/v2\/types\/post"}],"author":[{"embeddable":true,"href":"https:\/\/esportsmunicipalsalzira.com\/es\/wp-json\/wp\/v2\/users\/2"}],"replies":[{"embeddable":true,"href":"https:\/\/esportsmunicipalsalzira.com\/es\/wp-json\/wp\/v2\/comments?post=4481"}],"version-history":[{"count":0,"href":"https:\/\/esportsmunicipalsalzira.com\/es\/wp-json\/wp\/v2\/posts\/4481\/revisions"}],"wp:featuredmedia":[{"embeddable":true,"href":"https:\/\/esportsmunicipalsalzira.com\/es\/wp-json\/wp\/v2\/media\/4482"}],"wp:attachment":[{"href":"https:\/\/esportsmunicipalsalzira.com\/es\/wp-json\/wp\/v2\/media?parent=4481"}],"wp:term":[{"taxonomy":"category","embeddable":true,"href":"https:\/\/esportsmunicipalsalzira.com\/es\/wp-json\/wp\/v2\/categories?post=4481"},{"taxonomy":"post_tag","embeddable":true,"href":"https:\/\/esportsmunicipalsalzira.com\/es\/wp-json\/wp\/v2\/tags?post=4481"}],"curies":[{"name":"wp","href":"https:\/\/api.w.org\/{rel}","templated":true}]}}