{"id":4545,"date":"2023-01-15T14:24:45","date_gmt":"2023-01-15T13:24:45","guid":{"rendered":"https:\/\/esportsmunicipalsalzira.com\/este-mati-el-regidor-desports-fernando-pascual-al-costat-de-lalcalde-diego-gomez-han-assistit-al-partit-de-futbol\/"},"modified":"2023-01-15T14:24:45","modified_gmt":"2023-01-15T13:24:45","slug":"este-mati-el-regidor-desports-fernando-pascual-al-costat-de-lalcalde-diego-gomez-han-assistit-al-partit-de-futbol","status":"publish","type":"post","link":"https:\/\/esportsmunicipalsalzira.com\/es\/este-mati-el-regidor-desports-fernando-pascual-al-costat-de-lalcalde-diego-gomez-han-assistit-al-partit-de-futbol\/","title":{"rendered":"Esta ma\u00f1ana el concejal de Deportes, Fernando Pascual, junto al Alcalde, Diego G\u00f3mez, asistieron al partido de F\u00fatbol"},"content":{"rendered":"<p><br \/>\nEsta ma\u00f1ana el concejal de Deportes, Fernando Pascual, junto al Alcalde, Diego G\u00f3mez, asistieron al partido de F\u00fatbol entre la UD Alzira y el RCD Mallorca, con el resultado de 2 a 0 a favor de los locales.<br \/>\nHoy ha sido el \u00faltimo partido de la primera vuelta de esta 2 REFF. Un encuentro muy disputado con un buen juego del equipo de nuestra localidad.<br \/>\nDesde el departamento de Deportes, queremos agradecer el trabajo de los operarios municipales, por su profesionalidad en el cuidado del c\u00e9sped, que pese a estar en la \u00e9poca de invierno el terreno de juego, est\u00e1 en buenas condiciones.<\/p>\n<p><a href=\"https:\/\/scontent-ecv1-1.xx.fbcdn.net\/v\/t39.30808-6\/325864802_555190573193408_5103485531235967012_n.jpg?_nc_cat=104&#038;ccb=1-7&#038;_nc_sid=730e14&#038;_nc_ohc=DBo1TnSIeBkAX8j-4RY&#038;_nc_ht=scontent-ecv1-1.xx&#038;oh=00_AfBu7WA-nsNOvVS5m0qZRXG-6gx3n82oHDl5yqvdnfUhtQ&#038;oe=63C87E4B\"><img decoding=\"async\" class=\"wp_automatic_fb_img\" title=\"\" src=\"https:\/\/scontent-ecv1-1.xx.fbcdn.net\/v\/t39.30808-6\/325864802_555190573193408_5103485531235967012_n.jpg?_nc_cat=104&#038;ccb=1-7&#038;_nc_sid=730e14&#038;_nc_ohc=DBo1TnSIeBkAX8j-4RY&#038;_nc_ht=scontent-ecv1-1.xx&#038;oh=00_AfBu7WA-nsNOvVS5m0qZRXG-6gx3n82oHDl5yqvdnfUhtQ&#038;oe=63C87E4B\" \/><\/a><br \/><a href=\"https:\/\/scontent-ecv1-1.xx.fbcdn.net\/v\/t39.30808-6\/325591967_852532879189201_2474106733518429888_n.jpg?_nc_cat=104&#038;ccb=1-7&#038;_nc_sid=730e14&#038;_nc_ohc=k7otDHOpVdkAX9byJyb&#038;_nc_ht=scontent-ecv1-1.xx&#038;oh=00_AfC08LmcalMI81NC_SPgXHFAxCfEewdEIP8fY3-IwFcvDw&#038;oe=63C9A783\"><img decoding=\"async\" class=\"wp_automatic_fb_img\" title=\"\" src=\"https:\/\/scontent-ecv1-1.xx.fbcdn.net\/v\/t39.30808-6\/325591967_852532879189201_2474106733518429888_n.jpg?_nc_cat=104&#038;ccb=1-7&#038;_nc_sid=730e14&#038;_nc_ohc=k7otDHOpVdkAX9byJyb&#038;_nc_ht=scontent-ecv1-1.xx&#038;oh=00_AfC08LmcalMI81NC_SPgXHFAxCfEewdEIP8fY3-IwFcvDw&#038;oe=63C9A783\" \/><\/a><br \/><a href=\"https:\/\/scontent-ecv1-1.xx.fbcdn.net\/v\/t39.30808-6\/325347266_498037585814462_967354130062657622_n.jpg?_nc_cat=101&#038;ccb=1-7&#038;_nc_sid=730e14&#038;_nc_ohc=_t3k1dNaKDEAX9ZG3XV&#038;_nc_ht=scontent-ecv1-1.xx&#038;oh=00_AfCnV_WMU4N-0Wg0CdlvXtSHkYqP_Gp1WelKdclNHgc3eQ&#038;oe=63C846BD\"><img decoding=\"async\" class=\"wp_automatic_fb_img\" title=\"\" src=\"https:\/\/scontent-ecv1-1.xx.fbcdn.net\/v\/t39.30808-6\/325347266_498037585814462_967354130062657622_n.jpg?_nc_cat=101&#038;ccb=1-7&#038;_nc_sid=730e14&#038;_nc_ohc=_t3k1dNaKDEAX9ZG3XV&#038;_nc_ht=scontent-ecv1-1.xx&#038;oh=00_AfCnV_WMU4N-0Wg0CdlvXtSHkYqP_Gp1WelKdclNHgc3eQ&#038;oe=63C846BD\" \/><\/a><br \/><a href=\"https:\/\/scontent-ecv1-1.xx.fbcdn.net\/v\/t39.30808-6\/325597117_5705054072926790_7610884662939096904_n.jpg?_nc_cat=109&#038;ccb=1-7&#038;_nc_sid=730e14&#038;_nc_ohc=sbOU3exKynIAX9ISFPv&#038;_nc_ht=scontent-ecv1-1.xx&#038;oh=00_AfBRRmsGOknuF-e8hA7sUsyb3KKEZp0msMkgOZgJGv9P1g&#038;oe=63C87AB7\"><img decoding=\"async\" class=\"wp_automatic_fb_img\" title=\"\" src=\"https:\/\/scontent-ecv1-1.xx.fbcdn.net\/v\/t39.30808-6\/325597117_5705054072926790_7610884662939096904_n.jpg?_nc_cat=109&#038;ccb=1-7&#038;_nc_sid=730e14&#038;_nc_ohc=sbOU3exKynIAX9ISFPv&#038;_nc_ht=scontent-ecv1-1.xx&#038;oh=00_AfBRRmsGOknuF-e8hA7sUsyb3KKEZp0msMkgOZgJGv9P1g&#038;oe=63C87AB7\" \/><\/a><br \/><a href=\"https:\/\/scontent-ecv1-1.xx.fbcdn.net\/v\/t39.30808-6\/325422290_834639897599624_4483762810611536983_n.jpg?_nc_cat=104&#038;ccb=1-7&#038;_nc_sid=730e14&#038;_nc_ohc=ZD7hl5Pv7g0AX9K8K--&#038;_nc_ht=scontent-ecv1-1.xx&#038;oh=00_AfA-WxA-Vi-DkSValXJRwfC1dNmEItsZBGLMj75TXLq08A&#038;oe=63C90F7A\"><img decoding=\"async\" class=\"wp_automatic_fb_img\" title=\"\" src=\"https:\/\/scontent-ecv1-1.xx.fbcdn.net\/v\/t39.30808-6\/325422290_834639897599624_4483762810611536983_n.jpg?_nc_cat=104&#038;ccb=1-7&#038;_nc_sid=730e14&#038;_nc_ohc=ZD7hl5Pv7g0AX9K8K--&#038;_nc_ht=scontent-ecv1-1.xx&#038;oh=00_AfA-WxA-Vi-DkSValXJRwfC1dNmEItsZBGLMj75TXLq08A&#038;oe=63C90F7A\" \/><\/a><br \/>\n<br \/>\n<br \/><a href=\"https:\/\/www.facebook.com\/100063537194811\/posts\/637388531722381\">source<\/a>  <\/p>","protected":false},"excerpt":{"rendered":"<p>Este mat\u00ed el regidor d&#8217;Esports, Fernando Pascual, al costat de l&#8217;Alcalde, Diego G\u00f3mez, han assistit al partit de Futbol entre la UD Alzira i el RCD Mallorca, amb el resultat de 2 a 0 a favor dels locals. Hui ha segut l&#8217;\u00faltim partit de la primera volta d&#8217;aquesta 2 REFF. Un encontre molt disputat amb [&hellip;]<\/p>\n","protected":false},"author":2,"featured_media":4546,"comment_status":"open","ping_status":"open","sticky":false,"template":"","format":"standard","meta":{"footnotes":""},"categories":[1],"tags":[],"class_list":["post-4545","post","type-post","status-publish","format-standard","has-post-thumbnail","hentry","category-esports-alzira"],"featured_image_src":{"landsacpe":["https:\/\/esportsmunicipalsalzira.com\/wp-content\/uploads\/2023\/01\/325864802_555190573193408_5103485531235967012_n-1140x445.jpg",1140,445,true],"list":["https:\/\/esportsmunicipalsalzira.com\/wp-content\/uploads\/2023\/01\/325864802_555190573193408_5103485531235967012_n-463x348.jpg",463,348,true],"medium":["https:\/\/esportsmunicipalsalzira.com\/wp-content\/uploads\/2023\/01\/325864802_555190573193408_5103485531235967012_n-300x225.jpg",300,225,true],"full":["https:\/\/esportsmunicipalsalzira.com\/wp-content\/uploads\/2023\/01\/325864802_555190573193408_5103485531235967012_n.jpg",2048,1536,false]},"_links":{"self":[{"href":"https:\/\/esportsmunicipalsalzira.com\/es\/wp-json\/wp\/v2\/posts\/4545","targetHints":{"allow":["GET"]}}],"collection":[{"href":"https:\/\/esportsmunicipalsalzira.com\/es\/wp-json\/wp\/v2\/posts"}],"about":[{"href":"https:\/\/esportsmunicipalsalzira.com\/es\/wp-json\/wp\/v2\/types\/post"}],"author":[{"embeddable":true,"href":"https:\/\/esportsmunicipalsalzira.com\/es\/wp-json\/wp\/v2\/users\/2"}],"replies":[{"embeddable":true,"href":"https:\/\/esportsmunicipalsalzira.com\/es\/wp-json\/wp\/v2\/comments?post=4545"}],"version-history":[{"count":0,"href":"https:\/\/esportsmunicipalsalzira.com\/es\/wp-json\/wp\/v2\/posts\/4545\/revisions"}],"wp:featuredmedia":[{"embeddable":true,"href":"https:\/\/esportsmunicipalsalzira.com\/es\/wp-json\/wp\/v2\/media\/4546"}],"wp:attachment":[{"href":"https:\/\/esportsmunicipalsalzira.com\/es\/wp-json\/wp\/v2\/media?parent=4545"}],"wp:term":[{"taxonomy":"category","embeddable":true,"href":"https:\/\/esportsmunicipalsalzira.com\/es\/wp-json\/wp\/v2\/categories?post=4545"},{"taxonomy":"post_tag","embeddable":true,"href":"https:\/\/esportsmunicipalsalzira.com\/es\/wp-json\/wp\/v2\/tags?post=4545"}],"curies":[{"name":"wp","href":"https:\/\/api.w.org\/{rel}","templated":true}]}}