{"id":4582,"date":"2023-01-24T07:56:08","date_gmt":"2023-01-24T06:56:08","guid":{"rendered":"https:\/\/esportsmunicipalsalzira.com\/el-proxim-29-de-gener-es-disputara-la-xxiv-mitja-marato-dalzira-organitzada-pel-club-ricky-sporteam-alzira\/"},"modified":"2023-01-24T07:56:08","modified_gmt":"2023-01-24T06:56:08","slug":"el-proxim-29-de-gener-es-disputara-la-xxiv-mitja-marato-dalzira-organitzada-pel-club-ricky-sporteam-alzira","status":"publish","type":"post","link":"https:\/\/esportsmunicipalsalzira.com\/es\/el-proxim-29-de-gener-es-disputara-la-xxiv-mitja-marato-dalzira-organitzada-pel-club-ricky-sporteam-alzira\/","title":{"rendered":"El pr\u00f3ximo 29 de enero se disputar\u00e1 la XXIV Media Marat\u00f3n de Alzira organizada por el club Ricky Sporteam Alzira"},"content":{"rendered":"<p><br \/>\n<img decoding=\"async\"  title=\"\" src=\"https:\/\/scontent-ecv1-1.xx.fbcdn.net\/v\/t15.5256-10\/327258243_188469067118458_5354534805103027994_n.jpg?stp=cp0_dst-jpg_e15_q65_s320x320&#038;_nc_cat=110&#038;ccb=1-7&#038;_nc_sid=ccf8b3&#038;efg=eyJpIjoidCJ9&#038;_nc_ohc=Fiy9w-Wf8bMAX9qTumH&#038;_nc_ht=scontent-ecv1-1.xx&#038;oh=00_AfC1-_w-5_e7piv5P5XhpubjWFIB1w_zmyHaO6OL-TdXnQ&#038;oe=63D4DB48\" \/><\/a><\/p>\n<p><div><span><\/p>\n<p>El pr\u00f2xim 29 de gener es disputar\u00e0 la XXIV Mitja Marat\u00f3 d&#8217;Alzira organitzada pel club Ricky Sporteam Alzira<\/p>\n<p><\/span><\/div>\n<p><a href=\"https:\/\/facebook.com\/story.php?story_fbid=pfbid02rCe11vMYtsQPeCXQNnx9fVLPHBiHYrjXGLG4pJ7G6EcY5FjGNMQQkAW6aZmbb88wl&amp;id=100063537194811&amp;eav=AfYH1Mz0KJOK52O9_nb0XBsjJ2fJU-D4kjHCsRb2GMUM_lNIrkcvIVv9jm41b6jFdkw&amp;m_entstream_source=timeline&amp;_ft_=encrypted_tracking_data.0AY-omqbzE63FpedT64cDBdTAVbt2AVCCDHaOQvOr1yavqoGe5gPcAsqaS7AWATQUFBuoTsgH2D08ncRhmXaWGEI2SiFWZGEAyH_rQCc2b8_A_VEF79QgdIazu4jdt_q6bKqQAPnIiE-NxGSZFUaOnxMVxyfrIBdtg0NAmT8vfy-Vtynkae3ZkfH2r-cYgw06OgKPRG7FbJ9BiEGAbIyhK2-RhPNj2_wrtXL1iKmRbfSkp4HAXxoxvMpGz7jzxB9xX5e8hWxa5nq8lj0TofUV3nsj_doeDp_31P2LMwykG0xgATFrvnimBZR_bhFgmxXSEB0dXFuTZMepirpVNdLn-RL33N4s_9Bg2EGpYme0RCsq0CR8ulxGV_KMeTsmgvcrzMQHht7naHjngUP6z-s9FYdEiJ49VxTPDMZnOoShaX63k2_IGHPCvUhWmFz27jvKtwtExd5O_3Ai7007L3j884lbdtypmY2IJE8iX2FHKWxqoiJgNM1xu7AIaUYeVmyMrtbsjqeA1bNWY1XUpJhwNBZGpaU-DptJWumDw5bjlLbrFFDY9Q6nbjz-6zo2sC_AtwP3PjR-2dLHkTnVEsZ8iEXuVRGu7A5xQ4E9AEUxOSjc4xrD6HlvQJe0OlIQVk8mzSo6XOQm9gNElzvaVt-Wk1geMPzXRK0JYoorar9HCBEpWj8WXW8-_PRPhnZ1p_51WWjgPrs77iinrH64p3g8JlyuF3HE-VeL-mMcBPAfH_VT2KFgXoJdGSETNtlX6NaYkn5coarV6tQBkCnCqr8j5apNQDRr5eRGuHf2VIvD375gChe0kx1A7VpUtF8QSOAFZxfWL9GoG3Z81uz5VlWRLJuTzk3pRZsHZqaMB5BCX1Oq5wXy_R5wKJKqsZ5icu7OHg1LGy5kH8W91wcp1PpzqWZQA_cgVGlecl4vDuJp8z1FHrDcSyRQW_xL1VFjXoaTzFfFRkfVumYLVBzXziETxmWsWZvRtdfgCjP6GrFFzXA9cfK7zW45Hy9B8mf7nOC_FyVkq1Oj-qeeZdiNFxSj0j8TQa0CYYMlzk7m5iCCgygE-QpNGrx8w2tqA_JfOVx7RkQTkVx614flSKdlXZ19a6uQs0s31lQq6u5txs_CI7gXs6emynwfryMPW56PgaRa0V7QUrqmFAR1Yo-prP7jQp16buKh7oqQQRMOA53etHq8T_z0meYgCXQAP9yauibIfJjw8M9bJC-NJwnZ8dDIi1rmjrNL0mXYA-GZnoh0runrmRyWqNVujbaUdwfKy9SVJI9r-CLhLYIlW1G16TEzd7w1k3WxQdC53AhzdiRKsxp-8Vihgi11v16gkYpn7l1R6LA9BXWr9Pbj70Z-3W9Zyuat6usMRSL7Z3VWTkvWQwhjR1GMg0p-iVBQrhZht8OeTHHFo_wMg2pauc8edc4K6pmATCuEdN-pSRdij-9Qi9WnpR4&amp;__tn__=%2As%2As-R&amp;paipv=0\" aria-label=\"Abrir historia\" class=\"_5msj\"><\/a>\n<\/p>\n<div id=\"fb-root\"><\/div><script>window.fbAsyncInit = function() {FB.init({appId      : '',xfbml      : true,version    : 'v2.5'});var my_video_player;FB.Event.subscribe('xfbml.ready', function(msg) {if (msg.type === 'video') {my_video_player = msg.instance; my_video_player.unmute();}});};(function(d, s, id) {  var js, fjs = d.getElementsByTagName(s)[0];  if (d.getElementById(id)) return;  js = d.createElement(s); js.id = id;  js.src = \"\/\/connect.facebook.net\/en_US\/sdk.js#xfbml=1&version=v2.3\";  fjs.parentNode.insertBefore(js, fjs);}(document, 'script', 'facebook-jssdk'));  <\/script><div class=\"fb-video\"    data-autoplay=\"false\" data-width=\"500\" data-allowfullscreen=\"true\" data-href=\"https:\/\/www.facebook.com\/video.php?v=768966334903017&set=vb.500808182&type=1\"><div class=\"fb-xfbml-parse-ignore\"><\/div><\/div>\n\n\n\t\n\n<br \/>\n<br \/>\n<br \/><a href=\"https:\/\/www.facebook.com\/100063537194811\/posts\/644435701017664\">Source<\/a>  <\/p>\n","protected":false},"excerpt":{"rendered":"<p>El pr\u00f3ximo 29 de enero se disputar\u00e1 la XXIV Media Marat\u00f3n de Alzira organizada por el club Ricky Sporteam Alzira Source<\/p>","protected":false},"author":2,"featured_media":4583,"comment_status":"open","ping_status":"open","sticky":false,"template":"","format":"standard","meta":{"footnotes":""},"categories":[1],"tags":[],"class_list":["post-4582","post","type-post","status-publish","format-standard","has-post-thumbnail","hentry","category-esports-alzira"],"featured_image_src":{"landsacpe":["https:\/\/esportsmunicipalsalzira.com\/wp-content\/uploads\/2023\/01\/327258243_188469067118458_5354534805103027994_n.jpg",320,180,false],"list":["https:\/\/esportsmunicipalsalzira.com\/wp-content\/uploads\/2023\/01\/327258243_188469067118458_5354534805103027994_n.jpg",320,180,false],"medium":["https:\/\/esportsmunicipalsalzira.com\/wp-content\/uploads\/2023\/01\/327258243_188469067118458_5354534805103027994_n-300x169.jpg",300,169,true],"full":["https:\/\/esportsmunicipalsalzira.com\/wp-content\/uploads\/2023\/01\/327258243_188469067118458_5354534805103027994_n.jpg",320,180,false]},"_links":{"self":[{"href":"https:\/\/esportsmunicipalsalzira.com\/es\/wp-json\/wp\/v2\/posts\/4582","targetHints":{"allow":["GET"]}}],"collection":[{"href":"https:\/\/esportsmunicipalsalzira.com\/es\/wp-json\/wp\/v2\/posts"}],"about":[{"href":"https:\/\/esportsmunicipalsalzira.com\/es\/wp-json\/wp\/v2\/types\/post"}],"author":[{"embeddable":true,"href":"https:\/\/esportsmunicipalsalzira.com\/es\/wp-json\/wp\/v2\/users\/2"}],"replies":[{"embeddable":true,"href":"https:\/\/esportsmunicipalsalzira.com\/es\/wp-json\/wp\/v2\/comments?post=4582"}],"version-history":[{"count":0,"href":"https:\/\/esportsmunicipalsalzira.com\/es\/wp-json\/wp\/v2\/posts\/4582\/revisions"}],"wp:featuredmedia":[{"embeddable":true,"href":"https:\/\/esportsmunicipalsalzira.com\/es\/wp-json\/wp\/v2\/media\/4583"}],"wp:attachment":[{"href":"https:\/\/esportsmunicipalsalzira.com\/es\/wp-json\/wp\/v2\/media?parent=4582"}],"wp:term":[{"taxonomy":"category","embeddable":true,"href":"https:\/\/esportsmunicipalsalzira.com\/es\/wp-json\/wp\/v2\/categories?post=4582"},{"taxonomy":"post_tag","embeddable":true,"href":"https:\/\/esportsmunicipalsalzira.com\/es\/wp-json\/wp\/v2\/tags?post=4582"}],"curies":[{"name":"wp","href":"https:\/\/api.w.org\/{rel}","templated":true}]}}