{"id":4592,"date":"2023-01-25T21:55:33","date_gmt":"2023-01-25T20:55:33","guid":{"rendered":"https:\/\/esportsmunicipalsalzira.com\/la-federacion-espanola-confia-en-la-alzirena-carolina-lillo-para-el-mundial-de-tenis-de-veteranas\/"},"modified":"2023-01-25T21:55:33","modified_gmt":"2023-01-25T20:55:33","slug":"la-federacion-espanola-confia-en-la-alzirena-carolina-lillo-para-el-mundial-de-tenis-de-veteranas","status":"publish","type":"post","link":"https:\/\/esportsmunicipalsalzira.com\/es\/la-federacion-espanola-confia-en-la-alzirena-carolina-lillo-para-el-mundial-de-tenis-de-veteranas\/","title":{"rendered":"La federaci\u00f3n espa\u00f1ola conf\u00eda en la alzire\u00f1a Carolina Lillo para el mundial de tenis de veteranas"},"content":{"rendered":"<p><div><span><\/p>\n<p><a href=\"https:\/\/lm.facebook.com\/l.php?u=https%3A%2F%2Fwww.levante-emv.com%2Fribera%2F2023%2F01%2F25%2Ffederacion-espanola-confia-alzirena-carolina-lillo-mundial-tenis-81943262.html%3Ffbclid%3DIwAR1QppiRGAtiYXGwYb28rE045u86iszNe9putmM58h9UjC2-WyFY9UbqvYM&amp;h=AT17YZGbQywaQiFKUrfhzd-cTF3TvG3ykj6PU0wQYPDCWRJrxsQSClYLPm7-nrrPEEz6V18Cm-ol7m5ctS2-JHqq_JnYapfVZVA5ssES5QxLjN5IDQvm3DfIwVL8fG7CghA-2zkE9YjL-MeqlV1waUOqLbuMsSaByrv9Pd3tedmtCuImPRorhPgqzdZjOalATc6HTL_lqaonpy5P8PPjMdN43WIybuvyRybqX6nSG-gjAthykhdD6p41SaUTH6Cdw1P8KnQXShVXqs6SCY7EFv8007qThhahuB5w77lozFYAjpH2Q8MhFK-AqvgomRwfDxu_-gzHkJ-QLUb0JYOaDAU4-e-fZzc3bE9krxhOZ2SK1r1hy8VlAe03Jw5itgK1RQtQvksgoe6pqZuGSIOMpG-Tpt8dwpXPrJ8AgMOVuUW6jsUeANb3zXbMuzUQUEy1obtzc_4LwTHWTXH_WCLiYiDpXtiephKqZnBvBx7TOHD4Zs2R_Bw4XywkGDRQegEhFmTWN6f6mwRL1yUxrYn7MsqDX9DisaeOwSim3X_jf_tcZRCu0oMOQ0GzIDXP3oAPDf1SXjzfAoYjXHiayvphrfgW6LpdGs7UyZGoNP_LIZZvd5CjzvDlSEW-IlzAyMhhRoN7InTP6FgedTjCxEnkrPpf1I8ipLo0npGuu3lmuOTC3D7GG9YKwxnBqecaqfKVBv-2tc1tQruaquYRaPSjXDiuaeLtsVda_TVLwFIk_U8gN14L7SMzuHLrd2h-jYTXlnbJ_tHT2UCNlJZHZOVeiDMsSOetlM1zAtSrHW9Uz7u0ZwRXXKKcTyiOppLQtPLYfLKJ9vUjUWiws6_7ke7w2UexJ2cDoBH3rzjQMTKMs_wqu4fFUEc-WqxwIeaPCwLtCQ-0BLn1pqvdhHgVa0o_i9qU1j11shxL3_s8AgCjGCC3Cia6mdirABmeF-HL2OsowpQHkuDfPnxflBrRbCPw_gzlQZ_pEkbvIdzaewhJLT1OzUUaHXeqBg_cmZ4y_27ggGVJIh0ntnKus8duSGFbice_Z05xkOLghSKufl5cAe5YGLS8M--_Ushi2eXq2j2jOYBHRqLq74sBmpRbMlBAleurY_bQa0phkDKSxskIuulixreLg4KbjIcHCaKyTO5EkE4i9a2jGjYv4eTOtYblh98yKgvo37p-Cq13y43DO86hzsMyKYRsWb8jcCEc6_v57yhNvi2srNzpZ11wj4VoZ3PAVZY4LPqqmEf-QVA-ETTUPcCA-fxfr7Yu_gelvk6exCGheOiTH6PZG2CK1jCOcCfiInGfsjWjXdxzjNg5sfTmSkj75Tlvo2dEp7DjLi5b7y8MNTryEJ5WDLo939aEmltLnZrBO_yIqqc85Ipog9YZJx47pRxRQbpv1uBMJBfcMXmz5_nO6T_-eLk56Wcrg0SDCWLrjBk2k63x-8aeXwZ1rMKsGeAx_D1xHDM_y9iGpI66_kX-IjTnwxtPSmmBFe1yQil7XP9gwzB4uw-_TtMc7h6OCEA6sC791wE0qgeBDHrj8oosxoM690-CFljD_do4-8_5BjiNFpr5W4DD3_i0PdbInUAB4rAMxlCK-EtmWj1PbJ1_3rzBGq5XCELptF2uT_Rm5lLajjMpw2xbp9cnqytsbgJeqUoLTAllt9oOioUlhFiGkGM06EJb2bMHOZSJB4CnVKe1HbWXR2V1sHRZBBPHNWWa-AkF0jkU32Xc1he39yvDStg5A_2FcVtKEr4cvhZ37YG1i89iqchAYi1AUUvmNqQ4r_QRou-r8mNhZdQqkoz7EoRtMR-jeVttB8VIOqNWcywv6RzcYL8qCyiuXMPfFVmU5xEa2IwQ7rWm7vWJOegZieCkimLxWLB7aqZpwuDKX6qr_qrwaatOvTCmd64ryentHDPuVgMYLrJVImA2SK8E1sEfO8cMhmDL5v3-oF5rnNJ6--c3QYtnAvIrv_MKrg1uShneEF0hDocvQ1urYAcC2kFm6-yhE9QyxTTRBXtaO6v-xGQxGfqETNdLTmDCCzV8ZcCEfo34yW5iL4eQTkaBQQM2YIjjdwPqBE5WmMDw8xw-c4ooip9C0wrMItaD1t97H_JEESJUEZwcgQ\" target=\"_blank\" rel=\"noopener noreferrer\" data-sigil=\"MLynx_asynclazy\">https:\/\/www.levante-emv.com\/ribera\/2023\/01\/25\/federacion-espanola-confia-alzirena-carolina-lillo-mundial-tenis-81943262.html<\/a><\/p>\n<p><\/span><\/div>\n<p><a href=\"https:\/\/facebook.com\/story.php?story_fbid=pfbid02usP52RVpsoLQr6UNEe8mN4ciw3WxQWgJfpt9SpemTeChU9BYXAiZBk8acehmXnvbl&amp;id=100063537194811&amp;eav=AfYt6Lgnn2iaAD9rcVlyqBQGZiQt0VdnF9xfFHNATu5u0tl5GWd3qcKXeMdNmBGaEak&amp;m_entstream_source=timeline&amp;_ft_=encrypted_tracking_data.0AY_YaTQI8g_isagvpcvK0jaaGuhBGLgst2wR3gmO8YEKK63UgkY1gQQJXxx6goVIAaYSMhwSEADsTSl1tLDkeUBJ1OH-BRCPPCKgkjyjJ9QuTHH3329vrmnLYQE4b2O63KAPX6HH5wCIth2F5a00XPcRfqB2_-6dpgzEOK4-Bhiwh1q4RCtjreFuTJvVPQIaaPDT_G8_fGHg_vGiULoDfzqdvkDTriJrAsP8CCDCGb16ylJy8--63r6R5hNf3fDx52d0QM0LgKRM3a47nZyinpHgyrt7e3ijzBKloRIIB4jnzlhBXwTVJZ51Is_L0OcxBvfrgc-AXW6VY1Tr-hUu_1sAZF7LYbTJmO3bT9H11lb2OL_bLPtcwVLfpplNTgwzW_Lx-fxeSCeLOwMf0VN-JEJykgRqFIrlwV-QCpQUV4l-9pncPZ1HQedNSVEW3cbIo1UNnAcaT6x7PZFRmtV8-BJ4sCe0JXy30aD46C8QgHm85UMGrVcd219OvLQiPZxGdx8Rv1lj2cLlOce69qhJ5GmJw92lLBBxtevlRUOWCYbGU51kFletW9mcpxGFr-zURc6dDUHGYVZdQLObu3TxJ8PcB2Eyyfc7Ht1sgL93G184BLN87sBJ9ULL-Q0DcTsY5DGmuLWBRgJUhrZB5M7yt35PAU8Ps_oBa13HlPK5OcQrFfzkkcNIvTCkD6otg6ri-rx1szdRMpsKzrq_OH-g6x_fHpBJ_3SnD5_1AYjWEOE3FOYna2dkamvuobczFpUv3Sqfu1HZePZ3FBFSxIaDeZN1fe6Y1hKm6280kJtdnaKjhcTWkwmp5ze3aPJL3BozTe5Nu25JFGlRGcj6chxgolP1WBIyDPC3I2b_fHAMEeOhx12uj9SlYuPXHGEVifoHhj0FDYsKJhvT2g4OI17fpvqsxd7Yzyj7t1wnyakzk60OCaBhUIJiaJgp-wmCH84ZaQCMnr8Pxms1KzNqyfrKCEJtLV-lqx5LdJQjFQuxHNMNmSrPclssAuKkI3GRU-lo4NBE6Z6vK1QMUQSOjM_SwaFqzvyFOzYzXEKC-0k8l7hX_5nc48otSAQhqhDXU9zaIF_TR7khBvqu6cs4XsDuc5PhRKWSYkuoHmEBJ1gCff6Co57Dr5DM7uAWUE2Kehztl78SPV9O4Lt279UqAewpCkJ7hDe7jU3LhjnDr1fu4RdbhRA2yDf-kCV2WGl0e-qI2f3Om-g-B86atQb2zuwWLNSYFoLpN2-sacw-QJTO5gYjWMdAX7Ia7DZoNY_kMhkWh8HPpJLT6zptTS7aPY4CRVH7ke1_wO2FS823nnwbH827IRJH2RbdlWacn9LqeTMzKrohVKA6yhQz_1Lpv9Q0-x-RxNFBcd3OOBNCy-kBGMAkCvNaCFOsyKVZ9Yjy8z02HjML5xbzGG1erlPwVO1lww&amp;__tn__=%2As%2As-R&amp;paipv=0\" aria-label=\"Abrir historia\" class=\"_5msj\"><\/a>\n<\/p>\n<p><a href=\"https:\/\/www.levante-emv.com\/ribera\/2023\/01\/25\/federacion-espanola-confia-alzirena-carolina-lillo-mundial-tenis-81943262.html?fbclid=IwAR1QppiRGAtiYXGwYb28rE045u86iszNe9putmM58h9UjC2-WyFY9UbqvYM\"><img decoding=\"async\" title=\"La federaci\u00f3n espa\u00f1ola conf\u00eda en la alzire\u00f1a Carolina Lillo para el mundial de tenis de veteranas\" src=\"https:\/\/external-ecv1-1.xx.fbcdn.net\/emg1\/v\/t13\/3650945788038552485?url=https%3A%2F%2Festaticos-cdn.prensaiberica.es%2Fclip%2F2218782c-b138-4395-868f-484d8d98b2e4_16-9-aspect-ratio_default_0_x486y601.jpg&#038;fb_obo=1&#038;utld=prensaiberica.es&#038;stp=c0.5000x0.5000f_dst-jpg_flffffff_p500x261_q75&#038;ccb=13-1&#038;oh=06_AbHxqoniUW2gks2_5j0Hq_z_r2-EES95qHHux0-xoMn4nA&#038;oe=63D34D0B&#038;_nc_sid=b1eadf\" \/><\/a> <\/p>\n<p><a href=\"https:\/\/www.levante-emv.com\/ribera\/2023\/01\/25\/federacion-espanola-confia-alzirena-carolina-lillo-mundial-tenis-81943262.html?fbclid=IwAR1QppiRGAtiYXGwYb28rE045u86iszNe9putmM58h9UjC2-WyFY9UbqvYM\">La federaci\u00f3n espa\u00f1ola conf\u00eda en la alzire\u00f1a Carolina Lillo para el mundial de tenis de veteranas<\/a><\/p>\n<p><br \/>\n<br \/><a href=\"https:\/\/www.facebook.com\/100063537194811\/posts\/645670767560824\">source<\/a>  <\/p>","protected":false},"excerpt":{"rendered":"<p>https:\/\/www.levante-emv.com\/ribera\/2023\/01\/25\/federacion-espanola-confia-alzirena-carolina-lillo-mundial-tenis-81943262.html La federaci\u00f3n espa\u00f1ola conf\u00eda en la alzire\u00f1a Carolina Lillo para el mundial de tenis de veteranas Source<\/p>","protected":false},"author":2,"featured_media":0,"comment_status":"open","ping_status":"open","sticky":false,"template":"","format":"standard","meta":{"footnotes":""},"categories":[1],"tags":[],"class_list":["post-4592","post","type-post","status-publish","format-standard","hentry","category-esports-alzira"],"featured_image_src":{"landsacpe":false,"list":false,"medium":false,"full":false},"_links":{"self":[{"href":"https:\/\/esportsmunicipalsalzira.com\/es\/wp-json\/wp\/v2\/posts\/4592","targetHints":{"allow":["GET"]}}],"collection":[{"href":"https:\/\/esportsmunicipalsalzira.com\/es\/wp-json\/wp\/v2\/posts"}],"about":[{"href":"https:\/\/esportsmunicipalsalzira.com\/es\/wp-json\/wp\/v2\/types\/post"}],"author":[{"embeddable":true,"href":"https:\/\/esportsmunicipalsalzira.com\/es\/wp-json\/wp\/v2\/users\/2"}],"replies":[{"embeddable":true,"href":"https:\/\/esportsmunicipalsalzira.com\/es\/wp-json\/wp\/v2\/comments?post=4592"}],"version-history":[{"count":0,"href":"https:\/\/esportsmunicipalsalzira.com\/es\/wp-json\/wp\/v2\/posts\/4592\/revisions"}],"wp:attachment":[{"href":"https:\/\/esportsmunicipalsalzira.com\/es\/wp-json\/wp\/v2\/media?parent=4592"}],"wp:term":[{"taxonomy":"category","embeddable":true,"href":"https:\/\/esportsmunicipalsalzira.com\/es\/wp-json\/wp\/v2\/categories?post=4592"},{"taxonomy":"post_tag","embeddable":true,"href":"https:\/\/esportsmunicipalsalzira.com\/es\/wp-json\/wp\/v2\/tags?post=4592"}],"curies":[{"name":"wp","href":"https:\/\/api.w.org\/{rel}","templated":true}]}}