{"id":4630,"date":"2023-02-01T21:48:09","date_gmt":"2023-02-01T20:48:09","guid":{"rendered":"https:\/\/esportsmunicipalsalzira.com\/este-mati-el-regidor-desports-fernando-pascual-ha-visitat-les-obres-de-condicionament-dels-frontons-que-estan-en-el-r\/"},"modified":"2023-02-01T21:48:09","modified_gmt":"2023-02-01T20:48:09","slug":"este-mati-el-regidor-desports-fernando-pascual-ha-visitat-les-obres-de-condicionament-dels-frontons-que-estan-en-el-r","status":"publish","type":"post","link":"https:\/\/esportsmunicipalsalzira.com\/es\/este-mati-el-regidor-desports-fernando-pascual-ha-visitat-les-obres-de-condicionament-dels-frontons-que-estan-en-el-r\/","title":{"rendered":"Esta ma\u00f1ana el concejal de Deportes, Fernando Pascual, ha visitado las obras de acondicionamiento de los Frontones que est\u00e1n en el r"},"content":{"rendered":"<p><br \/>\n<img decoding=\"async\"  title=\"\" src=\"https:\/\/scontent-mad1-1.xx.fbcdn.net\/v\/t15.5256-10\/324490423_913969973248562_3556062690158149141_n.jpg?stp=cp0_dst-jpg_e15_q65_s320x320&#038;_nc_cat=104&#038;ccb=1-7&#038;_nc_sid=ccf8b3&#038;efg=eyJpIjoidCJ9&#038;_nc_ohc=HV2YzUWZfbsAX94N7g2&#038;tn=PRTHrx121kk2s-1L&#038;_nc_ht=scontent-mad1-1.xx&#038;oh=00_AfBaTsBezUMA5sZDyTqn01H4KHvnVKkJRz_0A8AqAn1O4g&#038;oe=63E085B8\" \/><\/a><\/p>\n<p><div><span><\/p>\n<p>Este mat\u00ed el regidor d&#8217;Esports, Fernando Pascual, ha visitat les obres de condicionament dels Frontons que estan en el recinte esportiu de Ven\u00e8cia. <br \/> Que serviran per a realitzar el joc de front\u00f3 Valenci\u00e0 que formara part del Campionat del M\u00f3n de Pilota.<\/p>\n<p><\/span><\/div>\n<p><a href=\"https:\/\/facebook.com\/story.php?story_fbid=pfbid0muD5P57g1GBNVvpTMNKYDtzTP4GwYraoSB9jSDqCyCs8rr7672DmLGwv7A2CcF62l&amp;id=100063537194811&amp;eav=AfZXsedOBLYwlwR-pkCu8U-XoibhVl1JC86E8bQh0O0UTDx91RPUKHg4eIR-uFvBJZg&amp;m_entstream_source=timeline&amp;_ft_=encrypted_tracking_data.0AY9S_NZtYX2nYoyLOrjtmN2_z7uMWHWjDCeacPlGBpl7QpP40qyREQNH0dTQp-YrPK_FknS30LQwoQcNkMZBEH8uaWKRWnoiDiIU3z-OYPUnB8u4Ntdps6fmTHhHWAzEpCCeq-Vp5_Desk7U1XoLrkGMlCqn4z7eyjrp27TswhKPZmEKdxj3uZ7Q7QZR5WXRsVg-DOJpuQSPOtBubLBdOyleeJH5zYbL1Oy0H3Odyuo8rISQr-u9RZ12-5bHTFA9vfjz2zxzR7rPMHn3EpnRqt-tZt3_aiBeuIc5PzroZY95bS3LkZYMtnHV9ZJVLpfaGKYNufEUUtQS6ihgHH8e4xSiEoNS0gf8o95Cj3RNoen04VhYzTBG5EXxeWC0Nr-TkDPxVpzcy7rU6zqP0XKok0NxmO7hKoT1SCfV_JsZzYUZkwtFjIZMapWYzrE6WkbB5XTlsOAcEtxZAGOymMgbOgdjG8XUGV5lQkDPztcLLKs7qjYttV2JRMgo7PUeypnoIW_Y6nMSLQSJBGXyn4nVqMPvZbuQIXHD0FOSYyMbfT0QJmNS7g8GDt0_rfjD7rTs47yl-Vfc_Fgy4VugLZXPsWt8H8xd2K5R5_0cgB-htfgltn5wXpWdhtyJldPdQ2uJBVjIPD8f9yb7kNY3WclNwX3C7SLxBcItB7w9y3cSPRwzwuNU2gJmP90Ger6P1hcdZeCfnrbF4ufp_xr0nhSoJb_Wr6St4Fx1xH5TKRrnmAMfrIIqXUNw_z6SxPoVno0oS0tqHQDsrs5BVQC81Dfh1b-mvHtTm0kgwZvkZK_71aojsmOjuaF_9gu5SUbZ02nsMrQV8rhOvJmKnXqvqvGufawzaRozNLEa4pUPDPuYvLMnPSSwD2eOmcZqgxRjm9iJ0AaVZbGHgI2wCO3rb_nuqbh_kiIvr-oPaztU_588g-2k9LmdxWXDLM16RVmQtHuxaIYFIzseDKpF6bon749tuqHbb0zVu0-fUQ65H4h0NokAL25wh1gg_nwGXmJtWfUT8H1BAhDYJaRwcgGD9SSQ1dy0qVv_tlqamf47Y8SoMSoruocGbXW-2C-La0DI2zc6mTAT9W_ElemvBctLNkBm6WHHIQypR3w4-A3e7JGGL7FrVpDMzmfgddDZPBDSYZ-rSQvmwtvCHP_5Q_3JgHfNWrzHnxXR4r_KhNuSRPVcofA4h7TRIntJ-jXulhku30DTqb62jun4qAXum26EapY7cx4HmTST-CB014JjQONLJ51lenash9RAoBeN8IfTlWLiNH5sTSwujfwHa2kh3qFktVHesumzz3GXFl2WHOFattrY5Fs48kD_BHf1u9Cr_1OTEMW9htjWLDhZFjPIj6Cs4JWH_3TEpIKuRiLMnyoliy3_o7itrdDjnshe_kPm9fcQmH5alOlSV4moBr384GxMNmKGKFeyBIQUcG2S6sQpnBifUCbW&amp;__tn__=%2As%2As-R&amp;paipv=0\" aria-label=\"Abrir historia\" class=\"_5msj\"><\/a>\n<\/p>\n<div id=\"fb-root\"><\/div><script>window.fbAsyncInit = function() {FB.init({appId      : '',xfbml      : true,version    : 'v2.5'});var my_video_player;FB.Event.subscribe('xfbml.ready', function(msg) {if (msg.type === 'video') {my_video_player = msg.instance; my_video_player.unmute();}});};(function(d, s, id) {  var js, fjs = d.getElementsByTagName(s)[0];  if (d.getElementById(id)) return;  js = d.createElement(s); js.id = id;  js.src = \"\/\/connect.facebook.net\/en_US\/sdk.js#xfbml=1&version=v2.3\";  fjs.parentNode.insertBefore(js, fjs);}(document, 'script', 'facebook-jssdk'));  <\/script><div class=\"fb-video\"    data-autoplay=\"false\" data-width=\"500\" data-allowfullscreen=\"true\" data-href=\"https:\/\/www.facebook.com\/video.php?v=766270651588031&set=vb.500808182&type=1\"><div class=\"fb-xfbml-parse-ignore\"><\/div><\/div>\n\n\n\t\n\n<br \/>\n<br \/>\n<br \/><a href=\"https:\/\/www.facebook.com\/100063537194811\/posts\/651319543662613\">Source<\/a>  <\/p>\n","protected":false},"excerpt":{"rendered":"<p>Esta ma\u00f1ana el concejal de Deportes, Fernando Pascual, ha visitado las obras de acondicionamiento de los Frontones que se encuentran en el recinto deportivo de Venecia. Que servir\u00e1n para realizar el juego de front\u00f3n Valenciano que formase parte del Campeonato del Mundo de Pelota. Source<\/p>","protected":false},"author":2,"featured_media":4631,"comment_status":"open","ping_status":"open","sticky":false,"template":"","format":"standard","meta":{"footnotes":""},"categories":[1],"tags":[],"class_list":["post-4630","post","type-post","status-publish","format-standard","has-post-thumbnail","hentry","category-esports-alzira"],"featured_image_src":{"landsacpe":["https:\/\/esportsmunicipalsalzira.com\/wp-content\/uploads\/2023\/02\/324490423_913969973248562_3556062690158149141_n.jpg",320,181,false],"list":["https:\/\/esportsmunicipalsalzira.com\/wp-content\/uploads\/2023\/02\/324490423_913969973248562_3556062690158149141_n.jpg",320,181,false],"medium":["https:\/\/esportsmunicipalsalzira.com\/wp-content\/uploads\/2023\/02\/324490423_913969973248562_3556062690158149141_n-300x170.jpg",300,170,true],"full":["https:\/\/esportsmunicipalsalzira.com\/wp-content\/uploads\/2023\/02\/324490423_913969973248562_3556062690158149141_n.jpg",320,181,false]},"_links":{"self":[{"href":"https:\/\/esportsmunicipalsalzira.com\/es\/wp-json\/wp\/v2\/posts\/4630","targetHints":{"allow":["GET"]}}],"collection":[{"href":"https:\/\/esportsmunicipalsalzira.com\/es\/wp-json\/wp\/v2\/posts"}],"about":[{"href":"https:\/\/esportsmunicipalsalzira.com\/es\/wp-json\/wp\/v2\/types\/post"}],"author":[{"embeddable":true,"href":"https:\/\/esportsmunicipalsalzira.com\/es\/wp-json\/wp\/v2\/users\/2"}],"replies":[{"embeddable":true,"href":"https:\/\/esportsmunicipalsalzira.com\/es\/wp-json\/wp\/v2\/comments?post=4630"}],"version-history":[{"count":0,"href":"https:\/\/esportsmunicipalsalzira.com\/es\/wp-json\/wp\/v2\/posts\/4630\/revisions"}],"wp:featuredmedia":[{"embeddable":true,"href":"https:\/\/esportsmunicipalsalzira.com\/es\/wp-json\/wp\/v2\/media\/4631"}],"wp:attachment":[{"href":"https:\/\/esportsmunicipalsalzira.com\/es\/wp-json\/wp\/v2\/media?parent=4630"}],"wp:term":[{"taxonomy":"category","embeddable":true,"href":"https:\/\/esportsmunicipalsalzira.com\/es\/wp-json\/wp\/v2\/categories?post=4630"},{"taxonomy":"post_tag","embeddable":true,"href":"https:\/\/esportsmunicipalsalzira.com\/es\/wp-json\/wp\/v2\/tags?post=4630"}],"curies":[{"name":"wp","href":"https:\/\/api.w.org\/{rel}","templated":true}]}}