{"id":4673,"date":"2023-02-05T21:43:01","date_gmt":"2023-02-05T20:43:01","guid":{"rendered":"https:\/\/esportsmunicipalsalzira.com\/primeros-entrenamientos-con-sanyo-danielsanyogutierrez-en-unos-dias-con-mucha-actividad-en-belapadelcenteralicante-ma\/"},"modified":"2023-02-05T21:43:01","modified_gmt":"2023-02-05T20:43:01","slug":"primeros-entrenamientos-con-sanyo-danielsanyogutierrez-en-unos-dias-con-mucha-actividad-en-belapadelcenteralicante-ma","status":"publish","type":"post","link":"https:\/\/esportsmunicipalsalzira.com\/es\/primeros-entrenamientos-con-sanyo-danielsanyogutierrez-en-unos-dias-con-mucha-actividad-en-belapadelcenteralicante-ma\/","title":{"rendered":"Primeros entrenamientos con Sanyo @danielsanyogutierrez en unos d\u00edas con mucha actividad en @belapadelcenteralicante. Ma"},"content":{"rendered":"<p><br \/>\nPrimeros entrenamientos con Sanyo @danielsanyogutierrez en unos d\u00edas con mucha actividad en @belapadelcenteralicante. Ma\u00f1ana \u00faltima sesi\u00f3n y para Barcelona a seguir con los entrenamientos juntos \ud83d\udcaa \ud83e\udde0.<br \/>\n\u00a1Cada vez queda menos para el arranque de la temporada!<\/p>\n<p>First training sessions se Sanyo. Este d\u00eda y tiene un m\u00e1ximo de actividades en @belapadelcenteralicante. Tomorrow se debe a las sesiones en Alicante y se puede ir a Barcelona para continuar training durante. Time es rapidly running out for start of the season!<\/p>\n<p><a href=\"https:\/\/scontent-mad1-1.xx.fbcdn.net\/v\/t39.30808-6\/329359990_1289644928285334_7603707647143552054_n.jpg?_nc_cat=100&#038;ccb=1-7&#038;_nc_sid=8bfeb9&#038;_nc_ohc=ajA9qHMbvbMAX8dhv2G&#038;_nc_ht=scontent-mad1-1.xx&#038;oh=00_AfBCwFD8vFOBR2F7AYRPlSeDx5uu29v1Ankg83H-62YxMw&#038;oe=63E5CBBD\"><img decoding=\"async\" class=\"wp_automatic_fb_img\" title=\"\" src=\"https:\/\/scontent-mad1-1.xx.fbcdn.net\/v\/t39.30808-6\/329359990_1289644928285334_7603707647143552054_n.jpg?_nc_cat=100&#038;ccb=1-7&#038;_nc_sid=8bfeb9&#038;_nc_ohc=ajA9qHMbvbMAX8dhv2G&#038;_nc_ht=scontent-mad1-1.xx&#038;oh=00_AfBCwFD8vFOBR2F7AYRPlSeDx5uu29v1Ankg83H-62YxMw&#038;oe=63E5CBBD\" \/><\/a><br \/><a href=\"https:\/\/scontent-mad1-1.xx.fbcdn.net\/v\/t39.30808-6\/329370452_1261010241295134_5609070190729899557_n.jpg?_nc_cat=109&#038;ccb=1-7&#038;_nc_sid=8bfeb9&#038;_nc_ohc=t-tKrdpI5RIAX-dlGhP&#038;_nc_ht=scontent-mad1-1.xx&#038;oh=00_AfBz65pOjPYHEwvzk8Ps2k3kKbraL4ZdVgBzpkZv7Q-2oA&#038;oe=63E562EA\"><img decoding=\"async\" class=\"wp_automatic_fb_img\" title=\"\" src=\"https:\/\/scontent-mad1-1.xx.fbcdn.net\/v\/t39.30808-6\/329370452_1261010241295134_5609070190729899557_n.jpg?_nc_cat=109&#038;ccb=1-7&#038;_nc_sid=8bfeb9&#038;_nc_ohc=t-tKrdpI5RIAX-dlGhP&#038;_nc_ht=scontent-mad1-1.xx&#038;oh=00_AfBz65pOjPYHEwvzk8Ps2k3kKbraL4ZdVgBzpkZv7Q-2oA&#038;oe=63E562EA\" \/><\/a><br \/><a href=\"https:\/\/scontent-mad1-1.xx.fbcdn.net\/v\/t39.30808-6\/329369475_495888392698897_376024271627936202_n.jpg?_nc_cat=107&#038;ccb=1-7&#038;_nc_sid=8bfeb9&#038;_nc_ohc=SnYrlh6JC8EAX_X0J2r&#038;_nc_ht=scontent-mad1-1.xx&#038;oh=00_AfCw2VuFrdxaCy1xag_fRjrYmjN3dGym9WvZS_jtpgZKlg&#038;oe=63E6A955\"><img decoding=\"async\" class=\"wp_automatic_fb_img\" title=\"\" src=\"https:\/\/scontent-mad1-1.xx.fbcdn.net\/v\/t39.30808-6\/329369475_495888392698897_376024271627936202_n.jpg?_nc_cat=107&#038;ccb=1-7&#038;_nc_sid=8bfeb9&#038;_nc_ohc=SnYrlh6JC8EAX_X0J2r&#038;_nc_ht=scontent-mad1-1.xx&#038;oh=00_AfCw2VuFrdxaCy1xag_fRjrYmjN3dGym9WvZS_jtpgZKlg&#038;oe=63E6A955\" \/><\/a><br \/><a href=\"https:\/\/scontent-mad1-1.xx.fbcdn.net\/v\/t39.30808-6\/329349491_1262418831012736_6414886604444473490_n.jpg?_nc_cat=102&#038;ccb=1-7&#038;_nc_sid=8bfeb9&#038;_nc_ohc=UMDeKm84lzUAX9tWfbY&#038;_nc_ht=scontent-mad1-1.xx&#038;oh=00_AfCSn7GNyJFSX7JK-wDueBBtsahZ1InbegbOvU57g547aA&#038;oe=63E6EB0A\"><img decoding=\"async\" class=\"wp_automatic_fb_img\" title=\"\" src=\"https:\/\/scontent-mad1-1.xx.fbcdn.net\/v\/t39.30808-6\/329349491_1262418831012736_6414886604444473490_n.jpg?_nc_cat=102&#038;ccb=1-7&#038;_nc_sid=8bfeb9&#038;_nc_ohc=UMDeKm84lzUAX9tWfbY&#038;_nc_ht=scontent-mad1-1.xx&#038;oh=00_AfCSn7GNyJFSX7JK-wDueBBtsahZ1InbegbOvU57g547aA&#038;oe=63E6EB0A\" \/><\/a><br \/>\n<br \/>\n<br \/><a href=\"https:\/\/www.facebook.com\/100063537194811\/posts\/655062279955006\">source<\/a>  <\/p>","protected":false},"excerpt":{"rendered":"<p>Primeros entrenamientos con Sanyo @danielsanyogutierrez en unos d\u00edas con mucha actividad en @belapadelcenteralicante. Ma\u00f1ana \u00faltima sesi\u00f3n y para Barcelona a seguir con los entrenamientos juntos \ud83d\udcaa \ud83e\udde0. Cada vez queda menos para el arranque de la temporada! First training sessions with Sanyo. This days I had a lot of activity at @belapadelcenteralicante. Tomorrow we will [&hellip;]<\/p>\n","protected":false},"author":2,"featured_media":4674,"comment_status":"open","ping_status":"open","sticky":false,"template":"","format":"standard","meta":{"footnotes":""},"categories":[1],"tags":[],"class_list":["post-4673","post","type-post","status-publish","format-standard","has-post-thumbnail","hentry","category-esports-alzira"],"featured_image_src":{"landsacpe":["https:\/\/esportsmunicipalsalzira.com\/wp-content\/uploads\/2023\/02\/329359990_1289644928285334_7603707647143552054_n-1140x445.jpg",1140,445,true],"list":["https:\/\/esportsmunicipalsalzira.com\/wp-content\/uploads\/2023\/02\/329359990_1289644928285334_7603707647143552054_n-463x348.jpg",463,348,true],"medium":["https:\/\/esportsmunicipalsalzira.com\/wp-content\/uploads\/2023\/02\/329359990_1289644928285334_7603707647143552054_n-300x200.jpg",300,200,true],"full":["https:\/\/esportsmunicipalsalzira.com\/wp-content\/uploads\/2023\/02\/329359990_1289644928285334_7603707647143552054_n.jpg",1600,1066,false]},"_links":{"self":[{"href":"https:\/\/esportsmunicipalsalzira.com\/es\/wp-json\/wp\/v2\/posts\/4673","targetHints":{"allow":["GET"]}}],"collection":[{"href":"https:\/\/esportsmunicipalsalzira.com\/es\/wp-json\/wp\/v2\/posts"}],"about":[{"href":"https:\/\/esportsmunicipalsalzira.com\/es\/wp-json\/wp\/v2\/types\/post"}],"author":[{"embeddable":true,"href":"https:\/\/esportsmunicipalsalzira.com\/es\/wp-json\/wp\/v2\/users\/2"}],"replies":[{"embeddable":true,"href":"https:\/\/esportsmunicipalsalzira.com\/es\/wp-json\/wp\/v2\/comments?post=4673"}],"version-history":[{"count":0,"href":"https:\/\/esportsmunicipalsalzira.com\/es\/wp-json\/wp\/v2\/posts\/4673\/revisions"}],"wp:featuredmedia":[{"embeddable":true,"href":"https:\/\/esportsmunicipalsalzira.com\/es\/wp-json\/wp\/v2\/media\/4674"}],"wp:attachment":[{"href":"https:\/\/esportsmunicipalsalzira.com\/es\/wp-json\/wp\/v2\/media?parent=4673"}],"wp:term":[{"taxonomy":"category","embeddable":true,"href":"https:\/\/esportsmunicipalsalzira.com\/es\/wp-json\/wp\/v2\/categories?post=4673"},{"taxonomy":"post_tag","embeddable":true,"href":"https:\/\/esportsmunicipalsalzira.com\/es\/wp-json\/wp\/v2\/tags?post=4673"}],"curies":[{"name":"wp","href":"https:\/\/api.w.org\/{rel}","templated":true}]}}