{"id":4758,"date":"2023-02-15T06:40:01","date_gmt":"2023-02-15T05:40:01","guid":{"rendered":"https:\/\/esportsmunicipalsalzira.com\/lucia-aguado-continua-la-seua-preparacio-per-al-mundial-de-pilota-als-entrenaments-de-la-seleccio-valenciana-es-tot-u\/"},"modified":"2023-02-15T06:40:01","modified_gmt":"2023-02-15T05:40:01","slug":"lucia-aguado-continua-la-seua-preparacio-per-al-mundial-de-pilota-als-entrenaments-de-la-seleccio-valenciana-es-tot-u","status":"publish","type":"post","link":"https:\/\/esportsmunicipalsalzira.com\/es\/lucia-aguado-continua-la-seua-preparacio-per-al-mundial-de-pilota-als-entrenaments-de-la-seleccio-valenciana-es-tot-u\/","title":{"rendered":"Luc\u00eda Aguado contin\u00faa su preparaci\u00f3n para el Mundial de Pelota en los entrenamientos de la Selecci\u00f3n Valenciana. Es todo uno"},"content":{"rendered":"<p><br \/>\n<a href=\"https:\/\/facebook.com\/story.php?story_fbid=pfbid0bbQAJfa5PAWcmn1NSgCXGkyT2qTmHySLhszLXJUH4og6qmHrnBEQ6HnasCeo7ahWl&amp;id=100063537194811&amp;eav=AfasinbyVauzmiWUXQKsbJ--Ba4T-OrMedGyRtYHKyGH4zMCruhBlDdQx3fKgy42G4I&amp;m_entstream_source=timeline&amp;_ft_=encrypted_tracking_data.0AY9XGotTRhrroeOdD_V1l42-dOFHtf4moTlsybWnrj8jm8s-OXdh-npwL8pdLmyVQxkLNRnbecByrYgYJh3qwXUQxwvY4IOIBK8FOT3LdSOkdUkIKIsh1R0ab1Eh0F-lOsPi0Nw3UzfMmJS9Z1uKpIW86DThOsv-i6U32YymH-DyzRkUqIWjUdHLziL-Ac0HrvZFEQvA9HP0y4eM0sO8d2TsCwSagOOBSEbvMHKeNFkB9F9fXgvUz6GMwg0BcQWBpEIzc9Yrz_80N7YIptiBRuCcKlSs5O78Gpw8f9AJhqMxW6IPrTx5OffLWYl5nMJiyZhJSn38xatUL9HN05Rw9xBg77qm1ESPeRLu91OO6oBiK_UBh1Sf0WBQEI49RA7kW4HBoDzP4ScVuFmQa90VAlW--FTSPEcPV3ydte5LZAtQ9YUdtQkvW5Kz1d1jKFr9qc_zc-MwNMu6czxSsho8HLLnPglwbg6B6oXL7iBd8K1L2cGD9i52NrCY4W-MjwrwDvLFJoO2-alqDTB-LecWz88fioKkFLJ6OyIrDYkTcPVpL-WCICzYWerRfkXMXjzzYy30o5QwsRXLjbaVjTuYrjZTGwrbAJk14sB1l3INsOZN53yfIHXdG1vCboiUPldmj6E7qrgtX-MccszfV012Ucz9tpYP7NzOHm2DFBA7CzDbiHIp21DZElUHINCdrUNHuukrRxYY0VOWCMWvgJCToKdj7ryf87dJDk9ZGqr8qMFVmPgMIpSGk7FzITBcvUryiwuq88_QJhEgjYVUygaQyu1HusgTGJQBoE1Rw8Bodes_kNoCZ9KIqpY-T1b-CEexv6G9jTaKfhmmPQ0QuWmZM0UDFhxhltRkuNdJ1YquIBjmtjVRSNSP0llb6z43s19Jz188niQA-y3jNscak6P-4eqjvWXj9p4lDMpa95DswqwoA2g2H_YCA09y9OMqlFMrzOJ0iYXP9-K7tz3mYGlxfXguNp-RLDZU2YqmS5Yk_I96_dTfPcckrB9SOKxRz5m5hbPWiWmQ3dA&amp;__tn__=%2As%2As-R&amp;paipv=0\" aria-label=\"Abrir historia\" class=\"_5msj\"><\/a><\/p>\n<div><span><\/p>\n<p>Luc\u00eda Aguado contin\u00faa su preparaci\u00f3n para el Mundial de Pelota en los entrenamientos de la Selecci\u00f3n Valenciana.<\/p>\n<p> Es todo un orgullo para el Club y para la Ciudad!!!!<\/p>\n<p><\/span><\/div>\n<p><a href=\"https:\/\/facebook.com\/story.php?story_fbid=pfbid06gokvYX6ttJH9zXY9y7czs4Zq4RjZVf3gFmyfcNePxs7WWxTECg1JdbQHdMVtdJCl&amp;id=100063746312666&amp;eav=Afa4Pu8Sfxvn00Xqa_Sp_7Qg-MML8EKAr_HQ3Su7wU0EcE_TuMzZS_Nfuq1f-m2Q8eY&amp;m_entstream_source=timeline&amp;_ft_=encrypted_tracking_data.0AY9XGotTRhrroeOdD_V1l42-dOFHtf4moTlsybWnrj8jm8s-OXdh-npwL8pdLmyVQxkLNRnbecByrYgYJh3qwXUQxwvY4IOIBK8FOT3LdSOkdUkIKIsh1R0ab1Eh0F-lOsPi0Nw3UzfMmJS9Z1uKpIW86DThOsv-i6U32YymH-DyzRkUqIWjUdHLziL-Ac0HrvZFEQvA9HP0y4eM0sO8d2TsCwSagOOBSEbvMHKeNFkB9F9fXgvUz6GMwg0BcQWBpEIzc9Yrz_80N7YIptiBRuCcKlSs5O78Gpw8f9AJhqMxW6IPrTx5OffLWYl5nMJiyZhJSn38xatUL9HN05Rw9xBg77qm1ESPeRLu91OO6oBiK_UBh1Sf0WBQEI49RA7kW4HBoDzP4ScVuFmQa90VAlW--FTSPEcPV3ydte5LZAtQ9YUdtQkvW5Kz1d1jKFr9qc_zc-MwNMu6czxSsho8HLLnPglwbg6B6oXL7iBd8K1L2cGD9i52NrCY4W-MjwrwDvLFJoO2-alqDTB-LecWz88fioKkFLJ6OyIrDYkTcPVpL-WCICzYWerRfkXMXjzzYy30o5QwsRXLjbaVjTuYrjZTGwrbAJk14sB1l3INsOZN53yfIHXdG1vCboiUPldmj6E7qrgtX-MccszfV012Ucz9tpYP7NzOHm2DFBA7CzDbiHIp21DZElUHINCdrUNHuukrRxYY0VOWCMWvgJCToKdj7ryf87dJDk9ZGqr8qMFVmPgMIpSGk7FzITBcvUryiwuq88_QJhEgjYVUygaQyu1HusgTGJQBoE1Rw8Bodes_kNoCZ9KIqpY-T1b-CEexv6G9jTaKfhmmPQ0QuWmZM0UDFhxhltRkuNdJ1YquIBjmtjVRSNSP0llb6z43s19Jz188niQA-y3jNscak6P-4eqjvWXj9p4lDMpa95DswqwoA2g2H_YCA09y9OMqlFMrzOJ0iYXP9-K7tz3mYGlxfXguNp-RLDZU2YqmS5Yk_I96_dTfPcckrB9SOKxRz5m5hbPWiWmQ3dA&amp;__tn__=%2As%2AsH-R&amp;paipv=0\" aria-label=\"Abrir historia\" class=\"_5msj\"><\/a><br \/>\n<br \/><a href=\"https:\/\/scontent-mad1-1.xx.fbcdn.net\/v\/t39.30808-6\/330207320_498732688892265_6308034058393082844_n.jpg?stp=dst-jpg_p526x296&#038;_nc_cat=108&#038;ccb=1-7&#038;_nc_sid=730e14&#038;_nc_ohc=W12JsNMds4oAX8skebf&#038;_nc_ht=scontent-mad1-1.xx&#038;oh=00_AfBnaJelenQF6mSO85BbiEntvWK8yeHV__ONPrSL9rXqcQ&#038;oe=63F248B3\"><img decoding=\"async\" class=\"wp_automatic_fb_img\" title=\"\" src=\"https:\/\/scontent-mad1-1.xx.fbcdn.net\/v\/t39.30808-6\/330207320_498732688892265_6308034058393082844_n.jpg?stp=dst-jpg_p526x296&#038;_nc_cat=108&#038;ccb=1-7&#038;_nc_sid=730e14&#038;_nc_ohc=W12JsNMds4oAX8skebf&#038;_nc_ht=scontent-mad1-1.xx&#038;oh=00_AfBnaJelenQF6mSO85BbiEntvWK8yeHV__ONPrSL9rXqcQ&#038;oe=63F248B3\" \/><\/a><br \/>\n<br \/>\n<br \/><a href=\"https:\/\/www.facebook.com\/100063537194811\/posts\/662549075872993\">source<\/a>  <\/p>","protected":false},"excerpt":{"rendered":"<p>Luc\u00eda Aguado contin\u00faa su preparaci\u00f3n para el Mundial de Pelota en los entrenamientos de la Selecci\u00f3n Valenciana. Es todo un orgullo para el Club y para la Ciudad!!!! Source<\/p>","protected":false},"author":2,"featured_media":4759,"comment_status":"open","ping_status":"open","sticky":false,"template":"","format":"standard","meta":{"footnotes":""},"categories":[1],"tags":[],"class_list":["post-4758","post","type-post","status-publish","format-standard","has-post-thumbnail","hentry","category-esports-alzira"],"featured_image_src":{"landsacpe":["https:\/\/esportsmunicipalsalzira.com\/wp-content\/uploads\/2023\/02\/330207320_498732688892265_6308034058393082844_n-526x445.jpg",526,445,true],"list":["https:\/\/esportsmunicipalsalzira.com\/wp-content\/uploads\/2023\/02\/330207320_498732688892265_6308034058393082844_n-463x348.jpg",463,348,true],"medium":["https:\/\/esportsmunicipalsalzira.com\/wp-content\/uploads\/2023\/02\/330207320_498732688892265_6308034058393082844_n-300x300.jpg",300,300,true],"full":["https:\/\/esportsmunicipalsalzira.com\/wp-content\/uploads\/2023\/02\/330207320_498732688892265_6308034058393082844_n.jpg",526,526,false]},"_links":{"self":[{"href":"https:\/\/esportsmunicipalsalzira.com\/es\/wp-json\/wp\/v2\/posts\/4758","targetHints":{"allow":["GET"]}}],"collection":[{"href":"https:\/\/esportsmunicipalsalzira.com\/es\/wp-json\/wp\/v2\/posts"}],"about":[{"href":"https:\/\/esportsmunicipalsalzira.com\/es\/wp-json\/wp\/v2\/types\/post"}],"author":[{"embeddable":true,"href":"https:\/\/esportsmunicipalsalzira.com\/es\/wp-json\/wp\/v2\/users\/2"}],"replies":[{"embeddable":true,"href":"https:\/\/esportsmunicipalsalzira.com\/es\/wp-json\/wp\/v2\/comments?post=4758"}],"version-history":[{"count":0,"href":"https:\/\/esportsmunicipalsalzira.com\/es\/wp-json\/wp\/v2\/posts\/4758\/revisions"}],"wp:featuredmedia":[{"embeddable":true,"href":"https:\/\/esportsmunicipalsalzira.com\/es\/wp-json\/wp\/v2\/media\/4759"}],"wp:attachment":[{"href":"https:\/\/esportsmunicipalsalzira.com\/es\/wp-json\/wp\/v2\/media?parent=4758"}],"wp:term":[{"taxonomy":"category","embeddable":true,"href":"https:\/\/esportsmunicipalsalzira.com\/es\/wp-json\/wp\/v2\/categories?post=4758"},{"taxonomy":"post_tag","embeddable":true,"href":"https:\/\/esportsmunicipalsalzira.com\/es\/wp-json\/wp\/v2\/tags?post=4758"}],"curies":[{"name":"wp","href":"https:\/\/api.w.org\/{rel}","templated":true}]}}