{"id":4790,"date":"2023-02-20T09:00:00","date_gmt":"2023-02-20T08:00:00","guid":{"rendered":"https:\/\/esportsmunicipalsalzira.com\/el-20-de-febrero-se-celebra-el-dia-mundial-de-la-justicia-social-con-la-finalidad-de-concienciar-a-la-poblacion-y-de-im\/"},"modified":"2023-02-20T09:00:00","modified_gmt":"2023-02-20T08:00:00","slug":"el-20-de-febrero-se-celebra-el-dia-mundial-de-la-justicia-social-con-la-finalidad-de-concienciar-a-la-poblacion-y-de-im","status":"publish","type":"post","link":"https:\/\/esportsmunicipalsalzira.com\/es\/el-20-de-febrero-se-celebra-el-dia-mundial-de-la-justicia-social-con-la-finalidad-de-concienciar-a-la-poblacion-y-de-im\/","title":{"rendered":"El 20 de febrero se celebra el D\u00eda Mundial de la Justicia Social, con la finalidad de concienciar a la poblaci\u00f3n y de im"},"content":{"rendered":"<p><br \/>\nEl 20 de febrero se celebra el D\u00eda Mundial de la Justicia Social, con la finalidad de concienciar a la poblaci\u00f3n y de impulsar acciones orientadas a que exista mayor justicia social. Se pretend\u00eda sobre todo erradicar la pobreza y promover el empleo pleno y el trabajo decente; la igualdad entre los sexos, el acceso al benestar social y la justicia social para todos.<\/p>\n<p>Desde El Comit\u00e9 Ol\u00edmpico Espa\u00f1ol, destacamos la importancia del deporte como herramienta para promover la justicia social, la integraci\u00f3n de las personas en igualdad de condiciones independientemente de su condici\u00f3n.<\/p>\n<p><a href=\"https:\/\/scontent-mad2-1.xx.fbcdn.net\/v\/t39.30808-6\/330772427_868837557535678_3733654126404050806_n.jpg?stp=dst-jpg_s640x640&#038;_nc_cat=109&#038;ccb=1-7&#038;_nc_sid=730e14&#038;_nc_ohc=empA1mTzH9wAX-yLpSO&#038;_nc_ht=scontent-mad2-1.xx&#038;oh=00_AfAZXgXZnpP53EjCpizaYFbO8XNukzRp58TazfedY-SkIg&#038;oe=63F7B84B\"><img decoding=\"async\" class=\"wp_automatic_fb_img\" title=\"\" src=\"https:\/\/scontent-mad2-1.xx.fbcdn.net\/v\/t39.30808-6\/330772427_868837557535678_3733654126404050806_n.jpg?stp=dst-jpg_s640x640&#038;_nc_cat=109&#038;ccb=1-7&#038;_nc_sid=730e14&#038;_nc_ohc=empA1mTzH9wAX-yLpSO&#038;_nc_ht=scontent-mad2-1.xx&#038;oh=00_AfAZXgXZnpP53EjCpizaYFbO8XNukzRp58TazfedY-SkIg&#038;oe=63F7B84B\" \/><\/a><br \/>\n<br \/>\n<br \/><a href=\"https:\/\/www.facebook.com\/100063537194811\/posts\/666821265445774\">source<\/a>  <\/p>","protected":false},"excerpt":{"rendered":"<p>El 20 de febrero se celebra el D\u00eda Mundial de la Justicia Social, con la finalidad de concienciar a la poblaci\u00f3n y de impulsar acciones orientadas a que exista mayor justicia social. Se pretende sobre todo erradicar la pobreza y promover el empleo pleno y el trabajo decente; la igualdad entre los sexos, el acceso [&hellip;]<\/p>\n","protected":false},"author":2,"featured_media":4791,"comment_status":"open","ping_status":"open","sticky":false,"template":"","format":"standard","meta":{"footnotes":""},"categories":[1],"tags":[],"class_list":["post-4790","post","type-post","status-publish","format-standard","has-post-thumbnail","hentry","category-esports-alzira"],"featured_image_src":{"landsacpe":["https:\/\/esportsmunicipalsalzira.com\/wp-content\/uploads\/2023\/02\/330772427_868837557535678_3733654126404050806_n-512x445.jpg",512,445,true],"list":["https:\/\/esportsmunicipalsalzira.com\/wp-content\/uploads\/2023\/02\/330772427_868837557535678_3733654126404050806_n-463x348.jpg",463,348,true],"medium":["https:\/\/esportsmunicipalsalzira.com\/wp-content\/uploads\/2023\/02\/330772427_868837557535678_3733654126404050806_n-240x300.jpg",240,300,true],"full":["https:\/\/esportsmunicipalsalzira.com\/wp-content\/uploads\/2023\/02\/330772427_868837557535678_3733654126404050806_n.jpg",512,640,false]},"_links":{"self":[{"href":"https:\/\/esportsmunicipalsalzira.com\/es\/wp-json\/wp\/v2\/posts\/4790","targetHints":{"allow":["GET"]}}],"collection":[{"href":"https:\/\/esportsmunicipalsalzira.com\/es\/wp-json\/wp\/v2\/posts"}],"about":[{"href":"https:\/\/esportsmunicipalsalzira.com\/es\/wp-json\/wp\/v2\/types\/post"}],"author":[{"embeddable":true,"href":"https:\/\/esportsmunicipalsalzira.com\/es\/wp-json\/wp\/v2\/users\/2"}],"replies":[{"embeddable":true,"href":"https:\/\/esportsmunicipalsalzira.com\/es\/wp-json\/wp\/v2\/comments?post=4790"}],"version-history":[{"count":0,"href":"https:\/\/esportsmunicipalsalzira.com\/es\/wp-json\/wp\/v2\/posts\/4790\/revisions"}],"wp:featuredmedia":[{"embeddable":true,"href":"https:\/\/esportsmunicipalsalzira.com\/es\/wp-json\/wp\/v2\/media\/4791"}],"wp:attachment":[{"href":"https:\/\/esportsmunicipalsalzira.com\/es\/wp-json\/wp\/v2\/media?parent=4790"}],"wp:term":[{"taxonomy":"category","embeddable":true,"href":"https:\/\/esportsmunicipalsalzira.com\/es\/wp-json\/wp\/v2\/categories?post=4790"},{"taxonomy":"post_tag","embeddable":true,"href":"https:\/\/esportsmunicipalsalzira.com\/es\/wp-json\/wp\/v2\/tags?post=4790"}],"curies":[{"name":"wp","href":"https:\/\/api.w.org\/{rel}","templated":true}]}}