{"id":4800,"date":"2023-02-20T20:34:27","date_gmt":"2023-02-20T19:34:27","guid":{"rendered":"https:\/\/esportsmunicipalsalzira.com\/la-ii-copa-president-de-la-diputacio-de-valencia-de-raspall-la-final-es-disputara-en-el-trinquet-municipal-de-alzira\/"},"modified":"2023-02-20T20:34:27","modified_gmt":"2023-02-20T19:34:27","slug":"la-ii-copa-president-de-la-diputacio-de-valencia-de-raspall-la-final-es-disputara-en-el-trinquet-municipal-de-alzira","status":"publish","type":"post","link":"https:\/\/esportsmunicipalsalzira.com\/es\/la-ii-copa-president-de-la-diputacio-de-valencia-de-raspall-la-final-es-disputara-en-el-trinquet-municipal-de-alzira\/","title":{"rendered":"La II Copa Presidente de la Diputaci\u00f3n de Valencia de CEPILLO, la final se disputar\u00e1 en el Trinquete Municipal de Alzira."},"content":{"rendered":"<p><br \/>\n<img decoding=\"async\"  title=\"\" src=\"https:\/\/scontent-mad2-1.xx.fbcdn.net\/v\/t15.5256-10\/331878969_228841642898998_9048219748296404873_n.jpg?stp=cp0_dst-jpg_e15_q65_s320x320&#038;_nc_cat=106&#038;ccb=1-7&#038;_nc_sid=ccf8b3&#038;efg=eyJpIjoidCJ9&#038;_nc_ohc=1ZEjawyJoRcAX_5AxA4&#038;tn=PRTHrx121kk2s-1L&#038;_nc_ht=scontent-mad2-1.xx&#038;oh=00_AfBt06B9Oh5zeXF3yxErACQ-eripYja7DS_5ri39xf87EA&#038;oe=63F85159\" \/><\/a><\/p>\n<p><div><span><\/p>\n<p>La II Copa President de la Diputaci\u00f3 de Val\u00e8ncia de RASPALL, la final es disputar\u00e0 en el Trinquet Municipal de  Alzira.<\/p>\n<p><\/span><\/div>\n<p><a href=\"https:\/\/facebook.com\/story.php?story_fbid=pfbid02jiyKGSjZNLGcTX9eDXk5D3RsAD18xT8vEsUxZvdpf9u2effsNuFV4DRHFHoiPw7Wl&amp;id=100063537194811&amp;eav=AfbeOXKyvIO1bK-LfdA_CjjWn29cdfgmoAqolGTXDVL5MV3683JuHpKVTFutHOK759Y&amp;m_entstream_source=timeline&amp;_ft_=encrypted_tracking_data.0AY9eol-Q7qhg5rp1HIc5kExTqAUSdoHC3dmlAJb1JWP3eL0x-HYNn7Gba3OqI7RQU3d8ectvR7XECIvrdhkg96ym9hIln544sfOKaGMVcniqwZ40b3obrICMxZ5EZMVLAbozdxt0ag8VbgFq0M1KHbXoBVwJxrldYnU1SCl4Uw8oV31uuDEyYe5UNl9TubeI9cSIu1gldP8OSWQPUw3SvqbQ4qyNcuNUtOlU8Ka_q8xWXrmPwBG8TZsT_uLQ0XuwdBEkmbarAP95CL2ucW-J6bUirQRvW2ugEcS71LSskUnUiXeJJHePioFuZ3s1HqPFhgwkP7HF1KmHtRPZdrb7eTZ-AaIPKu0V0YVeUPu4T4pAsnZczrK3iOo1OLsoX8Jo9k7Wj6vsKoJMRlSRGAzJ0Ihi9H68TBlFYTC489G3Ymo-nyQHCokVoAPSW-jORHupOh-1elfVjjapX-079x8wyzYomqwlyYT9ZJi1EV5w38YCyLPumMQ22eizKcTo72lN8-eSHqk6yIVk3KBktxX0wVu2YI5dV5C0VG7q1TRRC8jW8mtNwKcCrqXCR1ZTDXAnxG1sqtztlBiZeL62VSPScD_JUwdG87zbJuAcbDUDhvSCCPFJjP781rStnConK8zpjam7qR-8eBUR-fcttbY1amZORK9NueqxY7S3V14JYcvBsHiNgtbCjE7BbpkQXoQA-KO6R_BypOM_sLdh6IUPY6bP3CW9Zvmu5Y_mtHfkHyrFrw7-7nmwoIGZneaUItjGh863W7TNUfwDN4WkB8lGF1IGppiJ344uxFftI5TrhqYBGP_S-49T0AtgGK9qViL63zik-sc7vGuUKsj1QcmduUja6V3sgdWV9o2dkwxzOFA1zSKdt2QzIfPAw88lKNBCUXv6icVRovtk05lzaS3-4DZVwK6sEcdOfysoYkVWNWe3CObHDd9_bZyETXf_t5elGh2h8mfM-uIpYfcAmHFzOH6gClU-1z0lScPyiwNjVeqOKEzCO7XhSJoD0D0tBJFEDLY085HrmPyfAMYqPuSYyYWRjqetdC_8iMZ4lgWKrimVhc-XreAs7jc6kurV-5B-OyWnWD4dRNz5IK08ceIAU4o9Q0H_mmSlAr7WPPFhNNZ0sZ5dkFyH1KawNZoLQkItm6Ku3UbQhn8sBNiA8_OUPTBLhy0LkIT4sgx-HsNyFjGR7CRwehwvIn8EQok-QxDzyDvLv_flInH2P216ly-Kzql1k7VjAKQpK8Yxn7Crvg0a2IJ-agY728LehknMYnmmtiNTiuoBEkBMq3RD223J6EOcy79N0-ZKjC3Ur8z-Ek_ijSGxUKLMP9p4Y_e2DMPhPkZB-g0tfRRljznxzD0pSU07_ngVyBo5LVFWhyPx2BcLPeXHTbJs4oJLzhDUcBvxBmvKobFPpWNC8zeAxX_X4OFzFnl8M3SghBZbRR-QYPs3Zvk&amp;__tn__=%2As%2As-R&amp;paipv=0\" aria-label=\"Abrir historia\" class=\"_5msj\"><\/a>\n<\/p>\n<div id=\"fb-root\"><\/div><script>window.fbAsyncInit = function() {FB.init({appId      : '',xfbml      : true,version    : 'v2.5'});var my_video_player;FB.Event.subscribe('xfbml.ready', function(msg) {if (msg.type === 'video') {my_video_player = msg.instance; my_video_player.unmute();}});};(function(d, s, id) {  var js, fjs = d.getElementsByTagName(s)[0];  if (d.getElementById(id)) return;  js = d.createElement(s); js.id = id;  js.src = \"\/\/connect.facebook.net\/en_US\/sdk.js#xfbml=1&version=v2.3\";  fjs.parentNode.insertBefore(js, fjs);}(document, 'script', 'facebook-jssdk'));  <\/script><div class=\"fb-video\"    data-autoplay=\"false\" data-width=\"500\" data-allowfullscreen=\"true\" data-href=\"https:\/\/www.facebook.com\/video.php?v=917910282726215&set=vb.500808182&type=1\"><div class=\"fb-xfbml-parse-ignore\"><\/div><\/div>\n\n\n\t\n\n<br \/>\n<br \/>\n<br \/><a href=\"https:\/\/www.facebook.com\/100063537194811\/posts\/667200275407873\">Source<\/a>  <\/p>\n","protected":false},"excerpt":{"rendered":"<p>La II Copa Presidente de la Diputaci\u00f3n de Valencia de CEPILLO, la final se disputar\u00e1 en el Trinquete Municipal de Alzira. Source<\/p>","protected":false},"author":2,"featured_media":4801,"comment_status":"open","ping_status":"open","sticky":false,"template":"","format":"standard","meta":{"footnotes":""},"categories":[1],"tags":[],"class_list":["post-4800","post","type-post","status-publish","format-standard","has-post-thumbnail","hentry","category-esports-alzira"],"featured_image_src":{"landsacpe":["https:\/\/esportsmunicipalsalzira.com\/wp-content\/uploads\/2023\/02\/331878969_228841642898998_9048219748296404873_n.jpg",320,180,false],"list":["https:\/\/esportsmunicipalsalzira.com\/wp-content\/uploads\/2023\/02\/331878969_228841642898998_9048219748296404873_n.jpg",320,180,false],"medium":["https:\/\/esportsmunicipalsalzira.com\/wp-content\/uploads\/2023\/02\/331878969_228841642898998_9048219748296404873_n-300x169.jpg",300,169,true],"full":["https:\/\/esportsmunicipalsalzira.com\/wp-content\/uploads\/2023\/02\/331878969_228841642898998_9048219748296404873_n.jpg",320,180,false]},"_links":{"self":[{"href":"https:\/\/esportsmunicipalsalzira.com\/es\/wp-json\/wp\/v2\/posts\/4800","targetHints":{"allow":["GET"]}}],"collection":[{"href":"https:\/\/esportsmunicipalsalzira.com\/es\/wp-json\/wp\/v2\/posts"}],"about":[{"href":"https:\/\/esportsmunicipalsalzira.com\/es\/wp-json\/wp\/v2\/types\/post"}],"author":[{"embeddable":true,"href":"https:\/\/esportsmunicipalsalzira.com\/es\/wp-json\/wp\/v2\/users\/2"}],"replies":[{"embeddable":true,"href":"https:\/\/esportsmunicipalsalzira.com\/es\/wp-json\/wp\/v2\/comments?post=4800"}],"version-history":[{"count":0,"href":"https:\/\/esportsmunicipalsalzira.com\/es\/wp-json\/wp\/v2\/posts\/4800\/revisions"}],"wp:featuredmedia":[{"embeddable":true,"href":"https:\/\/esportsmunicipalsalzira.com\/es\/wp-json\/wp\/v2\/media\/4801"}],"wp:attachment":[{"href":"https:\/\/esportsmunicipalsalzira.com\/es\/wp-json\/wp\/v2\/media?parent=4800"}],"wp:term":[{"taxonomy":"category","embeddable":true,"href":"https:\/\/esportsmunicipalsalzira.com\/es\/wp-json\/wp\/v2\/categories?post=4800"},{"taxonomy":"post_tag","embeddable":true,"href":"https:\/\/esportsmunicipalsalzira.com\/es\/wp-json\/wp\/v2\/tags?post=4800"}],"curies":[{"name":"wp","href":"https:\/\/api.w.org\/{rel}","templated":true}]}}