{"id":4810,"date":"2023-02-22T11:02:33","date_gmt":"2023-02-22T10:02:33","guid":{"rendered":"https:\/\/esportsmunicipalsalzira.com\/resultados-trofeo-pascual-romanel-pasado-fin-de-semana-24-de-nuestros-nadadores-desde-categoria-infantil-a-absoluto-p\/"},"modified":"2023-02-22T11:02:33","modified_gmt":"2023-02-22T10:02:33","slug":"resultados-trofeo-pascual-romanel-pasado-fin-de-semana-24-de-nuestros-nadadores-desde-categoria-infantil-a-absoluto-p","status":"publish","type":"post","link":"https:\/\/esportsmunicipalsalzira.com\/es\/resultados-trofeo-pascual-romanel-pasado-fin-de-semana-24-de-nuestros-nadadores-desde-categoria-infantil-a-absoluto-p\/","title":{"rendered":"Resultados Trofeo Pascual Rom\u00e1n El pasado fin de semana 24 de nuestros nadadores desde categor\u00eda infantil a absoluto p"},"content":{"rendered":"<p><br \/>\n\ud83d\udce3 Resultados Trofeo Pascual Rom\u00e1n<\/p>\n<p>El pasado fin de semana 24 de nuestros nadadores desde categor\u00eda infantil a absoluto pudieron disfrutar del Trofeo de Pascual Rom\u00e1n en Elche.<br \/>\nDe las primeras competiciones del a\u00f1o ya en piscina de 50 metros, pero eso no supuso ning\u00fan problema para nuestros nadadores \ud83d\udcaa\ud83c\udffc Los resultados hablan por s\u00ed solos \ud83e\udd29\ud83d\udc4f\ud83c\udffc<br \/>\n\u00a1Enhorabuena chicxs! Toca seguir aprendiendo y trabajando para las pr\u00f3ximas competiciones \ud83d\ude80\ud83d\udc9b<\/p>\n<p>Destacar a los 9 nadadores que consiguieron pasar a las finales del Trofeo en un total de 16 pruebas \ud83d\udcaa\ud83c\udffc<br \/>\nSe obtuvieron un total de 15 medallas (2 \ud83e\udd47, 10 \ud83e\udd48, 3 \ud83e\udd49), os dejamos a continuaci\u00f3n sus resultados finales:<\/p>\n<p>\u27a1\ufe0f Julia Cardona (2006): paso a la final en las pruebas de:<br \/>\n\u2013 200 papallona \u2796\ud83e\udd47<br \/>\n\u2013 100 espalda \u2796 6\u00ba<br \/>\n\u2013 100 papallona \u2796 7\u00ba<br \/>\n\u27a1\ufe0f Josep Fayos (2005): paso a la final en las pruebas de:<br \/>\n\u2013 50 libro \u2796\ud83e\udd49<br \/>\n\u2013 50 mariposa \u2796\ud83e\udd49<br \/>\n\u2013 200 estilos \u2796 5\u00ba<br \/>\n\ud83e\udd73M\u00ednima nacional de invierno en 50 mariposa con un tiempo de 26.52<br \/>\n\u27a1\ufe0f \u00c0ngels Cardona (2009): paso a la final en las pruebas de:<br \/>\n\u2013 100 libro \u2796\ud83e\udd48<br \/>\n\u2013 50 libro \u2796\ud83e\udd49<br \/>\n\ud83e\udd73 M\u00ednima nacional invierno infantil en 50 mariposa con un tiempo de 31.40<br \/>\n\u27a1\ufe0f \u00c1gata Ll\u00e1cer (2007): paso a la final en las pruebas de:<br \/>\n\u2013 50 papallona \u2796 \ud83e\udd48<br \/>\n\u2013 200 papallona \u2796 7\u00ba<br \/>\n\u27a1\ufe0f Pau Brines (2006) pas\u00f3 a la final en la prueba de:<br \/>\n\u2013 200 espalda \u2796\ud83e\udd47<br \/>\n\u27a1\ufe0f Sohaib Belamri (2007): paso a la final en las pruebas de:<br \/>\n\u2013 100 espalda \u2796 5\u00ba<br \/>\n\u2013 50 mariposa \u2796 7\u00ba<br \/>\n\ud83e\udd73 M\u00ednima nacional invierno infantil en 100 espalda con un tiempo de 1:02.6<br \/>\n\u27a1\ufe0f Carla Navarro (2008): paso a la final en la prueba de<br \/>\n\u2013 50 libro \u2796 6\u00ba<br \/>\n\ud83e\udd73 M\u00ednima auton\u00f3mica en 50 mariposa con un tiempo de 32.63<br \/>\n\u27a1\ufe0f Carlos Cuesta (1999): paso a la final en la prueba de:<br \/>\n\u2013 200 estilos \u2796 7\u00ba<br \/>\n\u27a1\ufe0f Noor Segarra (2008): paso a la final en la prueba de:<br \/>\n\u2013 200 braza \u2796 8\u00ba<\/p>\n<p>\ud83e\udd48Relevo 4\u00d7100 estilos compuesto por Pablo Brines, Jos\u00e9 Fayos, Carlos Cuesta y Sohaib Belamri<br \/>\n\ud83e\udd48 Relevo 4\u00d7100 libre compuesto por Carla Navarro, Julia Cardona, \u00c1gata Ll\u00e1cer y \u00c1ngeles Cardona<\/p>\n<p>Adem\u00e1s, Adriano Bachero (2008), alcanz\u00f3 la m\u00ednima auton\u00f3mica infantil en 100 braza con un tiempo de 1:23.99 \ud83e\udd73<\/p>\n<p>De verdad que nos dejes sin palabras, \u00a1a miedo la siguiente! \ud83d\udcaa\ud83c\udffc\ud83d\udc9b<\/p>\n<p>Federaci\u00f3n de Nataci\u00f3n Comunidad Valenciana<br \/>\nServicio Municipal de Deportes Alzira<\/p>\n<p><a href=\"https:\/\/scontent-mad2-1.xx.fbcdn.net\/v\/t39.30808-6\/331434323_725656165814345_5296129953780023513_n.jpg?_nc_cat=108&#038;ccb=1-7&#038;_nc_sid=8bfeb9&#038;_nc_ohc=seUa4uFrJGkAX84rvIr&#038;_nc_ht=scontent-mad2-1.xx&#038;oh=00_AfDe3V2eYdFwfOh_btfE_eTFln8GibPLOF3U9evCx1sfbg&#038;oe=63FC590B\"><img decoding=\"async\" class=\"wp_automatic_fb_img\" title=\"\" src=\"https:\/\/scontent-mad2-1.xx.fbcdn.net\/v\/t39.30808-6\/331434323_725656165814345_5296129953780023513_n.jpg?_nc_cat=108&#038;ccb=1-7&#038;_nc_sid=8bfeb9&#038;_nc_ohc=seUa4uFrJGkAX84rvIr&#038;_nc_ht=scontent-mad2-1.xx&#038;oh=00_AfDe3V2eYdFwfOh_btfE_eTFln8GibPLOF3U9evCx1sfbg&#038;oe=63FC590B\" \/><\/a><br \/><a href=\"https:\/\/scontent-mad2-1.xx.fbcdn.net\/v\/t39.30808-6\/331544856_715315556759140_1696942983325639636_n.jpg?_nc_cat=107&#038;ccb=1-7&#038;_nc_sid=8bfeb9&#038;_nc_ohc=1pNReghwCwkAX9wIZGS&#038;_nc_ht=scontent-mad2-1.xx&#038;oh=00_AfB7G_hBZoSnQIVpm_WeyyhU-QNtzOcomG11A6TP36mUfQ&#038;oe=63FB5CB0\"><img decoding=\"async\" class=\"wp_automatic_fb_img\" title=\"\" src=\"https:\/\/scontent-mad2-1.xx.fbcdn.net\/v\/t39.30808-6\/331544856_715315556759140_1696942983325639636_n.jpg?_nc_cat=107&#038;ccb=1-7&#038;_nc_sid=8bfeb9&#038;_nc_ohc=1pNReghwCwkAX9wIZGS&#038;_nc_ht=scontent-mad2-1.xx&#038;oh=00_AfB7G_hBZoSnQIVpm_WeyyhU-QNtzOcomG11A6TP36mUfQ&#038;oe=63FB5CB0\" \/><\/a><br \/><a href=\"https:\/\/scontent-mad2-1.xx.fbcdn.net\/v\/t39.30808-6\/331636216_726341159075078_2601357370629717624_n.jpg?_nc_cat=110&#038;ccb=1-7&#038;_nc_sid=8bfeb9&#038;_nc_ohc=Gir_yNzTSVoAX9fHtsw&#038;_nc_ht=scontent-mad2-1.xx&#038;oh=00_AfDfzREgodXzva6oDHBkIEQWFpxyVWWqSmU5Vv4ijwkRrg&#038;oe=63FB673D\"><img decoding=\"async\" class=\"wp_automatic_fb_img\" title=\"\" src=\"https:\/\/scontent-mad2-1.xx.fbcdn.net\/v\/t39.30808-6\/331636216_726341159075078_2601357370629717624_n.jpg?_nc_cat=110&#038;ccb=1-7&#038;_nc_sid=8bfeb9&#038;_nc_ohc=Gir_yNzTSVoAX9fHtsw&#038;_nc_ht=scontent-mad2-1.xx&#038;oh=00_AfDfzREgodXzva6oDHBkIEQWFpxyVWWqSmU5Vv4ijwkRrg&#038;oe=63FB673D\" \/><\/a><br \/><a href=\"https:\/\/scontent-mad2-1.xx.fbcdn.net\/v\/t39.30808-6\/331985208_542457584644852_1632309444930054134_n.jpg?_nc_cat=100&#038;ccb=1-7&#038;_nc_sid=8bfeb9&#038;_nc_ohc=cLBgFeDhbSAAX9vrlqy&#038;_nc_ht=scontent-mad2-1.xx&#038;oh=00_AfCFPPTUqKDASuQSuJAuIZQ7wifzm3CD4oIEPqf5er7YQA&#038;oe=63FAEC78\"><img decoding=\"async\" class=\"wp_automatic_fb_img\" title=\"\" src=\"https:\/\/scontent-mad2-1.xx.fbcdn.net\/v\/t39.30808-6\/331985208_542457584644852_1632309444930054134_n.jpg?_nc_cat=100&#038;ccb=1-7&#038;_nc_sid=8bfeb9&#038;_nc_ohc=cLBgFeDhbSAAX9vrlqy&#038;_nc_ht=scontent-mad2-1.xx&#038;oh=00_AfCFPPTUqKDASuQSuJAuIZQ7wifzm3CD4oIEPqf5er7YQA&#038;oe=63FAEC78\" \/><\/a><br \/><a href=\"https:\/\/scontent-mad2-1.xx.fbcdn.net\/v\/t39.30808-6\/331544903_939762550799726_755094477866124067_n.jpg?_nc_cat=105&#038;ccb=1-7&#038;_nc_sid=8bfeb9&#038;_nc_ohc=51qJoHqjFS4AX9FOQCB&#038;_nc_ht=scontent-mad2-1.xx&#038;oh=00_AfDMrUHaDWhCEA22y_4nqgi2EnkmEg2EouJyWlDHqDx6tA&#038;oe=63FC5A3C\"><img decoding=\"async\" class=\"wp_automatic_fb_img\" title=\"\" src=\"https:\/\/scontent-mad2-1.xx.fbcdn.net\/v\/t39.30808-6\/331544903_939762550799726_755094477866124067_n.jpg?_nc_cat=105&#038;ccb=1-7&#038;_nc_sid=8bfeb9&#038;_nc_ohc=51qJoHqjFS4AX9FOQCB&#038;_nc_ht=scontent-mad2-1.xx&#038;oh=00_AfDMrUHaDWhCEA22y_4nqgi2EnkmEg2EouJyWlDHqDx6tA&#038;oe=63FC5A3C\" \/><\/a><br \/>\n<br \/>\n<br \/><a href=\"https:\/\/www.facebook.com\/100063537194811\/posts\/668768628584371\">source<\/a>  <\/p>","protected":false},"excerpt":{"rendered":"<p>\ud83d\udce3 Resultados Trofeo Pascual Rom\u00e1n El pasado fin de semana 24 de nuestros nadadores desde categor\u00eda infantil a absoluto pudieron disfrutar del Trofeo de Pascual Rom\u00e1n en Elche. De las primeras competiciones del a\u00f1o ya en piscina de 50 metros, pero eso no supuso ning\u00fan problema para nuestros nadadores \ud83d\udcaa\ud83c\udffc Los resultados hablan por s\u00ed [&hellip;]<\/p>\n","protected":false},"author":2,"featured_media":4811,"comment_status":"open","ping_status":"open","sticky":false,"template":"","format":"standard","meta":{"footnotes":""},"categories":[1],"tags":[],"class_list":["post-4810","post","type-post","status-publish","format-standard","has-post-thumbnail","hentry","category-esports-alzira"],"featured_image_src":{"landsacpe":["https:\/\/esportsmunicipalsalzira.com\/wp-content\/uploads\/2023\/02\/331434323_725656165814345_5296129953780023513_n-1140x445.jpg",1140,445,true],"list":["https:\/\/esportsmunicipalsalzira.com\/wp-content\/uploads\/2023\/02\/331434323_725656165814345_5296129953780023513_n-463x348.jpg",463,348,true],"medium":["https:\/\/esportsmunicipalsalzira.com\/wp-content\/uploads\/2023\/02\/331434323_725656165814345_5296129953780023513_n-300x169.jpg",300,169,true],"full":["https:\/\/esportsmunicipalsalzira.com\/wp-content\/uploads\/2023\/02\/331434323_725656165814345_5296129953780023513_n.jpg",1600,900,false]},"_links":{"self":[{"href":"https:\/\/esportsmunicipalsalzira.com\/es\/wp-json\/wp\/v2\/posts\/4810","targetHints":{"allow":["GET"]}}],"collection":[{"href":"https:\/\/esportsmunicipalsalzira.com\/es\/wp-json\/wp\/v2\/posts"}],"about":[{"href":"https:\/\/esportsmunicipalsalzira.com\/es\/wp-json\/wp\/v2\/types\/post"}],"author":[{"embeddable":true,"href":"https:\/\/esportsmunicipalsalzira.com\/es\/wp-json\/wp\/v2\/users\/2"}],"replies":[{"embeddable":true,"href":"https:\/\/esportsmunicipalsalzira.com\/es\/wp-json\/wp\/v2\/comments?post=4810"}],"version-history":[{"count":0,"href":"https:\/\/esportsmunicipalsalzira.com\/es\/wp-json\/wp\/v2\/posts\/4810\/revisions"}],"wp:featuredmedia":[{"embeddable":true,"href":"https:\/\/esportsmunicipalsalzira.com\/es\/wp-json\/wp\/v2\/media\/4811"}],"wp:attachment":[{"href":"https:\/\/esportsmunicipalsalzira.com\/es\/wp-json\/wp\/v2\/media?parent=4810"}],"wp:term":[{"taxonomy":"category","embeddable":true,"href":"https:\/\/esportsmunicipalsalzira.com\/es\/wp-json\/wp\/v2\/categories?post=4810"},{"taxonomy":"post_tag","embeddable":true,"href":"https:\/\/esportsmunicipalsalzira.com\/es\/wp-json\/wp\/v2\/tags?post=4810"}],"curies":[{"name":"wp","href":"https:\/\/api.w.org\/{rel}","templated":true}]}}