{"id":4838,"date":"2023-02-25T08:06:31","date_gmt":"2023-02-25T07:06:31","guid":{"rendered":"https:\/\/esportsmunicipalsalzira.com\/raspall-elit-femenina-%c2%b7-el-trinquet-d-alzira-decidira-aquest-dissabte-les-campiones-de-la-ii-copa-president-de-la-di-2\/"},"modified":"2023-02-25T08:06:31","modified_gmt":"2023-02-25T07:06:31","slug":"raspall-elit-femenina-%c2%b7-el-trinquet-d-alzira-decidira-aquest-dissabte-les-campiones-de-la-ii-copa-president-de-la-di-2","status":"publish","type":"post","link":"https:\/\/esportsmunicipalsalzira.com\/es\/raspall-elit-femenina-%c2%b7-el-trinquet-d-alzira-decidira-aquest-dissabte-les-campiones-de-la-ii-copa-president-de-la-di-2\/","title":{"rendered":"CEPILLO \u2013 \u00c9LITE FEMENINA \u00b7 El trinquete de #Alzira decidir\u00e1 este s\u00e1bado las campeonas de la II Copa Presidente de la Di"},"content":{"rendered":"<p><br \/>\n<img decoding=\"async\"  title=\"\" src=\"https:\/\/scontent-mad2-1.xx.fbcdn.net\/v\/t15.5256-10\/327005757_164948726316143_7428765311593862593_n.jpg?stp=cp0_dst-jpg_e15_q65_s320x320&#038;_nc_cat=105&#038;ccb=1-7&#038;_nc_sid=ccf8b3&#038;efg=eyJpIjoidCJ9&#038;_nc_ohc=I1XR83_zWwwAX_OKYY_&#038;_nc_ht=scontent-mad2-1.xx&#038;oh=00_AfBIGvzIbSDjvP6RidgWoK5tqPgjXyYmWj2TmNQaWD_ehg&#038;oe=63FFD330\" \/><\/a><\/p>\n<p><div><span><\/p>\n<p>RASPALL &#8211; ELIT FEMENINA \u00b7 El trinquet d&#8217; <a class=\"_5ayv _qdx\" href=\"https:\/\/facebook.com\/hashtag\/alzira?_ft_=encrypted_tracking_data.0AY_JrJWFKuTE_Yh1e5xLqnoQxN6-ZyEx9tY3k-036w7IHXmkwVRbWbtP0KemOgju9dvURRDSMs2Q8CcWrzRw7HjjLrRCrhhQyHMCTtumAJXNihQ4HLHLvrjsz9Gfh3Slm3gAD4iGc4LEFjvJU0ukf1K6vDkdV6eiV6iQ_1KeUAJrcCTW5dxjIP_Se_M_8jJKRfZwO-EMzp8aj90Zkgavv-xjKzbCFpLrMmJ8Oc5Rx-biIMPGfgMc5rBIBCD4qUTmhiNK8yIvE0suR-PrttTUg9cEvY5JXJgRwfpbJWF9mf3La4e8qFTicu3Kc4zCKA7n-3QgYS33DKZ3qhNX4kq559yXLCx4zOe_u5WyrV9RUHSCH-XEqKShToEbPb0cHMjq1dv9oj3vMXTCCqWu5z_u2wn-dYSFk0Cx7TPo7ICRuCmOkKyHxW2EEXk5r1BesQa33UwVMbbOogXRapSa9StsK4hPmVajRL-7mxz4SJ-iAlb9fHStY0jtF7hI5eyEOvhC3YPdYeH--jnE9AvHLvyDYj1bknRKSjL2oLlzUehxj_B60cYaN57VIWPzFTORljBCwEutf-P18IjEEMUU6nRVLcdY1xmpguZUW_lb-l0rrwQFy2HIzsHtO1DKxPYwfUI2RqDjjBGvZPuAqdAAW9RBRbzXAASc4G23Uc4GY4pgoItvgPs4icPF_tuAFFJyvwIUeqr_fmkYyEfWSwkQt8gniwdc-c8mo5XmXkr8NorZw-ahlL2qzbqdcIRUJUs93-raLjbiOIKfG1SM-CAIyS3IUNriE4JQ1tIBYdr-vqVQn_yMbOBqT_fz1Drbyxc6v3-HzhgyyurrLph3N8e185vm4qZhFpxBgtoDnIhYyqhuP6W6_nas_ywyc070L3JVbdglF1hQuTpnflqW_QCE9tJS4Aqx8adxqifIWh7bpOE8MF8rdhYYNqOcMUWrOONZc-_VJfNf7dIgcn59OaIOlrUv9mp2v5NyvMkyRgLvVbUoflUY3zXFITRnpBJ1WkvXP0XmjMgMasOAm60dEcdn5hHV9f1mlrWDHiy6A4TC73sp_Nbfv5XztqmGzlgH3MXjGl717J_G8q4Shfw6NodjZMkGbTobEqE1XCQJ4uWA90ScB0pzRrVk8a73p8Hout9kOrQuZoCpVCNDtSdpeH3Mj7vGkM-1yJsHF8MJ7IF7ejzlZACHn9dPXk1cwbC7ohw7VZSmoLN-14njy9pkAKnOw9zJJORJc-TUNEnrJLH8179pGtcAzE5JfNBnbMTKawZfl8OQ1F3wH5_MBzseiCNT919iCM4XlJjTsiz4MRYTkvDUIIp2GynGf_iMejiltTI593c3nRR1LjsvDRTx_2C2IDYWMli1lSfAjrgwz7BpEtsenAcrFhQfXuKYo7oWly88BrYurvQuHywk-b2nySa6UGnx6rSpYprWA1TOyJD374M___OxZ2sXLJM1dXSQ817bQ_ORJ9_zUmbGICGvjg&amp;__tn__=%2As-R&amp;paipv=0&amp;eav=AfY-E-OZw2pJF9vzSFPuiyDWGQ54R7NNi2X7OquZOcOEglXNadKL2ujuo1n3qB-Bh3A\"><span class=\"_5aw4 _qdz\">#Alzira<\/span><\/a> decidir\u00e0 aquest dissabte les campiones de la II Copa President de la Diputaci\u00f3 de Val\u00e8ncia amb les c\u00e0meres d&#8217; \u00c0 Punt en directe.<\/p>\n<p><\/span><\/div>\n<p><a href=\"https:\/\/facebook.com\/story.php?story_fbid=pfbid0yhRX95MqGX5LDBcPy9MvEGbJpCZVez3cQv7yWp6pTXNinjzytVWSqmHQDnRWozbcl&amp;id=100063537194811&amp;eav=AfY02Cl7sj-AHQgdqGr-Vo87l2skDck44cXSLsmGFLFChgeok0g8zrQtGVdlF3ox5K0&amp;m_entstream_source=timeline&amp;_ft_=encrypted_tracking_data.0AY_JrJWFKuTE_Yh1e5xLqnoQxN6-ZyEx9tY3k-036w7IHXmkwVRbWbtP0KemOgju9dvURRDSMs2Q8CcWrzRw7HjjLrRCrhhQyHMCTtumAJXNihQ4HLHLvrjsz9Gfh3Slm3gAD4iGc4LEFjvJU0ukf1K6vDkdV6eiV6iQ_1KeUAJrcCTW5dxjIP_Se_M_8jJKRfZwO-EMzp8aj90Zkgavv-xjKzbCFpLrMmJ8Oc5Rx-biIMPGfgMc5rBIBCD4qUTmhiNK8yIvE0suR-PrttTUg9cEvY5JXJgRwfpbJWF9mf3La4e8qFTicu3Kc4zCKA7n-3QgYS33DKZ3qhNX4kq559yXLCx4zOe_u5WyrV9RUHSCH-XEqKShToEbPb0cHMjq1dv9oj3vMXTCCqWu5z_u2wn-dYSFk0Cx7TPo7ICRuCmOkKyHxW2EEXk5r1BesQa33UwVMbbOogXRapSa9StsK4hPmVajRL-7mxz4SJ-iAlb9fHStY0jtF7hI5eyEOvhC3YPdYeH--jnE9AvHLvyDYj1bknRKSjL2oLlzUehxj_B60cYaN57VIWPzFTORljBCwEutf-P18IjEEMUU6nRVLcdY1xmpguZUW_lb-l0rrwQFy2HIzsHtO1DKxPYwfUI2RqDjjBGvZPuAqdAAW9RBRbzXAASc4G23Uc4GY4pgoItvgPs4icPF_tuAFFJyvwIUeqr_fmkYyEfWSwkQt8gniwdc-c8mo5XmXkr8NorZw-ahlL2qzbqdcIRUJUs93-raLjbiOIKfG1SM-CAIyS3IUNriE4JQ1tIBYdr-vqVQn_yMbOBqT_fz1Drbyxc6v3-HzhgyyurrLph3N8e185vm4qZhFpxBgtoDnIhYyqhuP6W6_nas_ywyc070L3JVbdglF1hQuTpnflqW_QCE9tJS4Aqx8adxqifIWh7bpOE8MF8rdhYYNqOcMUWrOONZc-_VJfNf7dIgcn59OaIOlrUv9mp2v5NyvMkyRgLvVbUoflUY3zXFITRnpBJ1WkvXP0XmjMgMasOAm60dEcdn5hHV9f1mlrWDHiy6A4TC73sp_Nbfv5XztqmGzlgH3MXjGl717J_G8q4Shfw6NodjZMkGbTobEqE1XCQJ4uWA90ScB0pzRrVk8a73p8Hout9kOrQuZoCpVCNDtSdpeH3Mj7vGkM-1yJsHF8MJ7IF7ejzlZACHn9dPXk1cwbC7ohw7VZSmoLN-14njy9pkAKnOw9zJJORJc-TUNEnrJLH8179pGtcAzE5JfNBnbMTKawZfl8OQ1F3wH5_MBzseiCNT919iCM4XlJjTsiz4MRYTkvDUIIp2GynGf_iMejiltTI593c3nRR1LjsvDRTx_2C2IDYWMli1lSfAjrgwz7BpEtsenAcrFhQfXuKYo7oWly88BrYurvQuHywk-b2nySa6UGnx6rSpYprWA1TOyJD374M___OxZ2sXLJM1dXSQ817bQ_ORJ9_zUmbGICGvjg&amp;__tn__=%2As%2As-R&amp;paipv=0\" aria-label=\"Abrir historia\" class=\"_5msj\"><\/a>\n<\/p>\n<div id=\"fb-root\"><\/div><script>window.fbAsyncInit = function() {FB.init({appId      : '',xfbml      : true,version    : 'v2.5'});var my_video_player;FB.Event.subscribe('xfbml.ready', function(msg) {if (msg.type === 'video') {my_video_player = msg.instance; my_video_player.unmute();}});};(function(d, s, id) {  var js, fjs = d.getElementsByTagName(s)[0];  if (d.getElementById(id)) return;  js = d.createElement(s); js.id = id;  js.src = \"\/\/connect.facebook.net\/en_US\/sdk.js#xfbml=1&version=v2.3\";  fjs.parentNode.insertBefore(js, fjs);}(document, 'script', 'facebook-jssdk'));  <\/script><div class=\"fb-video\"    data-autoplay=\"false\" data-width=\"500\" data-allowfullscreen=\"true\" data-href=\"https:\/\/www.facebook.com\/video.php?v=144819571790958&set=vb.500808182&type=1\"><div class=\"fb-xfbml-parse-ignore\"><\/div><\/div>\n\n\n\t\n\n<br \/>\n<br \/>\n<br \/><a href=\"https:\/\/www.facebook.com\/100063537194811\/posts\/670904965037404\">Source<\/a>  <\/p>\n","protected":false},"excerpt":{"rendered":"<p>CEPILLO \u2013 \u00c9LITE FEMENINA \u00b7 El trinquete de #Alzira decidir\u00e1 este s\u00e1bado las campeonas de la II Copa Presidente de la Diputaci\u00f3n de Valencia con las c\u00e1maras de \u00c0 Punt en directo. Source<\/p>","protected":false},"author":2,"featured_media":4839,"comment_status":"open","ping_status":"open","sticky":false,"template":"","format":"standard","meta":{"footnotes":""},"categories":[1],"tags":[],"class_list":["post-4838","post","type-post","status-publish","format-standard","has-post-thumbnail","hentry","category-esports-alzira"],"featured_image_src":{"landsacpe":["https:\/\/esportsmunicipalsalzira.com\/wp-content\/uploads\/2023\/02\/327005757_164948726316143_7428765311593862593_n.jpg",320,180,false],"list":["https:\/\/esportsmunicipalsalzira.com\/wp-content\/uploads\/2023\/02\/327005757_164948726316143_7428765311593862593_n.jpg",320,180,false],"medium":["https:\/\/esportsmunicipalsalzira.com\/wp-content\/uploads\/2023\/02\/327005757_164948726316143_7428765311593862593_n-300x169.jpg",300,169,true],"full":["https:\/\/esportsmunicipalsalzira.com\/wp-content\/uploads\/2023\/02\/327005757_164948726316143_7428765311593862593_n.jpg",320,180,false]},"_links":{"self":[{"href":"https:\/\/esportsmunicipalsalzira.com\/es\/wp-json\/wp\/v2\/posts\/4838","targetHints":{"allow":["GET"]}}],"collection":[{"href":"https:\/\/esportsmunicipalsalzira.com\/es\/wp-json\/wp\/v2\/posts"}],"about":[{"href":"https:\/\/esportsmunicipalsalzira.com\/es\/wp-json\/wp\/v2\/types\/post"}],"author":[{"embeddable":true,"href":"https:\/\/esportsmunicipalsalzira.com\/es\/wp-json\/wp\/v2\/users\/2"}],"replies":[{"embeddable":true,"href":"https:\/\/esportsmunicipalsalzira.com\/es\/wp-json\/wp\/v2\/comments?post=4838"}],"version-history":[{"count":0,"href":"https:\/\/esportsmunicipalsalzira.com\/es\/wp-json\/wp\/v2\/posts\/4838\/revisions"}],"wp:featuredmedia":[{"embeddable":true,"href":"https:\/\/esportsmunicipalsalzira.com\/es\/wp-json\/wp\/v2\/media\/4839"}],"wp:attachment":[{"href":"https:\/\/esportsmunicipalsalzira.com\/es\/wp-json\/wp\/v2\/media?parent=4838"}],"wp:term":[{"taxonomy":"category","embeddable":true,"href":"https:\/\/esportsmunicipalsalzira.com\/es\/wp-json\/wp\/v2\/categories?post=4838"},{"taxonomy":"post_tag","embeddable":true,"href":"https:\/\/esportsmunicipalsalzira.com\/es\/wp-json\/wp\/v2\/tags?post=4838"}],"curies":[{"name":"wp","href":"https:\/\/api.w.org\/{rel}","templated":true}]}}