{"id":4862,"date":"2023-03-01T08:51:38","date_gmt":"2023-03-01T07:51:38","guid":{"rendered":"https:\/\/esportsmunicipalsalzira.com\/ja-has-vist-el-video-del-x-mundial-de-pilotacom-diu-la-canco-de-la-fumiga-alex-blat-i-esther-juguem-amb-el-mon-la-pi\/"},"modified":"2023-03-01T08:51:38","modified_gmt":"2023-03-01T07:51:38","slug":"ja-has-vist-el-video-del-x-mundial-de-pilotacom-diu-la-canco-de-la-fumiga-alex-blat-i-esther-juguem-amb-el-mon-la-pi","status":"publish","type":"post","link":"https:\/\/esportsmunicipalsalzira.com\/es\/ja-has-vist-el-video-del-x-mundial-de-pilotacom-diu-la-canco-de-la-fumiga-alex-blat-i-esther-juguem-amb-el-mon-la-pi\/","title":{"rendered":"\u00bfYa has visto el v\u00eddeo del X Mundial de pelota? Como dice la canci\u00f3n de La F\u00famiga \u00c0lex Blat y Esther, \u00a1Jugamos con el mundo! El pino"},"content":{"rendered":"<p><br \/>\n<img decoding=\"async\"  title=\"\" src=\"https:\/\/scontent-mad2-1.xx.fbcdn.net\/v\/t15.5256-10\/327340443_912795129966752_5156999578119408502_n.jpg?stp=dst-jpg_p180x540&#038;_nc_cat=100&#038;ccb=1-7&#038;_nc_sid=ad6a45&#038;_nc_ohc=Ws6DRoLzIK0AX_-Z-9g&#038;_nc_ht=scontent-mad2-1.xx&#038;oh=00_AfBtRGuZ0PkwIv28uizvgDmcWZrzo8qi_3IESilZ1QUdAA&#038;oe=64046316\" \/><\/a><br \/>Ja has vist el v\u00eddeo del X Mundial de pilota?\ud83d\udc47\ud83d\udc47\ud83d\udc47<br \/>\nCom diu la can\u00e7\u00f2 de La F\u00famiga \u00c0lex Blat i Esther, Juguem amb el m\u00f3n! La pilota, molt m\u00e9s que un esport! \u2764\ufe0f<\/p>\n<p>19 seleccions, m\u00e9s de 200 esportistes i 4 modalitats en categoria masculina i femenina: Joc Internacional, One Wall, Front\u00f3 Valenci\u00e0 i Llargues. \ud83d\udd1d<\/p>\n<p>Vos esperem a tots del 27 de mar\u00e7 a l\u20191 d&#8217;abril a Alzira! \ud83d\ude09<\/p>\n<p>CIJB GVA Cultura i Esport Fundaci\u00f3 de Pilota Valenciana Mundial de Pilota Federaci\u00f3 de Pilota Valenciana<br \/><div id=\"fb-root\"><\/div><script>window.fbAsyncInit = function() {FB.init({appId      : '',xfbml      : true,version    : 'v2.5'});var my_video_player;FB.Event.subscribe('xfbml.ready', function(msg) {if (msg.type === 'video') {my_video_player = msg.instance; my_video_player.unmute();}});};(function(d, s, id) {  var js, fjs = d.getElementsByTagName(s)[0];  if (d.getElementById(id)) return;  js = d.createElement(s); js.id = id;  js.src = \"\/\/connect.facebook.net\/en_US\/sdk.js#xfbml=1&version=v2.3\";  fjs.parentNode.insertBefore(js, fjs);}(document, 'script', 'facebook-jssdk'));  <\/script><div class=\"fb-video\"    data-autoplay=\"false\" data-width=\"500\" data-allowfullscreen=\"true\" data-href=\"https:\/\/www.facebook.com\/video.php?v=770192614784965&set=vb.500808182&type=1\"><div class=\"fb-xfbml-parse-ignore\"><\/div><\/div>\n\n\n\t\n\n<br \/>\n<br \/>\n<br \/><a href=\"https:\/\/www.facebook.com\/100063537194811\/posts\/673993884728512\">Source<\/a>  <\/p>\n","protected":false},"excerpt":{"rendered":"<p>Ja has vist el v\u00eddeo del X Mundial de pilota?\ud83d\udc47\ud83d\udc47\ud83d\udc47 Com diu la can\u00e7\u00f2 de La F\u00famiga \u00c0lex Blat i Esther, Juguem amb el m\u00f3n! La pilota, molt m\u00e9s que un esport! \u2764\ufe0f 19 seleccions, m\u00e9s de 200 esportistes i 4 modalitats en categoria masculina i femenina: Joc Internacional, One Wall, Front\u00f3 Valenci\u00e0 i Llargues. [&hellip;]<\/p>\n","protected":false},"author":2,"featured_media":4863,"comment_status":"open","ping_status":"open","sticky":false,"template":"","format":"standard","meta":{"footnotes":""},"categories":[1],"tags":[],"class_list":["post-4862","post","type-post","status-publish","format-standard","has-post-thumbnail","hentry","category-esports-alzira"],"featured_image_src":{"landsacpe":["https:\/\/esportsmunicipalsalzira.com\/wp-content\/uploads\/2023\/03\/327340443_912795129966752_5156999578119408502_n-960x445.jpg",960,445,true],"list":["https:\/\/esportsmunicipalsalzira.com\/wp-content\/uploads\/2023\/03\/327340443_912795129966752_5156999578119408502_n-463x348.jpg",463,348,true],"medium":["https:\/\/esportsmunicipalsalzira.com\/wp-content\/uploads\/2023\/03\/327340443_912795129966752_5156999578119408502_n-300x169.jpg",300,169,true],"full":["https:\/\/esportsmunicipalsalzira.com\/wp-content\/uploads\/2023\/03\/327340443_912795129966752_5156999578119408502_n.jpg",960,540,false]},"_links":{"self":[{"href":"https:\/\/esportsmunicipalsalzira.com\/es\/wp-json\/wp\/v2\/posts\/4862","targetHints":{"allow":["GET"]}}],"collection":[{"href":"https:\/\/esportsmunicipalsalzira.com\/es\/wp-json\/wp\/v2\/posts"}],"about":[{"href":"https:\/\/esportsmunicipalsalzira.com\/es\/wp-json\/wp\/v2\/types\/post"}],"author":[{"embeddable":true,"href":"https:\/\/esportsmunicipalsalzira.com\/es\/wp-json\/wp\/v2\/users\/2"}],"replies":[{"embeddable":true,"href":"https:\/\/esportsmunicipalsalzira.com\/es\/wp-json\/wp\/v2\/comments?post=4862"}],"version-history":[{"count":0,"href":"https:\/\/esportsmunicipalsalzira.com\/es\/wp-json\/wp\/v2\/posts\/4862\/revisions"}],"wp:featuredmedia":[{"embeddable":true,"href":"https:\/\/esportsmunicipalsalzira.com\/es\/wp-json\/wp\/v2\/media\/4863"}],"wp:attachment":[{"href":"https:\/\/esportsmunicipalsalzira.com\/es\/wp-json\/wp\/v2\/media?parent=4862"}],"wp:term":[{"taxonomy":"category","embeddable":true,"href":"https:\/\/esportsmunicipalsalzira.com\/es\/wp-json\/wp\/v2\/categories?post=4862"},{"taxonomy":"post_tag","embeddable":true,"href":"https:\/\/esportsmunicipalsalzira.com\/es\/wp-json\/wp\/v2\/tags?post=4862"}],"curies":[{"name":"wp","href":"https:\/\/api.w.org\/{rel}","templated":true}]}}