{"id":4934,"date":"2023-03-08T13:01:44","date_gmt":"2023-03-08T12:01:44","guid":{"rendered":"https:\/\/esportsmunicipalsalzira.com\/hui-en-el-diadeladona-volem-remarcar-que-lesport-no-enten-de-genere-per-aixo-animem-a-totes-les-dones-a-gaudir-de\/"},"modified":"2023-03-08T13:01:44","modified_gmt":"2023-03-08T12:01:44","slug":"hui-en-el-diadeladona-volem-remarcar-que-lesport-no-enten-de-genere-per-aixo-animem-a-totes-les-dones-a-gaudir-de","status":"publish","type":"post","link":"https:\/\/esportsmunicipalsalzira.com\/es\/hui-en-el-diadeladona-volem-remarcar-que-lesport-no-enten-de-genere-per-aixo-animem-a-totes-les-dones-a-gaudir-de\/","title":{"rendered":"Hoy, en el #DiaDeLaDona, queremos remarcar que el deporte no entiende de g\u00e9nero. Por eso, animamos a todas las mujeres a disfrutar de"},"content":{"rendered":"<p><br \/>\nHoy, en el #DiaDeLaDona, queremos remarcar que el deporte no entiende de g\u00e9nero. Por eso, animamos a todas las mujeres a disfrutar del Bal\u00f3n ya vivir su pasi\u00f3n por el deporte. \ud83d\udcaa<\/p>\n<p>Desde aqu\u00ed enviamos un fuerte abrazo a todas las deportistas que competir\u00e1n en #AlziraMundialPilota del 27 de marzo al 1 de abril. \u00a1Sois referentes! \ud83d\udc9c<br \/>\n. . .<br \/>\nHoy, en el #D\u00edaMundialDeLaMujer, queremos remarcar que el deporte no entiende de g\u00e9nero. Por eso, animamos a todas las mujeres a disfrutar del Bal\u00f3n ya vivir su pasi\u00f3n por el deporte. <\/p>\n<p>Desde aqu\u00ed mandamos un fuerte abrazo a todos los deportistas que competir\u00e1n en #AlziraMundialPilota del 27 de marzo al 1 de abril. \u00a1Sois referentes! \ud83d\udc9c<\/p>\n<p><a href=\"https:\/\/scontent-mad2-1.xx.fbcdn.net\/v\/t39.30808-6\/334277382_748020250205425_6285815207010809039_n.png?stp=dst-png_p526x296&#038;_nc_cat=101&#038;ccb=1-7&#038;_nc_sid=9267fe&#038;_nc_ohc=2jKRIIwMNKYAX-qAQ2x&#038;_nc_ht=scontent-mad2-1.xx&#038;oh=00_AfCQ9eePkWdstCoBiK55kJxHIwlYiJVSL0jYGIqtjxDp4Q&#038;oe=640D38F4\"><img decoding=\"async\" class=\"wp_automatic_fb_img\" title=\"\" src=\"https:\/\/scontent-mad2-1.xx.fbcdn.net\/v\/t39.30808-6\/334277382_748020250205425_6285815207010809039_n.png?stp=dst-png_p526x296&#038;_nc_cat=101&#038;ccb=1-7&#038;_nc_sid=9267fe&#038;_nc_ohc=2jKRIIwMNKYAX-qAQ2x&#038;_nc_ht=scontent-mad2-1.xx&#038;oh=00_AfCQ9eePkWdstCoBiK55kJxHIwlYiJVSL0jYGIqtjxDp4Q&#038;oe=640D38F4\" \/><\/a><br \/>\n<br \/>\n<br \/><a href=\"https:\/\/www.facebook.com\/100063537194811\/posts\/679325304195370\">source<\/a>  <\/p>","protected":false},"excerpt":{"rendered":"<p>Hui, en el #DiaDeLaDona, volem remarcar que l&#8217;esport no ent\u00e9n de g\u00e8nere. Per aix\u00f2, animem a totes les dones a gaudir de la Pilota i a viure la seua passi\u00f3 per l&#8217;esport. \ud83d\udcaa Des d&#8217;ac\u00ed enviem una forta abra\u00e7ada a totes les esportistes que competiran en #AlziraMundialPilota del 27 de mar\u00e7 a l&#8217;1 d&#8217;abril. Sou [&hellip;]<\/p>\n","protected":false},"author":2,"featured_media":4935,"comment_status":"open","ping_status":"open","sticky":false,"template":"","format":"standard","meta":{"footnotes":""},"categories":[1],"tags":[],"class_list":["post-4934","post","type-post","status-publish","format-standard","has-post-thumbnail","hentry","category-esports-alzira"],"featured_image_src":{"landsacpe":["https:\/\/esportsmunicipalsalzira.com\/wp-content\/uploads\/2023\/03\/334277382_748020250205425_6285815207010809039_n-526x445.png",526,445,true],"list":["https:\/\/esportsmunicipalsalzira.com\/wp-content\/uploads\/2023\/03\/334277382_748020250205425_6285815207010809039_n-463x348.png",463,348,true],"medium":["https:\/\/esportsmunicipalsalzira.com\/wp-content\/uploads\/2023\/03\/334277382_748020250205425_6285815207010809039_n-300x300.png",300,300,true],"full":["https:\/\/esportsmunicipalsalzira.com\/wp-content\/uploads\/2023\/03\/334277382_748020250205425_6285815207010809039_n.png",526,526,false]},"_links":{"self":[{"href":"https:\/\/esportsmunicipalsalzira.com\/es\/wp-json\/wp\/v2\/posts\/4934","targetHints":{"allow":["GET"]}}],"collection":[{"href":"https:\/\/esportsmunicipalsalzira.com\/es\/wp-json\/wp\/v2\/posts"}],"about":[{"href":"https:\/\/esportsmunicipalsalzira.com\/es\/wp-json\/wp\/v2\/types\/post"}],"author":[{"embeddable":true,"href":"https:\/\/esportsmunicipalsalzira.com\/es\/wp-json\/wp\/v2\/users\/2"}],"replies":[{"embeddable":true,"href":"https:\/\/esportsmunicipalsalzira.com\/es\/wp-json\/wp\/v2\/comments?post=4934"}],"version-history":[{"count":0,"href":"https:\/\/esportsmunicipalsalzira.com\/es\/wp-json\/wp\/v2\/posts\/4934\/revisions"}],"wp:featuredmedia":[{"embeddable":true,"href":"https:\/\/esportsmunicipalsalzira.com\/es\/wp-json\/wp\/v2\/media\/4935"}],"wp:attachment":[{"href":"https:\/\/esportsmunicipalsalzira.com\/es\/wp-json\/wp\/v2\/media?parent=4934"}],"wp:term":[{"taxonomy":"category","embeddable":true,"href":"https:\/\/esportsmunicipalsalzira.com\/es\/wp-json\/wp\/v2\/categories?post=4934"},{"taxonomy":"post_tag","embeddable":true,"href":"https:\/\/esportsmunicipalsalzira.com\/es\/wp-json\/wp\/v2\/tags?post=4934"}],"curies":[{"name":"wp","href":"https:\/\/api.w.org\/{rel}","templated":true}]}}