{"id":4936,"date":"2023-03-07T21:05:03","date_gmt":"2023-03-07T20:05:03","guid":{"rendered":"https:\/\/esportsmunicipalsalzira.com\/internacional-la-seleccio-de-la-comunitat-valenciana-ha-tancat-el-cicle-dentrenaments-de-preparacio-per-al-mundial-de\/"},"modified":"2023-03-07T21:05:03","modified_gmt":"2023-03-07T20:05:03","slug":"internacional-la-seleccio-de-la-comunitat-valenciana-ha-tancat-el-cicle-dentrenaments-de-preparacio-per-al-mundial-de","status":"publish","type":"post","link":"https:\/\/esportsmunicipalsalzira.com\/es\/internacional-la-seleccio-de-la-comunitat-valenciana-ha-tancat-el-cicle-dentrenaments-de-preparacio-per-al-mundial-de\/","title":{"rendered":"INTERNACIONAL \u2013 La selecci\u00f3n de la Comunidad Valenciana ha cerrado el ciclo de entrenamientos de preparaci\u00f3n para el Mundial de"},"content":{"rendered":"<p><br \/>\nINTERNACIONAL \u2013 La selecci\u00f3n de la Comunidad Valenciana ha cerrado el ciclo de entrenamientos de preparaci\u00f3n para el Mundial de Bal\u00f3n de Alzira, que comienza el 27 de marzo, en las instalaciones de #Mensamagrell y #Bonrep\u00f2siMirambell.<\/p>\n<p>Generalitat Valenciana<br \/>\nFundaci\u00f3n Trinidad Alfonso<br \/>\nComunidad del Deporte<br \/>\nDiputaci\u00f3n de Valencia<br \/>\nAyuntamiento de Massamagrell<br \/>\nAyuntamiento de Bonrep\u00f2s y Mirambell<\/p>\n<p><a href=\"https:\/\/scontent-mad2-1.xx.fbcdn.net\/v\/t39.30808-6\/333235885_606488294187412_1692466889998179809_n.jpg?_nc_cat=109&#038;ccb=1-7&#038;_nc_sid=730e14&#038;_nc_ohc=Ikg6iepJdekAX_Qit64&#038;_nc_ht=scontent-mad2-1.xx&#038;oh=00_AfBVsxlJ65rPMPXpdhJS88ttIvG316lzR9OMcAAzDBZYJA&#038;oe=640DDAA7\"><img decoding=\"async\" class=\"wp_automatic_fb_img\" title=\"\" src=\"https:\/\/scontent-mad2-1.xx.fbcdn.net\/v\/t39.30808-6\/333235885_606488294187412_1692466889998179809_n.jpg?_nc_cat=109&#038;ccb=1-7&#038;_nc_sid=730e14&#038;_nc_ohc=Ikg6iepJdekAX_Qit64&#038;_nc_ht=scontent-mad2-1.xx&#038;oh=00_AfBVsxlJ65rPMPXpdhJS88ttIvG316lzR9OMcAAzDBZYJA&#038;oe=640DDAA7\" \/><\/a><br \/><a href=\"https:\/\/scontent-mad2-1.xx.fbcdn.net\/v\/t39.30808-6\/333839212_1359260138272891_3781364252106527165_n.jpg?_nc_cat=105&#038;ccb=1-7&#038;_nc_sid=730e14&#038;_nc_ohc=BL2_f3he2KoAX98hbdZ&#038;_nc_ht=scontent-mad2-1.xx&#038;oh=00_AfDTkQ-yX2ZapCnXtrmt_v2rshJ2dyKjS_JZsZG48M3xLw&#038;oe=640DDD11\"><img decoding=\"async\" class=\"wp_automatic_fb_img\" title=\"\" src=\"https:\/\/scontent-mad2-1.xx.fbcdn.net\/v\/t39.30808-6\/333839212_1359260138272891_3781364252106527165_n.jpg?_nc_cat=105&#038;ccb=1-7&#038;_nc_sid=730e14&#038;_nc_ohc=BL2_f3he2KoAX98hbdZ&#038;_nc_ht=scontent-mad2-1.xx&#038;oh=00_AfDTkQ-yX2ZapCnXtrmt_v2rshJ2dyKjS_JZsZG48M3xLw&#038;oe=640DDD11\" \/><\/a><br \/><a href=\"https:\/\/scontent-mad2-1.xx.fbcdn.net\/v\/t39.30808-6\/333122252_3138778476414371_2592367421546954835_n.jpg?_nc_cat=101&#038;ccb=1-7&#038;_nc_sid=730e14&#038;_nc_ohc=PUCkXtxWme8AX-ckGQI&#038;_nc_ht=scontent-mad2-1.xx&#038;oh=00_AfABcXgJQznDH5gMuceZPdUkPW8hE_o1N8OB1xDHDlhq7Q&#038;oe=640CBB0F\"><img decoding=\"async\" class=\"wp_automatic_fb_img\" title=\"\" src=\"https:\/\/scontent-mad2-1.xx.fbcdn.net\/v\/t39.30808-6\/333122252_3138778476414371_2592367421546954835_n.jpg?_nc_cat=101&#038;ccb=1-7&#038;_nc_sid=730e14&#038;_nc_ohc=PUCkXtxWme8AX-ckGQI&#038;_nc_ht=scontent-mad2-1.xx&#038;oh=00_AfABcXgJQznDH5gMuceZPdUkPW8hE_o1N8OB1xDHDlhq7Q&#038;oe=640CBB0F\" \/><\/a><br \/><a href=\"https:\/\/scontent-mad2-1.xx.fbcdn.net\/v\/t39.30808-6\/333274061_717743003162761_327352381454403872_n.jpg?_nc_cat=107&#038;ccb=1-7&#038;_nc_sid=730e14&#038;_nc_ohc=0jvy4BIoHXIAX-3XhsK&#038;_nc_ht=scontent-mad2-1.xx&#038;oh=00_AfBh6s4NWlsron7pOlchdBAUO3s1I18DYSzdboZ5fmQ7Dw&#038;oe=640D3A62\"><img decoding=\"async\" class=\"wp_automatic_fb_img\" title=\"\" src=\"https:\/\/scontent-mad2-1.xx.fbcdn.net\/v\/t39.30808-6\/333274061_717743003162761_327352381454403872_n.jpg?_nc_cat=107&#038;ccb=1-7&#038;_nc_sid=730e14&#038;_nc_ohc=0jvy4BIoHXIAX-3XhsK&#038;_nc_ht=scontent-mad2-1.xx&#038;oh=00_AfBh6s4NWlsron7pOlchdBAUO3s1I18DYSzdboZ5fmQ7Dw&#038;oe=640D3A62\" \/><\/a><br \/>\n<br \/>\n<br \/><a href=\"https:\/\/www.facebook.com\/100063537194811\/posts\/679182324209668\">source<\/a>  <\/p>","protected":false},"excerpt":{"rendered":"<p>INTERNACIONAL \u2013 La selecci\u00f3n de la Comunidad Valenciana ha cerrado el ciclo de entrenamientos de preparaci\u00f3n para el Mundial de Bal\u00f3n de Alzira, que comienza el 27 de marzo, en las instalaciones de #Mensamagrell y #Bonrep\u00f2siMirambell. Generalitat Valenciana Fundaci\u00f3n Trinidad Alfonso Comunidad del Deporte Diputaci\u00f3n de Valencia Ayuntamiento de Massamagrell Ayuntamiento de Bonrep\u00f2s y Mirambell Source<\/p>","protected":false},"author":2,"featured_media":4937,"comment_status":"open","ping_status":"open","sticky":false,"template":"","format":"standard","meta":{"footnotes":""},"categories":[1],"tags":[],"class_list":["post-4936","post","type-post","status-publish","format-standard","has-post-thumbnail","hentry","category-esports-alzira"],"featured_image_src":{"landsacpe":["https:\/\/esportsmunicipalsalzira.com\/wp-content\/uploads\/2023\/03\/333235885_606488294187412_1692466889998179809_n-1140x445.jpg",1140,445,true],"list":["https:\/\/esportsmunicipalsalzira.com\/wp-content\/uploads\/2023\/03\/333235885_606488294187412_1692466889998179809_n-463x348.jpg",463,348,true],"medium":["https:\/\/esportsmunicipalsalzira.com\/wp-content\/uploads\/2023\/03\/333235885_606488294187412_1692466889998179809_n-300x225.jpg",300,225,true],"full":["https:\/\/esportsmunicipalsalzira.com\/wp-content\/uploads\/2023\/03\/333235885_606488294187412_1692466889998179809_n.jpg",1600,1200,false]},"_links":{"self":[{"href":"https:\/\/esportsmunicipalsalzira.com\/es\/wp-json\/wp\/v2\/posts\/4936","targetHints":{"allow":["GET"]}}],"collection":[{"href":"https:\/\/esportsmunicipalsalzira.com\/es\/wp-json\/wp\/v2\/posts"}],"about":[{"href":"https:\/\/esportsmunicipalsalzira.com\/es\/wp-json\/wp\/v2\/types\/post"}],"author":[{"embeddable":true,"href":"https:\/\/esportsmunicipalsalzira.com\/es\/wp-json\/wp\/v2\/users\/2"}],"replies":[{"embeddable":true,"href":"https:\/\/esportsmunicipalsalzira.com\/es\/wp-json\/wp\/v2\/comments?post=4936"}],"version-history":[{"count":0,"href":"https:\/\/esportsmunicipalsalzira.com\/es\/wp-json\/wp\/v2\/posts\/4936\/revisions"}],"wp:featuredmedia":[{"embeddable":true,"href":"https:\/\/esportsmunicipalsalzira.com\/es\/wp-json\/wp\/v2\/media\/4937"}],"wp:attachment":[{"href":"https:\/\/esportsmunicipalsalzira.com\/es\/wp-json\/wp\/v2\/media?parent=4936"}],"wp:term":[{"taxonomy":"category","embeddable":true,"href":"https:\/\/esportsmunicipalsalzira.com\/es\/wp-json\/wp\/v2\/categories?post=4936"},{"taxonomy":"post_tag","embeddable":true,"href":"https:\/\/esportsmunicipalsalzira.com\/es\/wp-json\/wp\/v2\/tags?post=4936"}],"curies":[{"name":"wp","href":"https:\/\/api.w.org\/{rel}","templated":true}]}}