{"id":5032,"date":"2023-03-22T13:23:53","date_gmt":"2023-03-22T12:23:53","guid":{"rendered":"https:\/\/esportsmunicipalsalzira.com\/mundial-alzira-2023-desde-el-servei-municipal-desports-alzira-se-esta-haciendo-una-intensa-campana-de-difusion-del-mun\/"},"modified":"2023-03-22T13:23:53","modified_gmt":"2023-03-22T12:23:53","slug":"mundial-alzira-2023-desde-el-servei-municipal-desports-alzira-se-esta-haciendo-una-intensa-campana-de-difusion-del-mun","status":"publish","type":"post","link":"https:\/\/esportsmunicipalsalzira.com\/es\/mundial-alzira-2023-desde-el-servei-municipal-desports-alzira-se-esta-haciendo-una-intensa-campana-de-difusion-del-mun\/","title":{"rendered":"MUNDIAL ALZIRA 2023 Desde el Servicio Municipal de Deportes Alzira se est\u00e1 haciendo una intensa campa\u00f1a de difusi\u00f3n del Mundo"},"content":{"rendered":"<p><br \/>\nMUNDIAL ALZIRA 2023 \u26be\ufe0f Desde el Servicio Municipal de Deportes Alzira se est\u00e1 realizando una intensa campa\u00f1a de difusi\u00f3n del Mundial de Pelota que acoge la localidad valenciana la pr\u00f3xima semana. <\/p>\n<p>+ info \u2705 https:\/\/m.facebook.com\/story.php?story_fbid=689296269864940&amp;id=100063537194811<\/p>\n<p>Ayuntamiento de Alzira Generalitat Valenciana Diputaci\u00f3n de Valencia Caixa Popular Edicom El Corte Ingl\u00e9siFederaci\u00f3n de Pilota Valenciana Fundaci\u00f3n de Pilota Valenciana<\/p>\n<p><a href=\"https:\/\/scontent-mad2-1.xx.fbcdn.net\/v\/t39.30808-6\/337517205_785624946499274_4661015520997328014_n.jpg?_nc_cat=104&#038;ccb=1-7&#038;_nc_sid=730e14&#038;_nc_ohc=3I01z7vHlAIAX8yg_lL&#038;_nc_ht=scontent-mad2-1.xx&#038;oh=00_AfApwhB_cDBg28Y-0D5edHcPFj2NdtDX82dYUniPUPaIHA&#038;oe=6421DAB4\"><img decoding=\"async\" class=\"wp_automatic_fb_img\" title=\"\" src=\"https:\/\/scontent-mad2-1.xx.fbcdn.net\/v\/t39.30808-6\/337517205_785624946499274_4661015520997328014_n.jpg?_nc_cat=104&#038;ccb=1-7&#038;_nc_sid=730e14&#038;_nc_ohc=3I01z7vHlAIAX8yg_lL&#038;_nc_ht=scontent-mad2-1.xx&#038;oh=00_AfApwhB_cDBg28Y-0D5edHcPFj2NdtDX82dYUniPUPaIHA&#038;oe=6421DAB4\" \/><\/a><br \/><a href=\"https:\/\/scontent-mad1-1.xx.fbcdn.net\/v\/t39.30808-6\/337506458_1389160101916493_6216599966642540226_n.jpg?_nc_cat=102&#038;ccb=1-7&#038;_nc_sid=730e14&#038;_nc_ohc=arkSxOlrZO8AX98Wu06&#038;_nc_ht=scontent-mad1-1.xx&#038;oh=00_AfBlrug5AtiG5vUzUYRRBPJPfNXw9qduyI2eTi4wchwMGQ&#038;oe=642175C6\"><img decoding=\"async\" class=\"wp_automatic_fb_img\" title=\"\" src=\"https:\/\/scontent-mad1-1.xx.fbcdn.net\/v\/t39.30808-6\/337506458_1389160101916493_6216599966642540226_n.jpg?_nc_cat=102&#038;ccb=1-7&#038;_nc_sid=730e14&#038;_nc_ohc=arkSxOlrZO8AX98Wu06&#038;_nc_ht=scontent-mad1-1.xx&#038;oh=00_AfBlrug5AtiG5vUzUYRRBPJPfNXw9qduyI2eTi4wchwMGQ&#038;oe=642175C6\" \/><\/a><br \/><a href=\"https:\/\/scontent-mad1-1.xx.fbcdn.net\/v\/t39.30808-6\/336811129_1604133770091368_4330392683094145014_n.jpg?_nc_cat=105&#038;ccb=1-7&#038;_nc_sid=730e14&#038;_nc_ohc=5F-j08RE_OcAX9eFWPC&#038;_nc_ht=scontent-mad1-1.xx&#038;oh=00_AfABkeGT_B48jKrgj7YdwT1HWfC6HjuehrQTwIfq6hLq3g&#038;oe=64208CDB\"><img decoding=\"async\" class=\"wp_automatic_fb_img\" title=\"\" src=\"https:\/\/scontent-mad1-1.xx.fbcdn.net\/v\/t39.30808-6\/336811129_1604133770091368_4330392683094145014_n.jpg?_nc_cat=105&#038;ccb=1-7&#038;_nc_sid=730e14&#038;_nc_ohc=5F-j08RE_OcAX9eFWPC&#038;_nc_ht=scontent-mad1-1.xx&#038;oh=00_AfABkeGT_B48jKrgj7YdwT1HWfC6HjuehrQTwIfq6hLq3g&#038;oe=64208CDB\" \/><\/a><br \/><a href=\"https:\/\/scontent-mad1-1.xx.fbcdn.net\/v\/t39.30808-6\/336801129_158513740432138_2267084386843397536_n.jpg?_nc_cat=107&#038;ccb=1-7&#038;_nc_sid=730e14&#038;_nc_ohc=-NiFreObydAAX8yfYsQ&#038;_nc_ht=scontent-mad1-1.xx&#038;oh=00_AfBTLSYrEp7yQMEjN0ecP3hmEpLNM8T7MY1J6ipT1nuElg&#038;oe=642114AE\"><img decoding=\"async\" class=\"wp_automatic_fb_img\" title=\"\" src=\"https:\/\/scontent-mad1-1.xx.fbcdn.net\/v\/t39.30808-6\/336801129_158513740432138_2267084386843397536_n.jpg?_nc_cat=107&#038;ccb=1-7&#038;_nc_sid=730e14&#038;_nc_ohc=-NiFreObydAAX8yfYsQ&#038;_nc_ht=scontent-mad1-1.xx&#038;oh=00_AfBTLSYrEp7yQMEjN0ecP3hmEpLNM8T7MY1J6ipT1nuElg&#038;oe=642114AE\" \/><\/a><br \/><a href=\"https:\/\/scontent-mad1-1.xx.fbcdn.net\/v\/t39.30808-6\/337430546_968175924343987_7940754215512821863_n.jpg?_nc_cat=101&#038;ccb=1-7&#038;_nc_sid=730e14&#038;_nc_ohc=WdFIbyrQZxgAX_GaZFN&#038;_nc_ht=scontent-mad1-1.xx&#038;oh=00_AfCxdTYq2WBTGHwgXaj4W4SuWvQde1JJ_gVuWzx2sYY_kQ&#038;oe=6421B1AE\"><img decoding=\"async\" class=\"wp_automatic_fb_img\" title=\"\" src=\"https:\/\/scontent-mad1-1.xx.fbcdn.net\/v\/t39.30808-6\/337430546_968175924343987_7940754215512821863_n.jpg?_nc_cat=101&#038;ccb=1-7&#038;_nc_sid=730e14&#038;_nc_ohc=WdFIbyrQZxgAX_GaZFN&#038;_nc_ht=scontent-mad1-1.xx&#038;oh=00_AfCxdTYq2WBTGHwgXaj4W4SuWvQde1JJ_gVuWzx2sYY_kQ&#038;oe=6421B1AE\" \/><\/a><br \/>\n<br \/>\n<br \/><a href=\"https:\/\/www.facebook.com\/100063537194811\/posts\/690034006457833\">source<\/a>  <\/p>","protected":false},"excerpt":{"rendered":"<p>MUNDIAL ALZIRA 2023 \u26be\ufe0f Desde el Servicio Municipal de Deportes Alzira se est\u00e1 realizando una intensa campa\u00f1a de difusi\u00f3n del Mundial de Pelota que acoge la localidad valenciana la pr\u00f3xima semana. + info \u2705 https:\/\/m.facebook.com\/story.php?story_fbid=689296269864940&amp;id=100063537194811 Ayuntamiento de Alzira Generalitat Valenciana Diputaci\u00f3n de Valencia Caixa Popular Edicom El Corte Ingl\u00e9sFederaci\u00f3n de Pelota Valenciana Fundaci\u00f3n de Pilota Valenciana<\/p>","protected":false},"author":2,"featured_media":5033,"comment_status":"open","ping_status":"open","sticky":false,"template":"","format":"standard","meta":{"footnotes":""},"categories":[1],"tags":[],"class_list":["post-5032","post","type-post","status-publish","format-standard","has-post-thumbnail","hentry","category-esports-alzira"],"featured_image_src":{"landsacpe":["https:\/\/esportsmunicipalsalzira.com\/wp-content\/uploads\/2023\/03\/337517205_785624946499274_4661015520997328014_n-1140x445.jpg",1140,445,true],"list":["https:\/\/esportsmunicipalsalzira.com\/wp-content\/uploads\/2023\/03\/337517205_785624946499274_4661015520997328014_n-463x348.jpg",463,348,true],"medium":["https:\/\/esportsmunicipalsalzira.com\/wp-content\/uploads\/2023\/03\/337517205_785624946499274_4661015520997328014_n-225x300.jpg",225,300,true],"full":["https:\/\/esportsmunicipalsalzira.com\/wp-content\/uploads\/2023\/03\/337517205_785624946499274_4661015520997328014_n.jpg",1536,2048,false]},"_links":{"self":[{"href":"https:\/\/esportsmunicipalsalzira.com\/es\/wp-json\/wp\/v2\/posts\/5032","targetHints":{"allow":["GET"]}}],"collection":[{"href":"https:\/\/esportsmunicipalsalzira.com\/es\/wp-json\/wp\/v2\/posts"}],"about":[{"href":"https:\/\/esportsmunicipalsalzira.com\/es\/wp-json\/wp\/v2\/types\/post"}],"author":[{"embeddable":true,"href":"https:\/\/esportsmunicipalsalzira.com\/es\/wp-json\/wp\/v2\/users\/2"}],"replies":[{"embeddable":true,"href":"https:\/\/esportsmunicipalsalzira.com\/es\/wp-json\/wp\/v2\/comments?post=5032"}],"version-history":[{"count":0,"href":"https:\/\/esportsmunicipalsalzira.com\/es\/wp-json\/wp\/v2\/posts\/5032\/revisions"}],"wp:featuredmedia":[{"embeddable":true,"href":"https:\/\/esportsmunicipalsalzira.com\/es\/wp-json\/wp\/v2\/media\/5033"}],"wp:attachment":[{"href":"https:\/\/esportsmunicipalsalzira.com\/es\/wp-json\/wp\/v2\/media?parent=5032"}],"wp:term":[{"taxonomy":"category","embeddable":true,"href":"https:\/\/esportsmunicipalsalzira.com\/es\/wp-json\/wp\/v2\/categories?post=5032"},{"taxonomy":"post_tag","embeddable":true,"href":"https:\/\/esportsmunicipalsalzira.com\/es\/wp-json\/wp\/v2\/tags?post=5032"}],"curies":[{"name":"wp","href":"https:\/\/api.w.org\/{rel}","templated":true}]}}