{"id":5043,"date":"2023-03-24T08:18:10","date_gmt":"2023-03-24T07:18:10","guid":{"rendered":"https:\/\/esportsmunicipalsalzira.com\/la-remodelacio-de-frontons-en-el-recinte-esportiu-de-venecia-suposara-un-fort-impuls-per-a-la-pilota-valenciana-a-alzira\/"},"modified":"2023-03-24T08:18:10","modified_gmt":"2023-03-24T07:18:10","slug":"la-remodelacio-de-frontons-en-el-recinte-esportiu-de-venecia-suposara-un-fort-impuls-per-a-la-pilota-valenciana-a-alzira","status":"publish","type":"post","link":"https:\/\/esportsmunicipalsalzira.com\/es\/la-remodelacio-de-frontons-en-el-recinte-esportiu-de-venecia-suposara-un-fort-impuls-per-a-la-pilota-valenciana-a-alzira\/","title":{"rendered":"La remodelaci\u00f3n de Frontons en el recinto deportivo de Venecia supondr\u00e1 un fuerte impulso para la pelota valenciana en Alzira"},"content":{"rendered":"<p><br \/>\nLa remodelaci\u00f3n de Frontons en el recinto deportivo de Venecia supondr\u00e1 un fuerte impulso para la pelota valenciana en Alzira.<\/p>\n<p>Hoy viernes 24 de marzo, a las 17 horas, la inauguraci\u00f3n del Frontons Valencians despu\u00e9s de haberse remodelado y adecuando.<br \/>\nLa selecci\u00f3n Valenciana ser\u00e1 la primera en utilizar esta pista para el primer entrenamiento del Mundial de Pelota<\/p>\n<p><a href=\"https:\/\/scontent-mad2-1.xx.fbcdn.net\/v\/t39.30808-6\/337140590_1510755819452911_1992996351723409207_n.jpg?stp=dst-jpg_p180x540&#038;_nc_cat=109&#038;ccb=1-7&#038;_nc_sid=730e14&#038;_nc_ohc=uXpJjGv-9-4AX-F9jMd&#038;_nc_ht=scontent-mad2-1.xx&#038;oh=00_AfBAzKA5HelrBauAFOaV_jB1-Lmouh0jr4H8ZuA3e7Z1RA&#038;oe=64237B40\"><img decoding=\"async\" class=\"wp_automatic_fb_img\" title=\"\" src=\"https:\/\/scontent-mad2-1.xx.fbcdn.net\/v\/t39.30808-6\/337140590_1510755819452911_1992996351723409207_n.jpg?stp=dst-jpg_p180x540&#038;_nc_cat=109&#038;ccb=1-7&#038;_nc_sid=730e14&#038;_nc_ohc=uXpJjGv-9-4AX-F9jMd&#038;_nc_ht=scontent-mad2-1.xx&#038;oh=00_AfBAzKA5HelrBauAFOaV_jB1-Lmouh0jr4H8ZuA3e7Z1RA&#038;oe=64237B40\" \/><\/a><br \/>\n<br \/>\n<br \/><a href=\"https:\/\/www.facebook.com\/100063537194811\/posts\/691252919669275\">source<\/a>  <\/p>","protected":false},"excerpt":{"rendered":"<p>La remodelaci\u00f3 de Frontons en el recinte esportiu de Ven\u00e8cia suposar\u00e0 un fort impuls per a la pilota valenciana a Alzira. Hui divendres 24 de mar\u00e7, a les 17 hores, la inauguraci\u00f3 del Frontons Valencians despr\u00e9s d&#8217;haver-se remodelat i adequant. La selecci\u00f3 Valenciana ser\u00e0 la primera a utilitzar aquesta pista per al primer entrenament del [&hellip;]<\/p>\n","protected":false},"author":2,"featured_media":5044,"comment_status":"open","ping_status":"open","sticky":false,"template":"","format":"standard","meta":{"footnotes":""},"categories":[1],"tags":[],"class_list":["post-5043","post","type-post","status-publish","format-standard","has-post-thumbnail","hentry","category-esports-alzira"],"featured_image_src":{"landsacpe":["https:\/\/esportsmunicipalsalzira.com\/wp-content\/uploads\/2023\/03\/337140590_1510755819452911_1992996351723409207_n-720x445.jpg",720,445,true],"list":["https:\/\/esportsmunicipalsalzira.com\/wp-content\/uploads\/2023\/03\/337140590_1510755819452911_1992996351723409207_n-463x348.jpg",463,348,true],"medium":["https:\/\/esportsmunicipalsalzira.com\/wp-content\/uploads\/2023\/03\/337140590_1510755819452911_1992996351723409207_n-300x225.jpg",300,225,true],"full":["https:\/\/esportsmunicipalsalzira.com\/wp-content\/uploads\/2023\/03\/337140590_1510755819452911_1992996351723409207_n.jpg",720,540,false]},"_links":{"self":[{"href":"https:\/\/esportsmunicipalsalzira.com\/es\/wp-json\/wp\/v2\/posts\/5043","targetHints":{"allow":["GET"]}}],"collection":[{"href":"https:\/\/esportsmunicipalsalzira.com\/es\/wp-json\/wp\/v2\/posts"}],"about":[{"href":"https:\/\/esportsmunicipalsalzira.com\/es\/wp-json\/wp\/v2\/types\/post"}],"author":[{"embeddable":true,"href":"https:\/\/esportsmunicipalsalzira.com\/es\/wp-json\/wp\/v2\/users\/2"}],"replies":[{"embeddable":true,"href":"https:\/\/esportsmunicipalsalzira.com\/es\/wp-json\/wp\/v2\/comments?post=5043"}],"version-history":[{"count":0,"href":"https:\/\/esportsmunicipalsalzira.com\/es\/wp-json\/wp\/v2\/posts\/5043\/revisions"}],"wp:featuredmedia":[{"embeddable":true,"href":"https:\/\/esportsmunicipalsalzira.com\/es\/wp-json\/wp\/v2\/media\/5044"}],"wp:attachment":[{"href":"https:\/\/esportsmunicipalsalzira.com\/es\/wp-json\/wp\/v2\/media?parent=5043"}],"wp:term":[{"taxonomy":"category","embeddable":true,"href":"https:\/\/esportsmunicipalsalzira.com\/es\/wp-json\/wp\/v2\/categories?post=5043"},{"taxonomy":"post_tag","embeddable":true,"href":"https:\/\/esportsmunicipalsalzira.com\/es\/wp-json\/wp\/v2\/tags?post=5043"}],"curies":[{"name":"wp","href":"https:\/\/api.w.org\/{rel}","templated":true}]}}