{"id":5085,"date":"2023-03-29T11:18:45","date_gmt":"2023-03-29T09:18:45","guid":{"rendered":"https:\/\/esportsmunicipalsalzira.com\/mundial-alzira-2023-un-reconocimiento-hoy-al-colectivo-arbitral-hombres-y-mujeres-que-se-encargan-de-cumplir-el-regla\/"},"modified":"2023-03-29T11:18:45","modified_gmt":"2023-03-29T09:18:45","slug":"mundial-alzira-2023-un-reconocimiento-hoy-al-colectivo-arbitral-hombres-y-mujeres-que-se-encargan-de-cumplir-el-regla","status":"publish","type":"post","link":"https:\/\/esportsmunicipalsalzira.com\/es\/mundial-alzira-2023-un-reconocimiento-hoy-al-colectivo-arbitral-hombres-y-mujeres-que-se-encargan-de-cumplir-el-regla\/","title":{"rendered":"MUNDIAL ALZIRA 2023 Un reconocimiento hoy al colectivo arbitral. Hombres y mujeres que se encargan de cumplir el regla"},"content":{"rendered":"<p><br \/>\nMUNDIAL ALZIRA 2023 \u26be\ufe0f Un reconocimiento hoy al colectivo arbitral \ud83d\ude4b\u200d\u2642\ufe0f\ud83d\ude4b\u200d\u2640\ufe0f. Hombres y mujeres que se encargan de cumplir el reglamento en cada partida del Mundial de Pelota. GRACIAS\u203c\ufe0f<\/p>\n<p>Generalitat Valenciana Diputaci\u00f3n de Valencia Servicio Municipal de Deportes Alzira Ayuntamiento de Alzira Club de Pelota Valenciana Alzira Caja Popular Edicom El Corte Ingl\u00e9s Federaci\u00f3n de Pelota Valenciana Jos\u00e9 Luis L\u00f3pez Fundaci\u00f3n de la Comunidad Valenciana Fundaci\u00f3n de Pelota Valenciana #alzira #alzira2023 #mundial #mundialalzira<\/p>\n<p><a href=\"https:\/\/scontent-mad1-1.xx.fbcdn.net\/v\/t39.30808-6\/338850408_880994586318754_1731355951720254332_n.jpg?stp=dst-jpg_p180x540&#038;_nc_cat=100&#038;ccb=1-7&#038;_nc_sid=8bfeb9&#038;_nc_ohc=vHCwKJKBlq8AX87eupc&#038;_nc_ht=scontent-mad1-1.xx&#038;oh=00_AfBPwnCjTqPCTRBJkHEBr8Yd5--natEerV-X_tYfwFSjOA&#038;oe=6429A09B\"><img decoding=\"async\" class=\"wp_automatic_fb_img\" title=\"\" src=\"https:\/\/scontent-mad1-1.xx.fbcdn.net\/v\/t39.30808-6\/338850408_880994586318754_1731355951720254332_n.jpg?stp=dst-jpg_p180x540&#038;_nc_cat=100&#038;ccb=1-7&#038;_nc_sid=8bfeb9&#038;_nc_ohc=vHCwKJKBlq8AX87eupc&#038;_nc_ht=scontent-mad1-1.xx&#038;oh=00_AfBPwnCjTqPCTRBJkHEBr8Yd5--natEerV-X_tYfwFSjOA&#038;oe=6429A09B\" \/><\/a><br \/>\n<br \/>\n<br \/><a href=\"https:\/\/www.facebook.com\/100063537194811\/posts\/694762999318267\">source<\/a>  <\/p>","protected":false},"excerpt":{"rendered":"<p>MUNDIAL ALZIRA 2023 \u26be\ufe0f Un reconocimiento hoy al colectivo arbitral \ud83d\ude4b\u200d\u2642\ufe0f\ud83d\ude4b\u200d\u2640\ufe0f. Hombres y mujeres que se encargan de cumplir el reglamento en cada partida del Mundial de Pilota. GRACIAS\u203c\ufe0f Generalitat Valenciana Diputaci\u00f3 de Val\u00e8ncia Servei Municipal d&#8217;Esports Alzira Ajuntament d&#8217;Alzira Club de Pilota Valenciana Alzira Caixa Popular Edicom El Corte Ingl\u00e9s Federaci\u00f3 de Pilota Valenciana [&hellip;]<\/p>\n","protected":false},"author":2,"featured_media":5086,"comment_status":"open","ping_status":"open","sticky":false,"template":"","format":"standard","meta":{"footnotes":""},"categories":[1],"tags":[],"class_list":["post-5085","post","type-post","status-publish","format-standard","has-post-thumbnail","hentry","category-esports-alzira"],"featured_image_src":{"landsacpe":["https:\/\/esportsmunicipalsalzira.com\/wp-content\/uploads\/2023\/03\/338850408_880994586318754_1731355951720254332_n-720x445.jpg",720,445,true],"list":["https:\/\/esportsmunicipalsalzira.com\/wp-content\/uploads\/2023\/03\/338850408_880994586318754_1731355951720254332_n-463x348.jpg",463,348,true],"medium":["https:\/\/esportsmunicipalsalzira.com\/wp-content\/uploads\/2023\/03\/338850408_880994586318754_1731355951720254332_n-300x225.jpg",300,225,true],"full":["https:\/\/esportsmunicipalsalzira.com\/wp-content\/uploads\/2023\/03\/338850408_880994586318754_1731355951720254332_n.jpg",720,540,false]},"_links":{"self":[{"href":"https:\/\/esportsmunicipalsalzira.com\/es\/wp-json\/wp\/v2\/posts\/5085","targetHints":{"allow":["GET"]}}],"collection":[{"href":"https:\/\/esportsmunicipalsalzira.com\/es\/wp-json\/wp\/v2\/posts"}],"about":[{"href":"https:\/\/esportsmunicipalsalzira.com\/es\/wp-json\/wp\/v2\/types\/post"}],"author":[{"embeddable":true,"href":"https:\/\/esportsmunicipalsalzira.com\/es\/wp-json\/wp\/v2\/users\/2"}],"replies":[{"embeddable":true,"href":"https:\/\/esportsmunicipalsalzira.com\/es\/wp-json\/wp\/v2\/comments?post=5085"}],"version-history":[{"count":0,"href":"https:\/\/esportsmunicipalsalzira.com\/es\/wp-json\/wp\/v2\/posts\/5085\/revisions"}],"wp:featuredmedia":[{"embeddable":true,"href":"https:\/\/esportsmunicipalsalzira.com\/es\/wp-json\/wp\/v2\/media\/5086"}],"wp:attachment":[{"href":"https:\/\/esportsmunicipalsalzira.com\/es\/wp-json\/wp\/v2\/media?parent=5085"}],"wp:term":[{"taxonomy":"category","embeddable":true,"href":"https:\/\/esportsmunicipalsalzira.com\/es\/wp-json\/wp\/v2\/categories?post=5085"},{"taxonomy":"post_tag","embeddable":true,"href":"https:\/\/esportsmunicipalsalzira.com\/es\/wp-json\/wp\/v2\/tags?post=5085"}],"curies":[{"name":"wp","href":"https:\/\/api.w.org\/{rel}","templated":true}]}}