{"id":5100,"date":"2023-03-30T20:38:00","date_gmt":"2023-03-30T18:38:00","guid":{"rendered":"https:\/\/esportsmunicipalsalzira.com\/video-la-seleccio-valenciana-ha-disputat-aquest-divendres-les-fases-previes-de-les-modalitat-de-llargues-i-one-wall-ma\/"},"modified":"2023-03-30T20:38:00","modified_gmt":"2023-03-30T18:38:00","slug":"video-la-seleccio-valenciana-ha-disputat-aquest-divendres-les-fases-previes-de-les-modalitat-de-llargues-i-one-wall-ma","status":"publish","type":"post","link":"https:\/\/esportsmunicipalsalzira.com\/es\/video-la-seleccio-valenciana-ha-disputat-aquest-divendres-les-fases-previes-de-les-modalitat-de-llargues-i-one-wall-ma\/","title":{"rendered":"V\u00cdDEO \u2013 La selecci\u00f3n valenciana ha disputado este viernes las fases previas de las modalidades de largas y one wall ma"},"content":{"rendered":"<p><br \/>\n<img decoding=\"async\"  title=\"\" src=\"https:\/\/scontent-mad2-1.xx.fbcdn.net\/v\/t15.5256-10\/338055110_793958582131133_6264567815864816582_n.jpg?stp=dst-jpg_p180x540&#038;_nc_cat=104&#038;ccb=1-7&#038;_nc_sid=ad6a45&#038;_nc_ohc=C-gyFIzY6X4AX91eYcR&#038;_nc_ht=scontent-mad2-1.xx&#038;oh=00_AfCpa0SqA-focbHZ0CWs_pEqXmjG2wlNE5GNG9jAKQYkKg&#038;oe=642ACBE1\" \/><\/a><br \/>V\u00cdDEO &#8211; La selecci\u00f3 valenciana ha disputat aquest divendres les fases pr\u00e8vies de les modalitat de llargues i one wall mascul\u00ed i femen\u00ed al Mundial de Pilota d&#8217; #Alzira. En llargues, la Comunitat ha sumat tres triomfs i jugar\u00e0 les semifinals aquest divendres contra Pa\u00efsos Baixos. En one wall mascul\u00ed, s&#8217;han recollit dos triomfs i una derrota, mentre que en la categoria femenina s&#8217;han guanyat tres de les quatre partides. Ac\u00ed hi ha un breu resum de la jornada.<\/p>\n<p>Generalitat Valenciana<br \/>\nDiputaci\u00f3 de Val\u00e8ncia<br \/>\nCIJB<br \/>\nComunitat de l&#8217;Esport<br \/>\nFundaci\u00f3n Trinidad Alfonso<br \/>\nAjuntament d&#8217;Alzira<br \/>\nClub de Pilota Valenciana Alzira<br \/><div id=\"fb-root\"><\/div><script>window.fbAsyncInit = function() {FB.init({appId      : '',xfbml      : true,version    : 'v2.5'});var my_video_player;FB.Event.subscribe('xfbml.ready', function(msg) {if (msg.type === 'video') {my_video_player = msg.instance; my_video_player.unmute();}});};(function(d, s, id) {  var js, fjs = d.getElementsByTagName(s)[0];  if (d.getElementById(id)) return;  js = d.createElement(s); js.id = id;  js.src = \"\/\/connect.facebook.net\/en_US\/sdk.js#xfbml=1&version=v2.3\";  fjs.parentNode.insertBefore(js, fjs);}(document, 'script', 'facebook-jssdk'));  <\/script><div class=\"fb-video\"    data-autoplay=\"false\" data-width=\"500\" data-allowfullscreen=\"true\" data-href=\"https:\/\/www.facebook.com\/video.php?v=941197763744176&set=vb.500808182&type=1\"><div class=\"fb-xfbml-parse-ignore\"><\/div><\/div>\n\n\n\t\n\n<br \/>\n<br \/>\n<br \/><a href=\"https:\/\/www.facebook.com\/100063537194811\/posts\/695714989223068\">Source<\/a>  <\/p>\n","protected":false},"excerpt":{"rendered":"<p>V\u00cdDEO &#8211; La selecci\u00f3 valenciana ha disputat aquest divendres les fases pr\u00e8vies de les modalitat de llargues i one wall mascul\u00ed i femen\u00ed al Mundial de Pilota d&#8217; #Alzira. En llargues, la Comunitat ha sumat tres triomfs i jugar\u00e0 les semifinals aquest divendres contra Pa\u00efsos Baixos. En one wall mascul\u00ed, s&#8217;han recollit dos triomfs i [&hellip;]<\/p>\n","protected":false},"author":2,"featured_media":5101,"comment_status":"open","ping_status":"open","sticky":false,"template":"","format":"standard","meta":{"footnotes":""},"categories":[1],"tags":[],"class_list":["post-5100","post","type-post","status-publish","format-standard","has-post-thumbnail","hentry","category-esports-alzira"],"featured_image_src":{"landsacpe":["https:\/\/esportsmunicipalsalzira.com\/wp-content\/uploads\/2023\/03\/338055110_793958582131133_6264567815864816582_n-960x445.jpg",960,445,true],"list":["https:\/\/esportsmunicipalsalzira.com\/wp-content\/uploads\/2023\/03\/338055110_793958582131133_6264567815864816582_n-463x348.jpg",463,348,true],"medium":["https:\/\/esportsmunicipalsalzira.com\/wp-content\/uploads\/2023\/03\/338055110_793958582131133_6264567815864816582_n-300x169.jpg",300,169,true],"full":["https:\/\/esportsmunicipalsalzira.com\/wp-content\/uploads\/2023\/03\/338055110_793958582131133_6264567815864816582_n.jpg",960,540,false]},"_links":{"self":[{"href":"https:\/\/esportsmunicipalsalzira.com\/es\/wp-json\/wp\/v2\/posts\/5100","targetHints":{"allow":["GET"]}}],"collection":[{"href":"https:\/\/esportsmunicipalsalzira.com\/es\/wp-json\/wp\/v2\/posts"}],"about":[{"href":"https:\/\/esportsmunicipalsalzira.com\/es\/wp-json\/wp\/v2\/types\/post"}],"author":[{"embeddable":true,"href":"https:\/\/esportsmunicipalsalzira.com\/es\/wp-json\/wp\/v2\/users\/2"}],"replies":[{"embeddable":true,"href":"https:\/\/esportsmunicipalsalzira.com\/es\/wp-json\/wp\/v2\/comments?post=5100"}],"version-history":[{"count":0,"href":"https:\/\/esportsmunicipalsalzira.com\/es\/wp-json\/wp\/v2\/posts\/5100\/revisions"}],"wp:featuredmedia":[{"embeddable":true,"href":"https:\/\/esportsmunicipalsalzira.com\/es\/wp-json\/wp\/v2\/media\/5101"}],"wp:attachment":[{"href":"https:\/\/esportsmunicipalsalzira.com\/es\/wp-json\/wp\/v2\/media?parent=5100"}],"wp:term":[{"taxonomy":"category","embeddable":true,"href":"https:\/\/esportsmunicipalsalzira.com\/es\/wp-json\/wp\/v2\/categories?post=5100"},{"taxonomy":"post_tag","embeddable":true,"href":"https:\/\/esportsmunicipalsalzira.com\/es\/wp-json\/wp\/v2\/tags?post=5100"}],"curies":[{"name":"wp","href":"https:\/\/api.w.org\/{rel}","templated":true}]}}