{"id":5102,"date":"2023-03-30T00:18:21","date_gmt":"2023-03-29T22:18:21","guid":{"rendered":"https:\/\/esportsmunicipalsalzira.com\/euskadi-sha-emportat-dos-titols-mes-del-mundial-de-pilota-en-guanyar-esta-vesprada-en-fronto-valencia-masculi-i-femeni\/"},"modified":"2023-03-30T00:18:21","modified_gmt":"2023-03-29T22:18:21","slug":"euskadi-sha-emportat-dos-titols-mes-del-mundial-de-pilota-en-guanyar-esta-vesprada-en-fronto-valencia-masculi-i-femeni","status":"publish","type":"post","link":"https:\/\/esportsmunicipalsalzira.com\/es\/euskadi-sha-emportat-dos-titols-mes-del-mundial-de-pilota-en-guanyar-esta-vesprada-en-fronto-valencia-masculi-i-femeni\/","title":{"rendered":"Euskadi se llev\u00f3 otros dos t\u00edtulos del Mundial de Pelota al ganar esta tarde en front\u00f3n valenciano masculino y femenino."},"content":{"rendered":"<p><br \/>\nEuskadi se llev\u00f3 otros dos t\u00edtulos del Mundial de Pelota al ganar esta tarde en front\u00f3n valenciano masculino y femenino.<br \/>\nComo por la ma\u00f1ana en la fase de grupos, la selecci\u00f3n vasca femenina volvi\u00f3 a ser muy superior a la valenciana y le gan\u00f3 la final 21-7. B\u00e9lgica obtuvo el bronce al vencer 21-9 en Pa\u00edses Bajos.<br \/>\nEn la modalidad masculina, la Comunidad Valenciana gan\u00f3 en cuartos de final 21-9 en Quebec. En semifinales, Euskadi volvi\u00f3 a ser la bestia negra de los valencianos 21-17. En la final de consolaci\u00f3n, la Selecci\u00f3n Valenciana se impuso 21-7 en B\u00e9lgica mientras que Euskadi no dio opci\u00f3n a Ecuador en la final, imponi\u00e9ndose 21-2.<\/p>\n<p>El jueves comienza la competici\u00f3n de largas en el recinto ferial.<br \/>\nA las 9&#039;30 la Comunidad Valenciana empezar\u00e1 la competici\u00f3n del grupo 2 contra Euskadi. A las 11&#039;30 jugaremos contra Quebec ya las 13&#039;30, frente a Francia. Las semifinales ser\u00e1n el domingo a las 10 y 11 y la final, el s\u00e1bado a las 4 en la plaza Generalitat. <\/p>\n<p>Tambi\u00e9n arranca la competici\u00f3n de One Wall en el pabell\u00f3n P\u00e9rez Puig durante todo el d\u00eda, tanto masculino como femenino. Las semifinales y finales ser\u00e1n el viernes.<\/p>\n<p><a href=\"https:\/\/scontent-mad2-1.xx.fbcdn.net\/v\/t39.30808-6\/338198184_748787623357460_4405515520337808367_n.jpg?_nc_cat=108&#038;ccb=1-7&#038;_nc_sid=730e14&#038;_nc_ohc=nUHaccjoWkgAX9oaFAq&#038;_nc_ht=scontent-mad2-1.xx&#038;oh=00_AfDun8IFP1bxSKo_ASc0n93yQGRPGdjmM9LZiOHBP7qThQ&#038;oe=642B15A5\"><img decoding=\"async\" class=\"wp_automatic_fb_img\" title=\"\" src=\"https:\/\/scontent-mad2-1.xx.fbcdn.net\/v\/t39.30808-6\/338198184_748787623357460_4405515520337808367_n.jpg?_nc_cat=108&#038;ccb=1-7&#038;_nc_sid=730e14&#038;_nc_ohc=nUHaccjoWkgAX9oaFAq&#038;_nc_ht=scontent-mad2-1.xx&#038;oh=00_AfDun8IFP1bxSKo_ASc0n93yQGRPGdjmM9LZiOHBP7qThQ&#038;oe=642B15A5\" \/><\/a><br \/>\n<br \/>\n<br \/><a href=\"https:\/\/www.facebook.com\/100063537194811\/posts\/695402202587680\">source<\/a>  <\/p>","protected":false},"excerpt":{"rendered":"<p>Euskadi s&#8217;ha emportat dos t\u00edtols m\u00e9s del Mundial de Pilota en guanyar esta vesprada en front\u00f3 valenci\u00e0 mascul\u00ed i femen\u00ed. Com pel mat\u00ed en la fase de grups, la selecci\u00f3 basca femenina torn\u00e0 a ser molt superior a la valenciana i li guany\u00e0 la final 21-7. B\u00e8lgica obtingu\u00e9 el bronze en v\u00e9ncer 21-9 a Pa\u00efsos [&hellip;]<\/p>\n","protected":false},"author":2,"featured_media":5103,"comment_status":"open","ping_status":"open","sticky":false,"template":"","format":"standard","meta":{"footnotes":""},"categories":[1],"tags":[],"class_list":["post-5102","post","type-post","status-publish","format-standard","has-post-thumbnail","hentry","category-esports-alzira"],"featured_image_src":{"landsacpe":["https:\/\/esportsmunicipalsalzira.com\/wp-content\/uploads\/2023\/03\/338198184_748787623357460_4405515520337808367_n-768x445.jpg",768,445,true],"list":["https:\/\/esportsmunicipalsalzira.com\/wp-content\/uploads\/2023\/03\/338198184_748787623357460_4405515520337808367_n-463x348.jpg",463,348,true],"medium":["https:\/\/esportsmunicipalsalzira.com\/wp-content\/uploads\/2023\/03\/338198184_748787623357460_4405515520337808367_n-300x200.jpg",300,200,true],"full":["https:\/\/esportsmunicipalsalzira.com\/wp-content\/uploads\/2023\/03\/338198184_748787623357460_4405515520337808367_n.jpg",768,512,false]},"_links":{"self":[{"href":"https:\/\/esportsmunicipalsalzira.com\/es\/wp-json\/wp\/v2\/posts\/5102","targetHints":{"allow":["GET"]}}],"collection":[{"href":"https:\/\/esportsmunicipalsalzira.com\/es\/wp-json\/wp\/v2\/posts"}],"about":[{"href":"https:\/\/esportsmunicipalsalzira.com\/es\/wp-json\/wp\/v2\/types\/post"}],"author":[{"embeddable":true,"href":"https:\/\/esportsmunicipalsalzira.com\/es\/wp-json\/wp\/v2\/users\/2"}],"replies":[{"embeddable":true,"href":"https:\/\/esportsmunicipalsalzira.com\/es\/wp-json\/wp\/v2\/comments?post=5102"}],"version-history":[{"count":0,"href":"https:\/\/esportsmunicipalsalzira.com\/es\/wp-json\/wp\/v2\/posts\/5102\/revisions"}],"wp:featuredmedia":[{"embeddable":true,"href":"https:\/\/esportsmunicipalsalzira.com\/es\/wp-json\/wp\/v2\/media\/5103"}],"wp:attachment":[{"href":"https:\/\/esportsmunicipalsalzira.com\/es\/wp-json\/wp\/v2\/media?parent=5102"}],"wp:term":[{"taxonomy":"category","embeddable":true,"href":"https:\/\/esportsmunicipalsalzira.com\/es\/wp-json\/wp\/v2\/categories?post=5102"},{"taxonomy":"post_tag","embeddable":true,"href":"https:\/\/esportsmunicipalsalzira.com\/es\/wp-json\/wp\/v2\/tags?post=5102"}],"curies":[{"name":"wp","href":"https:\/\/api.w.org\/{rel}","templated":true}]}}