{"id":5130,"date":"2023-04-03T14:03:12","date_gmt":"2023-04-03T12:03:12","guid":{"rendered":"https:\/\/esportsmunicipalsalzira.com\/tots-els-participants-del-mundial-van-poder-gaudir-dun-sopar-de-clausura-i-una-entrega-de-premis-unica-on-va-regnar-el\/"},"modified":"2023-04-03T14:03:12","modified_gmt":"2023-04-03T12:03:12","slug":"tots-els-participants-del-mundial-van-poder-gaudir-dun-sopar-de-clausura-i-una-entrega-de-premis-unica-on-va-regnar-el","status":"publish","type":"post","link":"https:\/\/esportsmunicipalsalzira.com\/es\/tots-els-participants-del-mundial-van-poder-gaudir-dun-sopar-de-clausura-i-una-entrega-de-premis-unica-on-va-regnar-el\/","title":{"rendered":"Todos los participantes del Mundial pudieron disfrutar de una cena de clausura y una entrega de premios \u00fanica, donde rein\u00f3 el"},"content":{"rendered":"<p><br \/>\n<img decoding=\"async\"  title=\"\" src=\"https:\/\/scontent-mad2-1.xx.fbcdn.net\/v\/t15.5256-10\/333721468_207596798581206_4976059402755176423_n.jpg?stp=dst-jpg_s960x960&#038;_nc_cat=104&#038;ccb=1-7&#038;_nc_sid=ad6a45&#038;_nc_ohc=Zdy_fl-pBNwAX_nM0d-&#038;_nc_ht=scontent-mad2-1.xx&#038;oh=00_AfDJubhBm7-cmmpcdbcTH6OwwesyZJz0aO2XGbJ-1d-XOA&#038;oe=6432DA26\" \/><\/a><br \/>Tots els participants del Mundial van poder gaudir d&#8217;un sopar de clausura i una entrega de premis \u00fanica, on va regnar el bon ambient. \ud83e\udd29<br \/>\n\ud83d\udcf8 Ac\u00ed vos deixem un resum dels millors moments!<br \/>\n. . .Todos los participantes del #AlziraMundialPilota pudieron disfrutar de una cena de clausura y una entrega de premios \u00fanica, donde rein\u00f3 el buen ambiente y compa\u00f1erismo. \ud83e\udd29<br \/>\n \ud83d\udcf8 \u00a1Aqu\u00ed os dejamos un resumen de los mejores momentos!<\/p>\n<p>Ajuntament d&#8217;Alzira  CIJB  GVA Cultura i Esport<br \/><div id=\"fb-root\"><\/div><script>window.fbAsyncInit = function() {FB.init({appId      : '',xfbml      : true,version    : 'v2.5'});var my_video_player;FB.Event.subscribe('xfbml.ready', function(msg) {if (msg.type === 'video') {my_video_player = msg.instance; my_video_player.unmute();}});};(function(d, s, id) {  var js, fjs = d.getElementsByTagName(s)[0];  if (d.getElementById(id)) return;  js = d.createElement(s); js.id = id;  js.src = \"\/\/connect.facebook.net\/en_US\/sdk.js#xfbml=1&version=v2.3\";  fjs.parentNode.insertBefore(js, fjs);}(document, 'script', 'facebook-jssdk'));  <\/script><div class=\"fb-video\"    data-autoplay=\"false\" data-width=\"500\" data-allowfullscreen=\"true\" data-href=\"https:\/\/www.facebook.com\/video.php?v=136655562698996&set=vb.500808182&type=1\"><div class=\"fb-xfbml-parse-ignore\"><\/div><\/div>\n\n\n\t\n\n<br \/>\n<br \/>\n<br \/><a href=\"https:\/\/www.facebook.com\/100063537194811\/posts\/698801805581053\">Source<\/a>  <\/p>\n","protected":false},"excerpt":{"rendered":"<p>Tots els participants del Mundial van poder gaudir d&#8217;un sopar de clausura i una entrega de premis \u00fanica, on va regnar el bon ambient. \ud83e\udd29 \ud83d\udcf8 Ac\u00ed vos deixem un resum dels millors moments! . . .Todos los participantes del #AlziraMundialPilota pudieron disfrutar de una cena de clausura y una entrega de premios \u00fanica, donde [&hellip;]<\/p>\n","protected":false},"author":2,"featured_media":5131,"comment_status":"open","ping_status":"open","sticky":false,"template":"","format":"standard","meta":{"footnotes":""},"categories":[1],"tags":[],"class_list":["post-5130","post","type-post","status-publish","format-standard","has-post-thumbnail","hentry","category-esports-alzira"],"featured_image_src":{"landsacpe":["https:\/\/esportsmunicipalsalzira.com\/wp-content\/uploads\/2023\/04\/333721468_207596798581206_4976059402755176423_n-540x445.jpg",540,445,true],"list":["https:\/\/esportsmunicipalsalzira.com\/wp-content\/uploads\/2023\/04\/333721468_207596798581206_4976059402755176423_n-463x348.jpg",463,348,true],"medium":["https:\/\/esportsmunicipalsalzira.com\/wp-content\/uploads\/2023\/04\/333721468_207596798581206_4976059402755176423_n-169x300.jpg",169,300,true],"full":["https:\/\/esportsmunicipalsalzira.com\/wp-content\/uploads\/2023\/04\/333721468_207596798581206_4976059402755176423_n.jpg",540,960,false]},"_links":{"self":[{"href":"https:\/\/esportsmunicipalsalzira.com\/es\/wp-json\/wp\/v2\/posts\/5130","targetHints":{"allow":["GET"]}}],"collection":[{"href":"https:\/\/esportsmunicipalsalzira.com\/es\/wp-json\/wp\/v2\/posts"}],"about":[{"href":"https:\/\/esportsmunicipalsalzira.com\/es\/wp-json\/wp\/v2\/types\/post"}],"author":[{"embeddable":true,"href":"https:\/\/esportsmunicipalsalzira.com\/es\/wp-json\/wp\/v2\/users\/2"}],"replies":[{"embeddable":true,"href":"https:\/\/esportsmunicipalsalzira.com\/es\/wp-json\/wp\/v2\/comments?post=5130"}],"version-history":[{"count":0,"href":"https:\/\/esportsmunicipalsalzira.com\/es\/wp-json\/wp\/v2\/posts\/5130\/revisions"}],"wp:featuredmedia":[{"embeddable":true,"href":"https:\/\/esportsmunicipalsalzira.com\/es\/wp-json\/wp\/v2\/media\/5131"}],"wp:attachment":[{"href":"https:\/\/esportsmunicipalsalzira.com\/es\/wp-json\/wp\/v2\/media?parent=5130"}],"wp:term":[{"taxonomy":"category","embeddable":true,"href":"https:\/\/esportsmunicipalsalzira.com\/es\/wp-json\/wp\/v2\/categories?post=5130"},{"taxonomy":"post_tag","embeddable":true,"href":"https:\/\/esportsmunicipalsalzira.com\/es\/wp-json\/wp\/v2\/tags?post=5130"}],"curies":[{"name":"wp","href":"https:\/\/api.w.org\/{rel}","templated":true}]}}