{"id":5136,"date":"2023-04-03T07:18:04","date_gmt":"2023-04-03T05:18:04","guid":{"rendered":"https:\/\/esportsmunicipalsalzira.com\/resultatsnbalzirael-cap-de-setmana-ens-deixa-la-victoria-en-un-partit-emocionant-del-maxcolchon-en-la-sempre-complica\/"},"modified":"2023-04-03T07:18:04","modified_gmt":"2023-04-03T05:18:04","slug":"resultatsnbalzirael-cap-de-setmana-ens-deixa-la-victoria-en-un-partit-emocionant-del-maxcolchon-en-la-sempre-complica","status":"publish","type":"post","link":"https:\/\/esportsmunicipalsalzira.com\/es\/resultatsnbalzirael-cap-de-setmana-ens-deixa-la-victoria-en-un-partit-emocionant-del-maxcolchon-en-la-sempre-complica\/","title":{"rendered":"#RESULTATSNBALZIRA El fin de semana nos deja la victoria en un partido emocionante del Maxcolchon en la siempre complica"},"content":{"rendered":"<p><br \/>\n\ud83d\udd35\ud83d\udd34#RESULTADOSNBALZIRA<\/p>\n<p>El fin de semana nos deja la victoria en un emocionante partido del Maxcolchon en la siempre complicada pista de Maristas de Valencia. Pese a la lesi\u00f3n de Carlos Hungr\u00eda, los de Dani Cuenca supieron llevarse un partido apretado que les mantiene en la pelea por la sexta posici\u00f3n y confirmando la gran segunda vuelta que est\u00e1n dando. El Autos Leal no pudo con el Xeraco. Tambi\u00e9n como visitante, el Junior cay\u00f3 en la pista del Cullera. Cara y cruz para las chicas. El Casa Oliver cadete perdi\u00f3 en la pista del CB Quart-Manises, por el contrario el infantil logr\u00f3 la victoria que las clasifica matem\u00e1ticamente para la fase final a la espera de confirmar en qu\u00e9 lugar quedar\u00e1n en esta fase de grupos dos partidos que restan. Nada pudo hacer el Cadete Azul frente a Oliva en su pista. El cadete grana jugar\u00e1 hoy su partido en la pista del Canals. El Infantil Blau gan\u00f3 con cierta comodidad al Mic\u00f3 Ferrandiz. El grana se vio superado en Massanassa. El derbi de alevines se qued\u00f3 en casa, ya que el Laboral IPS gan\u00f3 en el P\u00e9rez Puig al CSA Carcaixent. El Inval M alev\u00ed perdi\u00f3 en la pista del Patronato Bocairent. El Benjam\u00edn A+Idiomas perdi\u00f3 en la pista del Torrent, mientras que el otro Benjam\u00edn de la Liga Mini Intermunicipal perdi\u00f3 en casa ante San Pedro Moixent.<\/p>\n<p><a href=\"https:\/\/scontent-mad2-1.xx.fbcdn.net\/v\/t39.30808-6\/339058850_246310981150970_6394314051612475899_n.jpg?_nc_cat=110&#038;ccb=1-7&#038;_nc_sid=730e14&#038;_nc_ohc=-JGzln8HhrwAX9JqX_B&#038;_nc_ht=scontent-mad2-1.xx&#038;oh=00_AfCI8L_W79KDy5zwLppCv4edg_YIMvem9qH_l2TbN9ZfTA&#038;oe=6434E104\"><img decoding=\"async\" class=\"wp_automatic_fb_img\" title=\"\" src=\"https:\/\/scontent-mad2-1.xx.fbcdn.net\/v\/t39.30808-6\/339058850_246310981150970_6394314051612475899_n.jpg?_nc_cat=110&#038;ccb=1-7&#038;_nc_sid=730e14&#038;_nc_ohc=-JGzln8HhrwAX9JqX_B&#038;_nc_ht=scontent-mad2-1.xx&#038;oh=00_AfCI8L_W79KDy5zwLppCv4edg_YIMvem9qH_l2TbN9ZfTA&#038;oe=6434E104\" \/><\/a><br \/><a href=\"https:\/\/scontent-mad1-1.xx.fbcdn.net\/v\/t39.30808-6\/339109091_1392401064853676_1807546259426665794_n.jpg?_nc_cat=101&#038;ccb=1-7&#038;_nc_sid=730e14&#038;_nc_ohc=HG4-1kekBDkAX9-sTt_&#038;_nc_ht=scontent-mad1-1.xx&#038;oh=00_AfBu1xdbHhNrBL_R0uHBXLrUkFyJUaymDaHc-nGJWAEjTA&#038;oe=6433CC75\"><img decoding=\"async\" class=\"wp_automatic_fb_img\" title=\"\" src=\"https:\/\/scontent-mad1-1.xx.fbcdn.net\/v\/t39.30808-6\/339109091_1392401064853676_1807546259426665794_n.jpg?_nc_cat=101&#038;ccb=1-7&#038;_nc_sid=730e14&#038;_nc_ohc=HG4-1kekBDkAX9-sTt_&#038;_nc_ht=scontent-mad1-1.xx&#038;oh=00_AfBu1xdbHhNrBL_R0uHBXLrUkFyJUaymDaHc-nGJWAEjTA&#038;oe=6433CC75\" \/><\/a><br \/><a href=\"https:\/\/scontent-mad2-1.xx.fbcdn.net\/v\/t39.30808-6\/339401692_905633637317935_6935213240239507467_n.jpg?_nc_cat=104&#038;ccb=1-7&#038;_nc_sid=730e14&#038;_nc_ohc=uW8uQQXmnBgAX-1-Fse&#038;_nc_ht=scontent-mad2-1.xx&#038;oh=00_AfDWaQOHg1_0EqQvD20p0IWh6vWBazKzqBUO4ipdGoWAFg&#038;oe=6434F010\"><img decoding=\"async\" class=\"wp_automatic_fb_img\" title=\"\" src=\"https:\/\/scontent-mad2-1.xx.fbcdn.net\/v\/t39.30808-6\/339401692_905633637317935_6935213240239507467_n.jpg?_nc_cat=104&#038;ccb=1-7&#038;_nc_sid=730e14&#038;_nc_ohc=uW8uQQXmnBgAX-1-Fse&#038;_nc_ht=scontent-mad2-1.xx&#038;oh=00_AfDWaQOHg1_0EqQvD20p0IWh6vWBazKzqBUO4ipdGoWAFg&#038;oe=6434F010\" \/><\/a><br \/><a href=\"https:\/\/scontent-mad2-1.xx.fbcdn.net\/v\/t39.30808-6\/339306023_778081763873926_8219002175591688738_n.jpg?_nc_cat=109&#038;ccb=1-7&#038;_nc_sid=730e14&#038;_nc_ohc=QZ7OdEuG3-MAX9VUMB-&#038;_nc_ht=scontent-mad2-1.xx&#038;oh=00_AfDujagqSGY04lwfN0obxgZmh2OCcUmbChsb_5xBbV_yfA&#038;oe=64333F60\"><img decoding=\"async\" class=\"wp_automatic_fb_img\" title=\"\" src=\"https:\/\/scontent-mad2-1.xx.fbcdn.net\/v\/t39.30808-6\/339306023_778081763873926_8219002175591688738_n.jpg?_nc_cat=109&#038;ccb=1-7&#038;_nc_sid=730e14&#038;_nc_ohc=QZ7OdEuG3-MAX9VUMB-&#038;_nc_ht=scontent-mad2-1.xx&#038;oh=00_AfDujagqSGY04lwfN0obxgZmh2OCcUmbChsb_5xBbV_yfA&#038;oe=64333F60\" \/><\/a><br \/><a href=\"https:\/\/scontent-mad2-1.xx.fbcdn.net\/v\/t39.30808-6\/339120880_1158126371533090_6491654887697422353_n.jpg?_nc_cat=108&#038;ccb=1-7&#038;_nc_sid=730e14&#038;_nc_ohc=09E9WHs1oSwAX_S5g1T&#038;_nc_ht=scontent-mad2-1.xx&#038;oh=00_AfALKYmlCYQqYxcBwfJwBYYFWIZ2hM4LZtaARBGSH3KaBA&#038;oe=64350AE2\"><img decoding=\"async\" class=\"wp_automatic_fb_img\" title=\"\" src=\"https:\/\/scontent-mad2-1.xx.fbcdn.net\/v\/t39.30808-6\/339120880_1158126371533090_6491654887697422353_n.jpg?_nc_cat=108&#038;ccb=1-7&#038;_nc_sid=730e14&#038;_nc_ohc=09E9WHs1oSwAX_S5g1T&#038;_nc_ht=scontent-mad2-1.xx&#038;oh=00_AfALKYmlCYQqYxcBwfJwBYYFWIZ2hM4LZtaARBGSH3KaBA&#038;oe=64350AE2\" \/><\/a><br \/>\n<br \/>\n<br \/><a href=\"https:\/\/www.facebook.com\/100063537194811\/posts\/698107122317188\">source<\/a>  <\/p>","protected":false},"excerpt":{"rendered":"<p>\ud83d\udd35\ud83d\udd34#RESULTATSNBALZIRA El cap de setmana ens deixa la vict\u00f2ria en un partit emocionant del Maxcolchon en la sempre complicada pista de Maristas de Val\u00e8ncia. Malgrat la lesi\u00f3 de Carlos Hungr\u00eda, els de Dani Cuenca van saber endur-se un partit apretat que els mant\u00e9 en la pelea per la sisena posici\u00f3 i confirmant la gran segona [&hellip;]<\/p>\n","protected":false},"author":2,"featured_media":5137,"comment_status":"open","ping_status":"open","sticky":false,"template":"","format":"standard","meta":{"footnotes":""},"categories":[1],"tags":[],"class_list":["post-5136","post","type-post","status-publish","format-standard","has-post-thumbnail","hentry","category-esports-alzira"],"featured_image_src":{"landsacpe":["https:\/\/esportsmunicipalsalzira.com\/wp-content\/uploads\/2023\/04\/339058850_246310981150970_6394314051612475899_n-1140x445.jpg",1140,445,true],"list":["https:\/\/esportsmunicipalsalzira.com\/wp-content\/uploads\/2023\/04\/339058850_246310981150970_6394314051612475899_n-463x348.jpg",463,348,true],"medium":["https:\/\/esportsmunicipalsalzira.com\/wp-content\/uploads\/2023\/04\/339058850_246310981150970_6394314051612475899_n-300x300.jpg",300,300,true],"full":["https:\/\/esportsmunicipalsalzira.com\/wp-content\/uploads\/2023\/04\/339058850_246310981150970_6394314051612475899_n.jpg",1200,1200,false]},"_links":{"self":[{"href":"https:\/\/esportsmunicipalsalzira.com\/es\/wp-json\/wp\/v2\/posts\/5136","targetHints":{"allow":["GET"]}}],"collection":[{"href":"https:\/\/esportsmunicipalsalzira.com\/es\/wp-json\/wp\/v2\/posts"}],"about":[{"href":"https:\/\/esportsmunicipalsalzira.com\/es\/wp-json\/wp\/v2\/types\/post"}],"author":[{"embeddable":true,"href":"https:\/\/esportsmunicipalsalzira.com\/es\/wp-json\/wp\/v2\/users\/2"}],"replies":[{"embeddable":true,"href":"https:\/\/esportsmunicipalsalzira.com\/es\/wp-json\/wp\/v2\/comments?post=5136"}],"version-history":[{"count":0,"href":"https:\/\/esportsmunicipalsalzira.com\/es\/wp-json\/wp\/v2\/posts\/5136\/revisions"}],"wp:featuredmedia":[{"embeddable":true,"href":"https:\/\/esportsmunicipalsalzira.com\/es\/wp-json\/wp\/v2\/media\/5137"}],"wp:attachment":[{"href":"https:\/\/esportsmunicipalsalzira.com\/es\/wp-json\/wp\/v2\/media?parent=5136"}],"wp:term":[{"taxonomy":"category","embeddable":true,"href":"https:\/\/esportsmunicipalsalzira.com\/es\/wp-json\/wp\/v2\/categories?post=5136"},{"taxonomy":"post_tag","embeddable":true,"href":"https:\/\/esportsmunicipalsalzira.com\/es\/wp-json\/wp\/v2\/tags?post=5136"}],"curies":[{"name":"wp","href":"https:\/\/api.w.org\/{rel}","templated":true}]}}